{"id":111988,"date":"2022-05-26T05:45:00","date_gmt":"2022-05-26T08:45:00","guid":{"rendered":"https:\/\/grandepremio.com\/br\/noticias\/leiws-hamilton-achou-f1-2022-jornalistas-debatem\/"},"modified":"2022-05-25T17:15:50","modified_gmt":"2022-05-25T20:15:50","slug":"leiws-hamilton-achou-f1-2022-jornalistas-debatem","status":"publish","type":"post","link":"https:\/\/grandepremio.com\/br\/f1\/leiws-hamilton-achou-f1-2022-jornalistas-debatem\/","title":{"rendered":"Hamilton se achou na F1 2022? Jornalistas debatem"},"content":{"rendered":"\n<p class=\"wp-block-paragraph\">\u00c9 verdade que Lewis Hamilton vinha sofrendo com um W13 bastante problem\u00e1tico neste in\u00edcio de 2022. Mas, ap\u00f3s o ritmo apresentado na Espanha, o heptacampe\u00e3o parecer sair aliviado com as atualiza\u00e7\u00f5es da Mercedes \u2014 inclusive, o pr\u00f3prio Toto Wolff disse que, n\u00e3o fosse o toque de Kevin Magnussen, o #44 poderia ter lutado pela vit\u00f3ria. E a\u00ed, Hamilton achou um bom caminho na temporada? Foi a discuss\u00e3o do Paddock GP #288.<\/p>\n\n\n\n<p class=\"wp-block-paragraph\"><strong>Assista ao trecho completo abaixo:<\/strong><\/p>\n\n\n\n<figure class=\"wp-block-embed is-type-rich is-provider-incorporar-manipulador wp-block-embed-incorporar-manipulador wp-embed-aspect-16-9 wp-has-aspect-ratio\"><div class=\"wp-block-embed__wrapper\">\nhttps:\/\/www.youtube.com\/watch?v=9ak5EoNUz7g?start=5122\n<\/div><\/figure>\n\n\n\n<p class=\"wp-block-paragraph\"><\/p>\n\n\n\n<p class=\"wp-block-paragraph\"><strong>\u25b6\ufe0f&nbsp;Inscreva-se nos dois canais do GRANDE PR\u00caMIO no YouTube:&nbsp;<a href=\"https:\/\/www.youtube.com\/channel\/UC9OlHEgxoaY6QY6nWPoiqQg?sub_confirmation=1\" target=\"_blank\" rel=\"noreferrer noopener\">GP<\/a>&nbsp;|&nbsp;<a href=\"https:\/\/www.youtube.com\/channel\/UC9csiS6q_C3C0FYhyr1rnFA?sub_confirmation=1\" target=\"_blank\" rel=\"noreferrer noopener\">GP2<\/a><\/strong><\/p>\n","protected":false},"excerpt":{"rendered":"<p>Ser\u00e1 que o heptacampe\u00e3o agora vai encontrar caminhos melhores na F1 2022? Foi a discuss\u00e3o do Paddock GP #288<\/p>\n","protected":false},"author":0,"featured_media":1000573614,"comment_status":"closed","ping_status":"closed","sticky":false,"template":"","format":"standard","meta":{"42wp_featured_image_caption":"","42wp_featured_image_credits":"","42wp_featured_video":"","42wp_featured_image_hidden":false,"42wp_authors_list":[],"footnotes":""},"categories":[2],"tags":[29576,304,2154,207,230,996,24836,82,1537,29362,204,486],"42wp_author":[47139],"class_list":["post-111988","post","type-post","status-publish","format-standard","has-post-thumbnail","hentry","category-f1","tag-analises","tag-barcelona","tag-evelyn-guimaraes","tag-ferrari","tag-gabriel-curty","tag-gp-da-espanha","tag-grande-premio-2","tag-mercedes","tag-paddock-gp","tag-programas-grande-premio-2","tag-red-bull","tag-victor-martins","42wp_author-ana-cerveira"],"_links":{"self":[{"href":"https:\/\/grandepremio.com\/br\/wp-json\/wp\/v2\/posts\/111988","targetHints":{"allow":["GET"]}}],"collection":[{"href":"https:\/\/grandepremio.com\/br\/wp-json\/wp\/v2\/posts"}],"about":[{"href":"https:\/\/grandepremio.com\/br\/wp-json\/wp\/v2\/types\/post"}],"replies":[{"embeddable":true,"href":"https:\/\/grandepremio.com\/br\/wp-json\/wp\/v2\/comments?post=111988"}],"version-history":[{"count":0,"href":"https:\/\/grandepremio.com\/br\/wp-json\/wp\/v2\/posts\/111988\/revisions"}],"wp:featuredmedia":[{"embeddable":true,"href":"https:\/\/grandepremio.com\/br\/wp-json\/wp\/v2\/media\/1000573614"}],"wp:attachment":[{"href":"https:\/\/grandepremio.com\/br\/wp-json\/wp\/v2\/media?parent=111988"}],"wp:term":[{"taxonomy":"category","embeddable":true,"href":"https:\/\/grandepremio.com\/br\/wp-json\/wp\/v2\/categories?post=111988"},{"taxonomy":"post_tag","embeddable":true,"href":"https:\/\/grandepremio.com\/br\/wp-json\/wp\/v2\/tags?post=111988"},{"taxonomy":"42wp_author","embeddable":true,"href":"https:\/\/grandepremio.com\/br\/wp-json\/wp\/v2\/42wp_author?post=111988"}],"curies":[{"name":"wp","href":"https:\/\/api.w.org\/{rel}","templated":true}]}}