{"id":111990,"date":"2022-05-26T05:15:00","date_gmt":"2022-05-26T08:15:00","guid":{"rendered":"https:\/\/grandepremio.com\/br\/noticias\/alphatauri-leva-culpa-esempenho-abaixo-pierre-gasly-2022-diz-gabriel-curty\/"},"modified":"2022-05-25T17:13:22","modified_gmt":"2022-05-25T20:13:22","slug":"alphatauri-leva-culpa-esempenho-abaixo-pierre-gasly-2022-diz-gabriel-curty","status":"publish","type":"post","link":"https:\/\/grandepremio.com\/br\/f1\/alphatauri-leva-culpa-esempenho-abaixo-pierre-gasly-2022-diz-gabriel-curty\/","title":{"rendered":"AlphaTauri ainda leva culpa por desempenho abaixo de Gasly em 2022, diz Gabriel Curty"},"content":{"rendered":"\n<p class=\"wp-block-paragraph\">A AlphaTauri parece ainda perdida com o carro na F\u00f3rmula 1 2022. Enfrentando muitos problemas, seus dois pilotos t\u00eam dificuldades para conseguir brigar \u00e0 frente, como em 2021. E, para Gabriel Curty, a equipe ainda tem a maior parcela de culpa em rela\u00e7\u00e3o ao baixo desempenho de Pierre Gasly. <\/p>\n\n\n\n<p class=\"wp-block-paragraph\"><strong>Assista ao trecho completo abaixo:<\/strong><\/p>\n\n\n\n<figure class=\"wp-block-embed is-type-rich is-provider-incorporar-manipulador wp-block-embed-incorporar-manipulador wp-embed-aspect-16-9 wp-has-aspect-ratio\"><div class=\"wp-block-embed__wrapper\">\nhttps:\/\/www.youtube.com\/watch?v=9ak5EoNUz7g?start=6273\n<\/div><\/figure>\n\n\n\n<p class=\"wp-block-paragraph\"><strong>\u25b6\ufe0f&nbsp;Inscreva-se nos dois canais do GRANDE PR\u00caMIO no YouTube:&nbsp;<a href=\"https:\/\/www.youtube.com\/channel\/UC9OlHEgxoaY6QY6nWPoiqQg?sub_confirmation=1\" target=\"_blank\" rel=\"noreferrer noopener\">GP<\/a>&nbsp;|&nbsp;<a href=\"https:\/\/www.youtube.com\/channel\/UC9csiS6q_C3C0FYhyr1rnFA?sub_confirmation=1\" target=\"_blank\" rel=\"noreferrer noopener\">GP2<\/a><\/strong><\/p>\n","protected":false},"excerpt":{"rendered":"<p>Para Gabriel Curty, a equipe de Faenza ainda tem a maior parcela de culpa pelo rendimento abaixo de Pierre Gasly em 2022<\/p>\n","protected":false},"author":0,"featured_media":1000574165,"comment_status":"closed","ping_status":"closed","sticky":false,"template":"","format":"standard","meta":{"42wp_featured_image_caption":"","42wp_featured_image_credits":"","42wp_featured_video":"","42wp_featured_image_hidden":false,"42wp_authors_list":[],"footnotes":""},"categories":[2],"tags":[304,2154,207,230,996,24836,82,1537,29362,204,486],"42wp_author":[47139],"class_list":["post-111990","post","type-post","status-publish","format-standard","has-post-thumbnail","hentry","category-f1","tag-barcelona","tag-evelyn-guimaraes","tag-ferrari","tag-gabriel-curty","tag-gp-da-espanha","tag-grande-premio-2","tag-mercedes","tag-paddock-gp","tag-programas-grande-premio-2","tag-red-bull","tag-victor-martins","42wp_author-ana-cerveira"],"_links":{"self":[{"href":"https:\/\/grandepremio.com\/br\/wp-json\/wp\/v2\/posts\/111990","targetHints":{"allow":["GET"]}}],"collection":[{"href":"https:\/\/grandepremio.com\/br\/wp-json\/wp\/v2\/posts"}],"about":[{"href":"https:\/\/grandepremio.com\/br\/wp-json\/wp\/v2\/types\/post"}],"replies":[{"embeddable":true,"href":"https:\/\/grandepremio.com\/br\/wp-json\/wp\/v2\/comments?post=111990"}],"version-history":[{"count":0,"href":"https:\/\/grandepremio.com\/br\/wp-json\/wp\/v2\/posts\/111990\/revisions"}],"wp:featuredmedia":[{"embeddable":true,"href":"https:\/\/grandepremio.com\/br\/wp-json\/wp\/v2\/media\/1000574165"}],"wp:attachment":[{"href":"https:\/\/grandepremio.com\/br\/wp-json\/wp\/v2\/media?parent=111990"}],"wp:term":[{"taxonomy":"category","embeddable":true,"href":"https:\/\/grandepremio.com\/br\/wp-json\/wp\/v2\/categories?post=111990"},{"taxonomy":"post_tag","embeddable":true,"href":"https:\/\/grandepremio.com\/br\/wp-json\/wp\/v2\/tags?post=111990"},{"taxonomy":"42wp_author","embeddable":true,"href":"https:\/\/grandepremio.com\/br\/wp-json\/wp\/v2\/42wp_author?post=111990"}],"curies":[{"name":"wp","href":"https:\/\/api.w.org\/{rel}","templated":true}]}}