{"id":112073,"date":"2022-05-22T15:21:48","date_gmt":"2022-05-22T18:21:48","guid":{"rendered":"https:\/\/grandepremio.com\/br\/noticias\/mclaren-lando-norris-correu-espanha-amidalite-agora-precisa-descansar\/"},"modified":"2022-05-22T15:21:56","modified_gmt":"2022-05-22T18:21:56","slug":"mclaren-lando-norris-correu-espanha-amidalite-agora-precisa-descansar","status":"publish","type":"post","link":"https:\/\/grandepremio.com\/br\/f1\/mclaren-lando-norris-correu-espanha-amidalite-agora-precisa-descansar\/","title":{"rendered":"McLaren revela que Norris correu na Espanha com amidalite: &#8220;Agora precisa descansar&#8221;"},"content":{"rendered":"\n<figure class=\"wp-block-embed is-type-video is-provider-youtube wp-block-embed-youtube wp-embed-aspect-16-9 wp-has-aspect-ratio\"><div class=\"wp-block-embed__wrapper\">\n<iframe loading=\"lazy\" title=\"F\u00d3RMULA 1 2022: TUDO SOBRE A VIT\u00d3RIA DE MAX VERSTAPPEN NO GP DA ESPANHA DE F1 | Briefing\" width=\"500\" height=\"281\" src=\"https:\/\/www.youtube.com\/embed\/p9lZq2IZud8?feature=oembed\" frameborder=\"0\" allow=\"accelerometer; autoplay; clipboard-write; encrypted-media; gyroscope; picture-in-picture; web-share\" referrerpolicy=\"strict-origin-when-cross-origin\" allowfullscreen><\/iframe>\n<\/div><figcaption>F\u00d3RMULA 1 2022: TUDO SOBRE O GP DA ESPANHA | Briefing<\/figcaption><\/figure>\n\n\n\n<p class=\"wp-block-paragraph\">O fim de semana do <strong><a href=\"https:\/\/www.grandepremio.com\/br\/f1\/noticias\/max-verstappen-tripleta-vence-gp-da-espanha-1-2-red-bull-charles-leclerc-abandona\/\" class=\"ek-link\">GP da Espanha<\/a><\/strong>, que terminou neste domingo (22), foi fisicamente dif\u00edcil para Lando Norris. O piloto passou os \u00faltimos dias sofrendo com amidalite, segundo informa\u00e7\u00e3o do chefe da McLaren, Andreas Seidl. Por isso, sequer cumpriu obriga\u00e7\u00f5es com a imprensa ap\u00f3s a prova em Barcelona e foi mandado direto para casa.<\/p>\n\n\n\n<p class=\"wp-block-paragraph\"><strong>\u25b6\ufe0f\u00a0Inscreva-se nos dois canais do GRANDE PR\u00caMIO no YouTube:\u00a0<a href=\"https:\/\/www.youtube.com\/channel\/UC9OlHEgxoaY6QY6nWPoiqQg?sub_confirmation=1\" target=\"_blank\" rel=\"noreferrer noopener\">GP<\/a>\u00a0|\u00a0<a href=\"https:\/\/www.youtube.com\/channel\/UC9csiS6q_C3C0FYhyr1rnFA?sub_confirmation=1\" target=\"_blank\" rel=\"noreferrer noopener\">GP2<\/a><\/strong><\/p>\n\n\n\n<p class=\"wp-block-paragraph\">Seidl falou sobre o assunto logo depois do GP da Espanha. Sobretudo no s\u00e1bado, Norris se sentiu muito mal ao longo do dia, algo que piorou com o desgaste da classifica\u00e7\u00e3o. Mesmo assim, ap\u00f3s avalia\u00e7\u00e3o m\u00e9dica, foi liberado para correr. Com uma pr\u00f3xima prova j\u00e1 na semana que vem, a recupera\u00e7\u00e3o \u00e9 urg\u00eancia.<\/p>\n\n\n\n<p class=\"wp-block-paragraph\">&#8220;Claro que n\u00e3o se sentiu bem o fim de semana todo com o n\u00edvel de energia baixo por conta da amidalite de que est\u00e1 sofrendo. Foi uma corrida muito desafiadora, especialmente com as temperaturas altas, ent\u00e3o ele estava bem desgastado no fim da corrida e depois da corrida, mas agrade\u00e7o ao suporte m\u00e9dico \u00f3timo que ele tem ao redor dele&#8221;, afirmou.<\/p>\n\n\n\n<p class=\"wp-block-paragraph\">&#8220;O objetivo \u00e9 melhorar nos pr\u00f3ximos quatro dias. Sugerimos que ele v\u00e1 para casa e descanse neste tempo antes que todos n\u00f3s cheguemos a M\u00f4naco&#8221;, contou.<\/p>\n\n\n\n<figure class=\"wp-block-image size-large\"><img decoding=\"async\" src=\"https:\/\/www.grandepremio.com\/br\/wp-content\/uploads\/2022\/05\/mclaren-landonorris-02-2-1024x682.jpg\" alt=\"\" class=\"wp-image-574185\"\/><figcaption>Lando Norris correu com amidalite (Foto: McLaren)<\/figcaption><\/figure>\n\n\n\n<p class=\"wp-block-paragraph\">Mesmo com a dificuldade f\u00edsica, Norris terminou na oitava coloca\u00e7\u00e3o e marcou quatro pontos, enquanto o companheiro Daniel Ricciardo foi somente 12\u00ba.<\/p>\n\n\n\n<p class=\"wp-block-paragraph\">&#8220;N\u00e3o posso agradecer o bastante por ele ter batalhado e mostrado esp\u00edrito de luta, porque, no fim das contas, permitiu que marc\u00e1ssemos quatro pontos hoje. Foi \u00f3timo ver o comprometimento dele, mas \u00e9 claro que temos um m\u00e9dico envolvido em decis\u00f5es assim. Jamais arriscar\u00edamos a sa\u00fade de Lando, tamb\u00e9m quero ser claro nessa parte. Depois que o m\u00e9dico deu a permiss\u00e3o e Lando disse que dava para ir, tamb\u00e9m demos luz verde&#8221;, explicou.<\/p>\n\n\n\n<p class=\"wp-block-paragraph\">A situa\u00e7\u00e3o da McLaren, por\u00e9m, n\u00e3o chega a ser t\u00e3o confort\u00e1vel, uma vez que a pr\u00f3xima corrida est\u00e1 t\u00e3o pr\u00f3xima. Caso Norris n\u00e3o tenha condi\u00e7\u00f5es de guiar no Principado, a equipe n\u00e3o tem um reserva pr\u00f3prio. Tem, entretanto, a chance de aproveitar os reservas de Mercedes e Alpine, com quem tem acordo. Nyck de Vries e Stoffel Vandoorne da parte dos alem\u00e3es e Oscar Piastri, dos franceses.<\/p>\n\n\n\n<p class=\"wp-block-paragraph\">O\u00a0<strong>GRANDE PR\u00caMIO<\/strong>\u00a0cobre in loco as a\u00e7\u00f5es da categoria no Circuito de Barcelona-Catalunha\u00a0com Eric Calduch. A F\u00f3rmula 1 retorna j\u00e1 no pr\u00f3ximo fim de semana, entre os dias 27-29 de maio com o GP de M\u00f4naco, nas ruas de Monte Carlo.<\/p>\n\n\n\n<figure class=\"wp-block-embed is-type-rich is-provider-spotify wp-block-embed-spotify wp-embed-aspect-21-9 wp-has-aspect-ratio\"><div class=\"wp-block-embed__wrapper\">\n<iframe title=\"Spotify Embed: Paddockast #148: O que est\u00e1 em jogo no GP da Espanha mais pesado dos \u00faltimos tempos\" style=\"border-radius: 12px\" width=\"100%\" height=\"152\" frameborder=\"0\" allowfullscreen allow=\"autoplay; clipboard-write; encrypted-media; fullscreen; picture-in-picture\" loading=\"lazy\" src=\"https:\/\/open.spotify.com\/embed\/episode\/5xSobr1RO6Jxh6JzWgfhBL?utm_source=oembed\"><\/iframe>\n<\/div><figcaption>Paddockast #148: O que est\u00e1 em jogo no GP da Espanha mais pesado dos \u00faltimos tempos<\/figcaption><\/figure>\n","protected":false},"excerpt":{"rendered":"<p>Andreas Seidl, chefe da McLaren, informou que Lando Norris n\u00e3o deu entrevistas porque passou todo o fim de semana doente<\/p>\n","protected":false},"author":0,"featured_media":1000574186,"comment_status":"closed","ping_status":"closed","sticky":false,"template":"","format":"standard","meta":{"42wp_featured_image_caption":"","42wp_featured_image_credits":"","42wp_featured_video":"","42wp_featured_image_hidden":false,"42wp_authors_list":[],"footnotes":""},"categories":[2],"tags":[],"42wp_author":[47132,47120],"class_list":["post-112073","post","type-post","status-publish","format-standard","has-post-thumbnail","hentry","category-f1","42wp_author-eric-calduch","42wp_author-pedro-henrique-marum"],"_links":{"self":[{"href":"https:\/\/grandepremio.com\/br\/wp-json\/wp\/v2\/posts\/112073","targetHints":{"allow":["GET"]}}],"collection":[{"href":"https:\/\/grandepremio.com\/br\/wp-json\/wp\/v2\/posts"}],"about":[{"href":"https:\/\/grandepremio.com\/br\/wp-json\/wp\/v2\/types\/post"}],"replies":[{"embeddable":true,"href":"https:\/\/grandepremio.com\/br\/wp-json\/wp\/v2\/comments?post=112073"}],"version-history":[{"count":0,"href":"https:\/\/grandepremio.com\/br\/wp-json\/wp\/v2\/posts\/112073\/revisions"}],"wp:featuredmedia":[{"embeddable":true,"href":"https:\/\/grandepremio.com\/br\/wp-json\/wp\/v2\/media\/1000574186"}],"wp:attachment":[{"href":"https:\/\/grandepremio.com\/br\/wp-json\/wp\/v2\/media?parent=112073"}],"wp:term":[{"taxonomy":"category","embeddable":true,"href":"https:\/\/grandepremio.com\/br\/wp-json\/wp\/v2\/categories?post=112073"},{"taxonomy":"post_tag","embeddable":true,"href":"https:\/\/grandepremio.com\/br\/wp-json\/wp\/v2\/tags?post=112073"},{"taxonomy":"42wp_author","embeddable":true,"href":"https:\/\/grandepremio.com\/br\/wp-json\/wp\/v2\/42wp_author?post=112073"}],"curies":[{"name":"wp","href":"https:\/\/api.w.org\/{rel}","templated":true}]}}