{"id":112078,"date":"2022-05-22T14:19:00","date_gmt":"2022-05-22T17:19:00","guid":{"rendered":"https:\/\/grandepremio.com\/br\/noticias\/max-verstappen-assume-lideranca-formula-1-apos-vitoria-espanha-confira-classificacao\/"},"modified":"2022-05-22T14:19:50","modified_gmt":"2022-05-22T17:19:50","slug":"max-verstappen-assume-lideranca-formula-1-apos-vitoria-espanha-confira-classificacao","status":"publish","type":"post","link":"https:\/\/grandepremio.com\/br\/f1\/max-verstappen-assume-lideranca-formula-1-apos-vitoria-espanha-confira-classificacao\/","title":{"rendered":"Verstappen assume lideran\u00e7a da F1 2022 com vit\u00f3ria na Espanha. Confira classifica\u00e7\u00e3o"},"content":{"rendered":"\n<figure class=\"wp-block-embed is-type-video is-provider-youtube wp-block-embed-youtube wp-embed-aspect-16-9 wp-has-aspect-ratio\"><div class=\"wp-block-embed__wrapper\">\n<iframe loading=\"lazy\" title=\"F\u00d3RMULA 1 2022: TUDO SOBRE A VIT\u00d3RIA DE MAX VERSTAPPEN NO GP DA ESPANHA DE F1 | Briefing\" width=\"500\" height=\"281\" src=\"https:\/\/www.youtube.com\/embed\/p9lZq2IZud8?feature=oembed\" frameborder=\"0\" allow=\"accelerometer; autoplay; clipboard-write; encrypted-media; gyroscope; picture-in-picture; web-share\" referrerpolicy=\"strict-origin-when-cross-origin\" allowfullscreen><\/iframe>\n<\/div><figcaption>F\u00d3RMULA 1 2022: TUDO SOBRE O GP DA ESPANHA | Briefing<\/figcaption><\/figure>\n\n\n\n<p class=\"wp-block-paragraph\">O Mundial de F\u00f3rmula 1 da temporada 2022 tem um novo l\u00edder. Ap\u00f3s cinco corridas com Charles Leclerc na ponta, agora \u00e9 o campe\u00e3o vigente Max Verstappen quem controla as a\u00e7\u00f5es na F1. Com <strong><a href=\"https:\/\/www.grandepremio.com\/br\/f1\/noticias\/max-verstappen-tripleta-vence-gp-da-espanha-1-2-red-bull-charles-leclerc-abandona\/\" class=\"ek-link\">a vit\u00f3ria no GP da Espanha deste domingo (22)<\/a><\/strong>, o holand\u00eas chegou a 110 pontos e ultrapassou Leclerc, que tem 104.<\/p>\n\n\n\n<p class=\"wp-block-paragraph\"><strong>\u25b6\ufe0f&nbsp;Inscreva-se nos dois canais do GRANDE PR\u00caMIO no YouTube:&nbsp;<a href=\"https:\/\/www.youtube.com\/channel\/UC9OlHEgxoaY6QY6nWPoiqQg?sub_confirmation=1\" target=\"_blank\" rel=\"noreferrer noopener\">GP<\/a>&nbsp;|&nbsp;<a href=\"https:\/\/www.youtube.com\/channel\/UC9csiS6q_C3C0FYhyr1rnFA?sub_confirmation=1\" target=\"_blank\" rel=\"noreferrer noopener\">GP2<\/a><\/strong><\/p>\n\n\n\n<p class=\"wp-block-paragraph\">Justi\u00e7a seja feita: Leclerc tinha a vit\u00f3ria nas m\u00e3os em Barcelona at\u00e9 que um problema no motor Ferrari fez com que tivesse de abandonar. Assim, estacionou nos 104 pontos e viu sufocar uma dianteira de 19 que ainda tinha mesmo ap\u00f3s as vit\u00f3rias de Verstappen em \u00cdmola e Miami.<\/p>\n\n\n\n<p class=\"wp-block-paragraph\">Sergio P\u00e9rez tem 85 pontos ap\u00f3s mais um segundo lugar e est\u00e1 isolado na terceira coloca\u00e7\u00e3o do campeonato, seguido de George Russell, com 74 que continua sendo o \u00fanico piloto a terminar entre os cinco primeiros nas seis corridas do ano. Carlos Sainz tem 65 pontos e segue em quinto no que \u00e9 uma temporada decepcionante at\u00e9 agora.<\/p>\n\n\n\n<p class=\"wp-block-paragraph\"><strong>+ <a href=\"https:\/\/www.grandepremio.com\/br\/f1\/classificacao\/\" class=\"ek-link\">A CLASSIFICA\u00c7\u00c3O DOS MUNDIAIS DE PILOTOS E DE CONSTRUTORES AP\u00d3S O GP DA ESPANHA<\/a><\/strong><\/p>\n\n\n\n<figure class=\"wp-block-image size-large\"><img decoding=\"async\" src=\"https:\/\/www.grandepremio.com\/br\/wp-content\/uploads\/2022\/05\/SI202205220415_hires_jpeg_24bit_rgb-1024x661.jpg\" alt=\"\" class=\"wp-image-574235\"\/><figcaption>Max Verstappen venceu a terceira seguida (Foto: Red Bull Content Pool)<\/figcaption><\/figure>\n\n\n\n<p class=\"wp-block-paragraph\">Lewis Hamilton \u00e9 o sexto e tem 46 pontos. O top-10 da temporada da F\u00f3rmula 1 termina com Lando Norris (39), Valtteri Bottas (38), Esteban Ocon (30) e Kevin Magnussen (15). Entre os 20 titulares, Mick Schumacher e Nicholas Latifi s\u00e3o os \u00fanicos que ainda est\u00e3o zerados.<\/p>\n\n\n\n<p class=\"wp-block-paragraph\">No Mundial de Construtores, a dobradinha tamb\u00e9m impulsionou a Red Bull aos 195 pontos e lideran\u00e7a. A Ferrari tem 169, ao passo que a Mercedes, \u00fanica outra a passar da marca centen\u00e1ria, tem 120. McLaren (50), Alfa Romeo (39), Alpine (34), AlphaTauri (17), Haas (15), Aston Martin (6) e Williams (3) encerram a lista.<\/p>\n\n\n\n<p class=\"wp-block-paragraph\">O&nbsp;<strong>GRANDE PR\u00caMIO<\/strong>&nbsp;cobre in loco as a\u00e7\u00f5es da categoria no Circuito de Barcelona-Catalunha&nbsp;com Eric Calduch. A F\u00f3rmula 1 retorna j\u00e1 no pr\u00f3ximo fim de semana, entre os dias 27-29 de maio com o GP de M\u00f4naco, nas ruas de Monte Carlo.<\/p>\n","protected":false},"excerpt":{"rendered":"<p>Max Verstappen enfim tomou a lideran\u00e7a do Mundial de Pilotos ap\u00f3s vencer o GP da Espanha e ver Charles Leclerc abandonar<\/p>\n","protected":false},"author":0,"featured_media":1000574237,"comment_status":"closed","ping_status":"closed","sticky":false,"template":"","format":"standard","meta":{"42wp_featured_image_caption":"","42wp_featured_image_credits":"","42wp_featured_video":"","42wp_featured_image_hidden":false,"42wp_authors_list":[],"footnotes":""},"categories":[2],"tags":[654,457,524,20491,309,546,209,211,302,1357,176,207,31064,800,996,24836,28285,3746,119,117,547,87,203,90,82,1294,801,676,204,210,30309,612,215,597],"42wp_author":[47132,47120],"class_list":["post-112078","post","type-post","status-publish","format-standard","has-post-thumbnail","hentry","category-f1","tag-alexander-albon","tag-alfa-romeo","tag-alphatauri","tag-alpine","tag-aston-martin","tag-carlos-sainz","tag-charles-leclerc","tag-daniel-ricciardo","tag-esteban-ocon","tag-f1-2022","tag-fernando-alonso","tag-ferrari","tag-formula-1-2022-3","tag-george-russell","tag-gp-da-espanha","tag-grande-premio-2","tag-grandepremio","tag-guanyu-zhou","tag-haas","tag-kevin-magnussen","tag-lando-norris","tag-lewis-hamilton","tag-max-verstappen","tag-mclaren","tag-mercedes","tag-mick-schumacher","tag-nicholas-latifi","tag-pierre-gasly","tag-red-bull","tag-sebastian-vettel","tag-sergio-perez-4","tag-valtteri-bottas","tag-williams","tag-yuki-tsunoda","42wp_author-eric-calduch","42wp_author-pedro-henrique-marum"],"_links":{"self":[{"href":"https:\/\/grandepremio.com\/br\/wp-json\/wp\/v2\/posts\/112078","targetHints":{"allow":["GET"]}}],"collection":[{"href":"https:\/\/grandepremio.com\/br\/wp-json\/wp\/v2\/posts"}],"about":[{"href":"https:\/\/grandepremio.com\/br\/wp-json\/wp\/v2\/types\/post"}],"replies":[{"embeddable":true,"href":"https:\/\/grandepremio.com\/br\/wp-json\/wp\/v2\/comments?post=112078"}],"version-history":[{"count":0,"href":"https:\/\/grandepremio.com\/br\/wp-json\/wp\/v2\/posts\/112078\/revisions"}],"wp:featuredmedia":[{"embeddable":true,"href":"https:\/\/grandepremio.com\/br\/wp-json\/wp\/v2\/media\/1000574237"}],"wp:attachment":[{"href":"https:\/\/grandepremio.com\/br\/wp-json\/wp\/v2\/media?parent=112078"}],"wp:term":[{"taxonomy":"category","embeddable":true,"href":"https:\/\/grandepremio.com\/br\/wp-json\/wp\/v2\/categories?post=112078"},{"taxonomy":"post_tag","embeddable":true,"href":"https:\/\/grandepremio.com\/br\/wp-json\/wp\/v2\/tags?post=112078"},{"taxonomy":"42wp_author","embeddable":true,"href":"https:\/\/grandepremio.com\/br\/wp-json\/wp\/v2\/42wp_author?post=112078"}],"curies":[{"name":"wp","href":"https:\/\/api.w.org\/{rel}","templated":true}]}}