{"id":112080,"date":"2022-05-22T14:10:33","date_gmt":"2022-05-22T17:10:33","guid":{"rendered":"https:\/\/grandepremio.com\/br\/noticias\/esteban-ocon-admite-surpresa-vibra-pontos-alpine-espanha-grande-corrida-fizemos\/"},"modified":"2022-05-22T14:18:17","modified_gmt":"2022-05-22T17:18:17","slug":"esteban-ocon-admite-surpresa-vibra-pontos-alpine-espanha-grande-corrida-fizemos","status":"publish","type":"post","link":"https:\/\/grandepremio.com\/br\/f1\/esteban-ocon-admite-surpresa-vibra-pontos-alpine-espanha-grande-corrida-fizemos\/","title":{"rendered":"Ocon admite surpresa e vibra com pontos na Espanha: &#8220;Que grande corrida fizemos&#8221;"},"content":{"rendered":"\n<figure class=\"wp-block-embed is-type-video is-provider-youtube wp-block-embed-youtube wp-embed-aspect-16-9 wp-has-aspect-ratio\"><div class=\"wp-block-embed__wrapper\">\n<iframe loading=\"lazy\" title=\"F\u00d3RMULA 1 2022: TUDO SOBRE A VIT\u00d3RIA DE MAX VERSTAPPEN NO GP DA ESPANHA DE F1 | Briefing\" width=\"500\" height=\"281\" src=\"https:\/\/www.youtube.com\/embed\/p9lZq2IZud8?feature=oembed\" frameborder=\"0\" allow=\"accelerometer; autoplay; clipboard-write; encrypted-media; gyroscope; picture-in-picture; web-share\" referrerpolicy=\"strict-origin-when-cross-origin\" allowfullscreen><\/iframe>\n<\/div><figcaption>F\u00d3RMULA 1 2022: TUDO SOBRE O GP DA ESPANHA | Briefing<\/figcaption><\/figure>\n\n\n\n<p class=\"wp-block-paragraph\">A Alpine se recuperou. Depois de um s\u00e1bado assustador para uma equipe que trazia atualiza\u00e7\u00f5es e grandes expectativas, o <strong><a href=\"https:\/\/www.grandepremio.com\/br\/f1\/noticias\/max-verstappen-tripleta-vence-gp-da-espanha-1-2-red-bull-charles-leclerc-abandona\/\" class=\"ek-link\">GP da Espanha<\/a><\/strong> deste domingo (22) serviu como uma recupera\u00e7\u00e3o. Esteban Ocon admitiu que ver os dois pilotos nos pontos foi surpreendente e terminou deixando claro que ficou muito satisfeito.<\/p>\n\n\n\n<p class=\"wp-block-paragraph\"><strong>\u25b6\ufe0f\u00a0Inscreva-se nos dois canais do GRANDE PR\u00caMIO no YouTube:\u00a0<a href=\"https:\/\/www.youtube.com\/channel\/UC9OlHEgxoaY6QY6nWPoiqQg?sub_confirmation=1\" target=\"_blank\" rel=\"noreferrer noopener\">GP<\/a>\u00a0|\u00a0<a href=\"https:\/\/www.youtube.com\/channel\/UC9csiS6q_C3C0FYhyr1rnFA?sub_confirmation=1\" target=\"_blank\" rel=\"noreferrer noopener\">GP2<\/a><\/strong><\/p>\n\n\n\n<p class=\"wp-block-paragraph\">Ocon largou no 12\u00ba lugar, enquanto Fernando Alonso fez o 17\u00ba tempo e foi punido ap\u00f3s a Alpine resolver trocar o motor &#8211; assim, largou em \u00faltimo. Mesmo assim, o franc\u00eas terminou em s\u00e9timo e o espanhol ficou na nona coloca\u00e7\u00e3o. Mais do que satisfat\u00f3rio para o domingo, mas com a lembran\u00e7a de que \u00e9 necess\u00e1rio melhorar aos s\u00e1bados.<\/p>\n\n\n\n<p class=\"wp-block-paragraph\">\u201cQue grande corrida que fizemos, estou muito feliz com o resultado e a sensa\u00e7\u00e3o \u00e9 quase de vit\u00f3ria&#8221;, desabafou.<\/p>\n\n\n\n<figure class=\"wp-block-image size-large\"><img decoding=\"async\" src=\"https:\/\/www.grandepremio.com\/br\/wp-content\/uploads\/2022\/05\/alpine-estebanocon-02-3-1024x683.jpg\" alt=\"\" class=\"wp-image-573600\"\/><figcaption>Esteban Ocon terminou em s\u00e9timo (Foto: Alpine)<\/figcaption><\/figure>\n\n\n\n<p class=\"wp-block-paragraph\">&#8220;Quer\u00edamos pontos, mas n\u00e3o esper\u00e1vamos realmente que acontecesse, porque nossa classifica\u00e7\u00e3o n\u00e3o foi nada boa. Fomos 12\u00ba e 17\u00ba [Alonso], respectivamente, por isso ambos os carros terminarem nos pontos mostra a velocidade que temos&#8221;, afirmou.<\/p>\n\n\n\n<p class=\"wp-block-paragraph\">&#8220;Conseguimos boas ultrapassagens e foi um bom pr\u00eamio para todos na equipe. Vimos os ganhos nas atualiza\u00e7\u00f5es que trouxemos para esta corrida. As ultrapassagens foram complicadas, mas foi melhor do que no ano passado. Conseguimos seguir mais de perto na \u00faltima curva e fazer a manobra na curva um&#8221;, apontou.<\/p>\n\n\n\n<p class=\"wp-block-paragraph\">&#8220;Temos de melhorar na classifica\u00e7\u00e3o, especialmente no M\u00f4naco, onde as ultrapassagens ser\u00e3o raras\u201d, finalizou.<\/p>\n\n\n\n<p class=\"wp-block-paragraph\">O\u00a0<strong>GRANDE PR\u00caMIO<\/strong>\u00a0cobre in loco as a\u00e7\u00f5es da categoria no Circuito de Barcelona-Catalunha\u00a0com Eric Calduch. A F\u00f3rmula 1 retorna j\u00e1 no pr\u00f3ximo fim de semana, entre os dias 27-29 de maio com o GP de M\u00f4naco, nas ruas de Monte Carlo.<\/p>\n\n\n\n<figure class=\"wp-block-embed is-type-rich is-provider-spotify wp-block-embed-spotify wp-embed-aspect-21-9 wp-has-aspect-ratio\"><div class=\"wp-block-embed__wrapper\">\n<iframe title=\"Spotify Embed: Paddockast #148: O que est\u00e1 em jogo no GP da Espanha mais pesado dos \u00faltimos tempos\" style=\"border-radius: 12px\" width=\"100%\" height=\"152\" frameborder=\"0\" allowfullscreen allow=\"autoplay; clipboard-write; encrypted-media; fullscreen; picture-in-picture\" loading=\"lazy\" src=\"https:\/\/open.spotify.com\/embed\/episode\/5xSobr1RO6Jxh6JzWgfhBL?utm_source=oembed\"><\/iframe>\n<\/div><figcaption>Paddockast #148: O que est\u00e1 em jogo no GP da Espanha mais pesado dos \u00faltimos tempos<\/figcaption><\/figure>\n","protected":false},"excerpt":{"rendered":"<p>Esteban Ocon terminou a corrida em Barcelona extremamente animado com a capacidade de recupera\u00e7\u00e3o da Alpine, que pontuou com os dois pilotos<\/p>\n","protected":false},"author":0,"featured_media":1000574170,"comment_status":"closed","ping_status":"closed","sticky":false,"template":"","format":"standard","meta":{"42wp_featured_image_caption":"","42wp_featured_image_credits":"","42wp_featured_video":"","42wp_featured_image_hidden":false,"42wp_authors_list":[],"footnotes":""},"categories":[2],"tags":[20491,302,1357,176,31064,996,24836,28285],"42wp_author":[47132,47120],"class_list":["post-112080","post","type-post","status-publish","format-standard","has-post-thumbnail","hentry","category-f1","tag-alpine","tag-esteban-ocon","tag-f1-2022","tag-fernando-alonso","tag-formula-1-2022-3","tag-gp-da-espanha","tag-grande-premio-2","tag-grandepremio","42wp_author-eric-calduch","42wp_author-pedro-henrique-marum"],"_links":{"self":[{"href":"https:\/\/grandepremio.com\/br\/wp-json\/wp\/v2\/posts\/112080","targetHints":{"allow":["GET"]}}],"collection":[{"href":"https:\/\/grandepremio.com\/br\/wp-json\/wp\/v2\/posts"}],"about":[{"href":"https:\/\/grandepremio.com\/br\/wp-json\/wp\/v2\/types\/post"}],"replies":[{"embeddable":true,"href":"https:\/\/grandepremio.com\/br\/wp-json\/wp\/v2\/comments?post=112080"}],"version-history":[{"count":0,"href":"https:\/\/grandepremio.com\/br\/wp-json\/wp\/v2\/posts\/112080\/revisions"}],"wp:featuredmedia":[{"embeddable":true,"href":"https:\/\/grandepremio.com\/br\/wp-json\/wp\/v2\/media\/1000574170"}],"wp:attachment":[{"href":"https:\/\/grandepremio.com\/br\/wp-json\/wp\/v2\/media?parent=112080"}],"wp:term":[{"taxonomy":"category","embeddable":true,"href":"https:\/\/grandepremio.com\/br\/wp-json\/wp\/v2\/categories?post=112080"},{"taxonomy":"post_tag","embeddable":true,"href":"https:\/\/grandepremio.com\/br\/wp-json\/wp\/v2\/tags?post=112080"},{"taxonomy":"42wp_author","embeddable":true,"href":"https:\/\/grandepremio.com\/br\/wp-json\/wp\/v2\/42wp_author?post=112080"}],"curies":[{"name":"wp","href":"https:\/\/api.w.org\/{rel}","templated":true}]}}