{"id":112086,"date":"2022-05-22T13:06:32","date_gmt":"2022-05-22T16:06:32","guid":{"rendered":"https:\/\/grandepremio.com\/br\/noticias\/band-vice-lideranca-audiencia-vitoria-max-verstappen-espanha\/"},"modified":"2022-05-22T14:18:43","modified_gmt":"2022-05-22T17:18:43","slug":"band-vice-lideranca-audiencia-vitoria-max-verstappen-espanha","status":"publish","type":"post","link":"https:\/\/grandepremio.com\/br\/f1\/band-vice-lideranca-audiencia-vitoria-max-verstappen-espanha\/","title":{"rendered":"Band chega \u00e0 vice-lideran\u00e7a na audi\u00eancia com vit\u00f3ria de Verstappen no GP da Espanha"},"content":{"rendered":"\n<figure class=\"wp-block-embed is-type-video is-provider-youtube wp-block-embed-youtube wp-embed-aspect-16-9 wp-has-aspect-ratio\"><div class=\"wp-block-embed__wrapper\">\n<iframe loading=\"lazy\" title=\"F\u00d3RMULA 1 2022: TUDO SOBRE A VIT\u00d3RIA DE MAX VERSTAPPEN NO GP DA ESPANHA DE F1 | Briefing\" width=\"500\" height=\"281\" src=\"https:\/\/www.youtube.com\/embed\/p9lZq2IZud8?feature=oembed\" frameborder=\"0\" allow=\"accelerometer; autoplay; clipboard-write; encrypted-media; gyroscope; picture-in-picture; web-share\" referrerpolicy=\"strict-origin-when-cross-origin\" allowfullscreen><\/iframe>\n<\/div><figcaption>F\u00d3RMULA 1 2022: TUDO SOBRE O GP DA ESPANHA | Briefing<\/figcaption><\/figure>\n\n\n\n<p class=\"wp-block-paragraph\">A Band n\u00e3o pode reclamar do resultado que a F\u00f3rmula 1 ofereceu na manh\u00e3 deste domingo (22) ao longo do <strong><a href=\"https:\/\/www.grandepremio.com\/br\/f1\/noticias\/max-verstappen-tripleta-vence-gp-da-espanha-1-2-red-bull-charles-leclerc-abandona\/\" class=\"ek-link\">GP da Espanha de 2022<\/a><\/strong>, disputado no Circuito da Catalunha, em Barcelona. A vit\u00f3ria de Max Verstappen com contornos dram\u00e1ticos, gra\u00e7as ao abandono do ent\u00e3o l\u00edder Charles Leclerc, p\u00f4s a Band momentaneamente na vice-lideran\u00e7a da audi\u00eancia no Rio de Janeiro.<\/p>\n\n\n\n<p class=\"wp-block-paragraph\">Todas as informa\u00e7\u00f5es s\u00e3o do site Teleguiado, parceiro do <strong>GRANDE PR\u00caMIO<\/strong>. A Band teve m\u00e9dia de 1.9 ponto no Rio de Janeiro entre largada e fim da corrida, respectivamente \u00e0s 10h03 e 11h42. Apesar de ter ficado atr\u00e1s de SBT (2.4) e Record (2.6) neste n\u00famero, chegou a superar as duas \u00e0s 10h24, quando esteve somente atr\u00e1s da Globo.<\/p>\n\n\n\n<p class=\"wp-block-paragraph\"><strong>\u25b6\ufe0f\u00a0Inscreva-se nos dois canais do GRANDE PR\u00caMIO no YouTube:\u00a0<a href=\"https:\/\/www.youtube.com\/channel\/UC9OlHEgxoaY6QY6nWPoiqQg?sub_confirmation=1\" target=\"_blank\" rel=\"noreferrer noopener\">GP<\/a>\u00a0|\u00a0<a href=\"https:\/\/www.youtube.com\/channel\/UC9csiS6q_C3C0FYhyr1rnFA?sub_confirmation=1\" target=\"_blank\" rel=\"noreferrer noopener\">GP2<\/a><\/strong><\/p>\n\n\n\n<figure class=\"wp-block-image size-large\"><img decoding=\"async\" src=\"https:\/\/www.grandepremio.com\/br\/wp-content\/uploads\/2022\/05\/SI202205220402_hires_jpeg_24bit_rgb-1024x635.jpg\" alt=\"\" class=\"wp-image-574226\"\/><figcaption>Max Verstappen venceu a quarta dele em 2022 (Foto: Red Bull Content Pool)<\/figcaption><\/figure>\n\n\n\n<p class=\"wp-block-paragraph\">J\u00e1 no mercado da Grande S\u00e3o Paulo, tido como principal para tais medi\u00e7\u00f5es, a Band n\u00e3o chegou \u00e0 vice-lideran\u00e7a, mas teve o terceiro lugar de audi\u00eancia por m\u00e9dia, superando a Record. A corrida registrou m\u00e9dia de 3.8 pontos e picos de 4.3. Globo e SBT, com m\u00e9dias de 7.8 e 4.5, ficaram \u00e0 frente.<\/p>\n\n\n\n<p class=\"wp-block-paragraph\">O\u00a0<strong>GRANDE PR\u00caMIO<\/strong>\u00a0cobre in loco as a\u00e7\u00f5es da categoria no Circuito de Barcelona-Catalunha\u00a0com Eric Calduch. A F\u00f3rmula 1 retorna j\u00e1 no pr\u00f3ximo fim de semana, entre os dias 27-29 de maio com o GP de M\u00f4naco, nas ruas de Monte Carlo.<\/p>\n\n\n\n<figure class=\"wp-block-embed is-type-rich is-provider-spotify wp-block-embed-spotify wp-embed-aspect-21-9 wp-has-aspect-ratio\"><div class=\"wp-block-embed__wrapper\">\n<iframe title=\"Spotify Embed: Paddockast #148: O que est\u00e1 em jogo no GP da Espanha mais pesado dos \u00faltimos tempos\" style=\"border-radius: 12px\" width=\"100%\" height=\"152\" frameborder=\"0\" allowfullscreen allow=\"autoplay; clipboard-write; encrypted-media; fullscreen; picture-in-picture\" loading=\"lazy\" src=\"https:\/\/open.spotify.com\/embed\/episode\/5xSobr1RO6Jxh6JzWgfhBL?utm_source=oembed\"><\/iframe>\n<\/div><figcaption>Paddockast #148: O que est\u00e1 em jogo no GP da Espanha mais pesado dos \u00faltimos tempos<\/figcaption><\/figure>\n","protected":false},"excerpt":{"rendered":"<p>O GP da Espanha de F\u00f3rmula 1 impulsionou a Band ao terceiro lugar da audi\u00eancia em S\u00e3o Paulo e segundo posto no Rio de acordo com medi\u00e7\u00e3o preliminar<\/p>\n","protected":false},"author":0,"featured_media":1000574197,"comment_status":"closed","ping_status":"closed","sticky":false,"template":"","format":"standard","meta":{"42wp_featured_image_caption":"","42wp_featured_image_credits":"","42wp_featured_video":"","42wp_featured_image_hidden":false,"42wp_authors_list":[],"footnotes":""},"categories":[2],"tags":[25570,1280,1357,30945,31585,31064,996,24836,28285],"42wp_author":[47132,47120],"class_list":["post-112086","post","type-post","status-publish","format-standard","has-post-thumbnail","hentry","category-f1","tag-audiencia","tag-band","tag-f1-2022","tag-f1-barcelona","tag-f1-catalunha","tag-formula-1-2022-3","tag-gp-da-espanha","tag-grande-premio-2","tag-grandepremio","42wp_author-eric-calduch","42wp_author-pedro-henrique-marum"],"_links":{"self":[{"href":"https:\/\/grandepremio.com\/br\/wp-json\/wp\/v2\/posts\/112086","targetHints":{"allow":["GET"]}}],"collection":[{"href":"https:\/\/grandepremio.com\/br\/wp-json\/wp\/v2\/posts"}],"about":[{"href":"https:\/\/grandepremio.com\/br\/wp-json\/wp\/v2\/types\/post"}],"replies":[{"embeddable":true,"href":"https:\/\/grandepremio.com\/br\/wp-json\/wp\/v2\/comments?post=112086"}],"version-history":[{"count":0,"href":"https:\/\/grandepremio.com\/br\/wp-json\/wp\/v2\/posts\/112086\/revisions"}],"wp:featuredmedia":[{"embeddable":true,"href":"https:\/\/grandepremio.com\/br\/wp-json\/wp\/v2\/media\/1000574197"}],"wp:attachment":[{"href":"https:\/\/grandepremio.com\/br\/wp-json\/wp\/v2\/media?parent=112086"}],"wp:term":[{"taxonomy":"category","embeddable":true,"href":"https:\/\/grandepremio.com\/br\/wp-json\/wp\/v2\/categories?post=112086"},{"taxonomy":"post_tag","embeddable":true,"href":"https:\/\/grandepremio.com\/br\/wp-json\/wp\/v2\/tags?post=112086"},{"taxonomy":"42wp_author","embeddable":true,"href":"https:\/\/grandepremio.com\/br\/wp-json\/wp\/v2\/42wp_author?post=112086"}],"curies":[{"name":"wp","href":"https:\/\/api.w.org\/{rel}","templated":true}]}}