{"id":112092,"date":"2022-05-22T11:37:25","date_gmt":"2022-05-22T14:37:25","guid":{"rendered":"https:\/\/grandepremio.com\/br\/noticias\/ferrari-copo-meio-cheio-abandono-charles-leclerc-espanha-tinhamos-ritmo\/"},"modified":"2022-05-22T12:12:58","modified_gmt":"2022-05-22T15:12:58","slug":"ferrari-copo-meio-cheio-abandono-charles-leclerc-espanha-tinhamos-ritmo","status":"publish","type":"post","link":"https:\/\/grandepremio.com\/br\/f1\/ferrari-copo-meio-cheio-abandono-charles-leclerc-espanha-tinhamos-ritmo\/","title":{"rendered":"Ferrari v\u00ea copo meio cheio ap\u00f3s abandono de Leclerc na Espanha: \u201cT\u00ednhamos ritmo\u201d"},"content":{"rendered":"\n<figure class=\"wp-block-video\"><video class=\"video-js vjs-big-play-centered\" data-gp-vjs=\"1\" controls src=\"https:\/\/www.grandepremio.com\/br\/wp-content\/uploads\/2022\/05\/Y2rFah3NGotdTTlZ.mp4\"><\/video><figcaption>Verstappen escapa e vai \u00e0 brita no GP da Espanha (V\u00eddeo: Reprodu\u00e7\u00e3o\/ F1 TV)<\/figcaption><\/figure>\n\n\n\n<p class=\"wp-block-paragraph\">O chefe da Ferrari preferiu olhar para o copo meio cheio ap\u00f3s o <a href=\"https:\/\/www.grandepremio.com\/br\/f1\/noticias\/charles-leclerc-perde-potencia-corrida-abandona-gp-espanha\/\" class=\"ek-link\">abandono de Charles Leclerc no GP da Espanha deste domingo (22)<\/a>. Mattia Binotto preferiu fugir do abatimento e, al\u00e9m de lembrar que \u00e9 uma longa temporada, optou por salientar o bom ritmo de corrida exibido pelo monegasco em Barcelona.<\/p>\n\n\n\n<p class=\"wp-block-paragraph\">Na volta 27 das 66 da corrida da Espanha, Leclerc perdeu pot\u00eancia quando rodava sozinho na ponta e foi for\u00e7ado a recolher a F1-75 para os boxes.<\/p>\n\n\n\n<p class=\"wp-block-paragraph\"><strong>\u25b6\ufe0f&nbsp;Inscreva-se nos dois canais do GRANDE PR\u00caMIO no YouTube:&nbsp;<a href=\"https:\/\/www.youtube.com\/channel\/UC9OlHEgxoaY6QY6nWPoiqQg?sub_confirmation=1\" target=\"_blank\" rel=\"noreferrer noopener\">GP<\/a>&nbsp;|&nbsp;<a href=\"https:\/\/www.youtube.com\/channel\/UC9csiS6q_C3C0FYhyr1rnFA?sub_confirmation=1\" target=\"_blank\" rel=\"noreferrer noopener\">GP2<\/a><\/strong><\/p>\n\n\n\n<figure class=\"wp-block-image size-large\"><img decoding=\"async\" src=\"https:\/\/www.grandepremio.com\/br\/wp-content\/uploads\/2022\/05\/Leclerc_F11-1024x576.jpg\" alt=\"\" class=\"wp-image-574160\"\/><figcaption>Charles Leclerc volta aos boxes da Ferrari ap\u00f3s perder pot\u00eancia na Espanha (Foto: Reprodu\u00e7\u00e3o)<\/figcaption><\/figure>\n\n\n\n<p class=\"wp-block-paragraph\">Ainda com a corrida rolando, ao ser questionado sobre o abandono, Binotto preferiu olhar para o lado positivo da corrida.<\/p>\n\n\n\n<p class=\"wp-block-paragraph\">\u201cPrecisamos olhar para o lado positivo: n\u00f3s t\u00ednhamos o ritmo\u201d, apontou o italiano. \u201c\u00c9 uma temporada longa. Aconteceu com outros e agora aconteceu com a gente\u201d, comentou.<\/p>\n\n\n\n<p class=\"wp-block-paragraph\">A Ferrari ainda n\u00e3o identificou o motivo da quebra, mas j\u00e1 confirmou um problema com a unidade de pot\u00eancia.<\/p>\n\n\n\n<p class=\"wp-block-paragraph\">\u201cTivemos de retirar o carro de Charles por conta de um problema na unidade de pot\u00eancia ainda n\u00e3o identificado\u201d, disse a equipe em comunicado oficial.<\/p>\n\n\n\n<figure class=\"wp-block-embed is-type-video is-provider-youtube wp-block-embed-youtube wp-embed-aspect-16-9 wp-has-aspect-ratio\"><div class=\"wp-block-embed__wrapper\">\n<iframe loading=\"lazy\" title=\"F\u00d3RMULA 1 2022 AO VIVO: CLASSIFICA\u00c7\u00c3O GP DA ESPANHA DE F1 | Briefing\" width=\"500\" height=\"281\" src=\"https:\/\/www.youtube.com\/embed\/T9vgMzQep6s?feature=oembed\" frameborder=\"0\" allow=\"accelerometer; autoplay; clipboard-write; encrypted-media; gyroscope; picture-in-picture; web-share\" referrerpolicy=\"strict-origin-when-cross-origin\" allowfullscreen><\/iframe>\n<\/div><figcaption>F\u00d3RMULA 1 2022 AO VIVO: CLASSIFICA\u00c7\u00c3O GP DA ESPANHA DE F1 | Briefing<\/figcaption><\/figure>\n","protected":false},"excerpt":{"rendered":"<p>Mattia Binotto evitou se abater ap\u00f3s Charles Leclerc abandonar o GP da Espanha quando tinha a corrida na m\u00e3o. O dirigente destacou que \u00e9 preciso olhar para o lado positivo<\/p>\n","protected":false},"author":0,"featured_media":1000574148,"comment_status":"closed","ping_status":"closed","sticky":false,"template":"","format":"standard","meta":{"42wp_featured_image_caption":"","42wp_featured_image_credits":"","42wp_featured_video":"","42wp_featured_image_hidden":false,"42wp_authors_list":[],"footnotes":""},"categories":[2],"tags":[304,3624,209,1877,147,1357,207,24837,31064,30732,442],"42wp_author":[47113],"class_list":["post-112092","post","type-post","status-publish","format-standard","has-post-thumbnail","hentry","category-f1","tag-barcelona","tag-catalunha","tag-charles-leclerc","tag-espanha","tag-f1","tag-f1-2022","tag-ferrari","tag-formula-1-2","tag-formula-1-2022-3","tag-formula-1-classificacao-2022","tag-mattia-binotto","42wp_author-juliana-tesser"],"_links":{"self":[{"href":"https:\/\/grandepremio.com\/br\/wp-json\/wp\/v2\/posts\/112092","targetHints":{"allow":["GET"]}}],"collection":[{"href":"https:\/\/grandepremio.com\/br\/wp-json\/wp\/v2\/posts"}],"about":[{"href":"https:\/\/grandepremio.com\/br\/wp-json\/wp\/v2\/types\/post"}],"replies":[{"embeddable":true,"href":"https:\/\/grandepremio.com\/br\/wp-json\/wp\/v2\/comments?post=112092"}],"version-history":[{"count":0,"href":"https:\/\/grandepremio.com\/br\/wp-json\/wp\/v2\/posts\/112092\/revisions"}],"wp:featuredmedia":[{"embeddable":true,"href":"https:\/\/grandepremio.com\/br\/wp-json\/wp\/v2\/media\/1000574148"}],"wp:attachment":[{"href":"https:\/\/grandepremio.com\/br\/wp-json\/wp\/v2\/media?parent=112092"}],"wp:term":[{"taxonomy":"category","embeddable":true,"href":"https:\/\/grandepremio.com\/br\/wp-json\/wp\/v2\/categories?post=112092"},{"taxonomy":"post_tag","embeddable":true,"href":"https:\/\/grandepremio.com\/br\/wp-json\/wp\/v2\/tags?post=112092"},{"taxonomy":"42wp_author","embeddable":true,"href":"https:\/\/grandepremio.com\/br\/wp-json\/wp\/v2\/42wp_author?post=112092"}],"curies":[{"name":"wp","href":"https:\/\/api.w.org\/{rel}","templated":true}]}}