{"id":112093,"date":"2022-05-22T10:57:37","date_gmt":"2022-05-22T13:57:37","guid":{"rendered":"https:\/\/grandepremio.com\/br\/noticias\/charles-leclerc-perde-potencia-corrida-abandona-gp-espanha\/"},"modified":"2022-05-22T11:04:11","modified_gmt":"2022-05-22T14:04:11","slug":"charles-leclerc-perde-potencia-corrida-abandona-gp-espanha","status":"publish","type":"post","link":"https:\/\/grandepremio.com\/br\/f1\/charles-leclerc-perde-potencia-corrida-abandona-gp-espanha\/","title":{"rendered":"Leclerc perde pot\u00eancia com corrida na m\u00e3o e abandona GP da Espanha"},"content":{"rendered":"\n<p class=\"wp-block-paragraph\">Charles Leclerc seguia tranquilo na lideran\u00e7a do GP da Espanha deste domingo (22) quando viu sua Ferrari de repente perder pot\u00eancia. &#8220;N\u00e3o, n\u00e3o! O que aconteceu?!&#8221;, dizia o monegasco pelo r\u00e1dio, incr\u00e9dulo por saber que tinha a corrida nas m\u00e3os.<\/p>\n\n\n\n<p class=\"wp-block-paragraph\">A Ferrari confirmou que o piloto teve um problema no motor na sua F1-75. &#8220;Tivemos de retirar o carro de Charles por conta de um problema na unidade de pot\u00eancia ainda n\u00e3o identificado&#8221;, disse a equipe em comunicado oficial.<\/p>\n\n\n\n<p class=\"wp-block-paragraph\">Leclerc abandonou na volta 27 e, agora, corre o risco de sair de Barcelona fora da lideran\u00e7a do Mundial 2022. Sem a chance de marcar pontos na etapa espanhola, basta a Max Verstappen um segundo lugar e a volta mais r\u00e1pida para ser o novo l\u00edder da temporada.<\/p>\n\n\n\n<p class=\"wp-block-paragraph\"><strong>\u25b6\ufe0f\u00a0Inscreva-se nos dois canais do GRANDE PR\u00caMIO no YouTube:\u00a0<a href=\"https:\/\/www.youtube.com\/channel\/UC9OlHEgxoaY6QY6nWPoiqQg?sub_confirmation=1\" target=\"_blank\" rel=\"noreferrer noopener\">GP<\/a>\u00a0|\u00a0<a href=\"https:\/\/www.youtube.com\/channel\/UC9csiS6q_C3C0FYhyr1rnFA?sub_confirmation=1\" target=\"_blank\" rel=\"noreferrer noopener\">GP2<\/a><\/strong><\/p>\n\n\n\n<figure class=\"wp-block-image size-large\"><img decoding=\"async\" src=\"https:\/\/www.grandepremio.com\/br\/wp-content\/uploads\/2022\/05\/F1-2022-Espanha-Barcelona-Domingo-Ferrari-Charles-Leclerc-1024x576.jpg\" alt=\"\" class=\"wp-image-574130\"\/><figcaption>Charles Leclerc (Foto: Reprodu\u00e7\u00e3o)<\/figcaption><\/figure>\n","protected":false},"excerpt":{"rendered":"<p>Charles Leclerc vinha tranquilo na lideran\u00e7a quando perdeu pot\u00eancia e foi obrigado a abandonar o GP da Espanha deste domingo (22), em Barcelona<\/p>\n","protected":false},"author":0,"featured_media":1000574131,"comment_status":"closed","ping_status":"closed","sticky":false,"template":"","format":"standard","meta":{"42wp_featured_image_caption":"","42wp_featured_image_credits":"","42wp_featured_video":"","42wp_featured_image_hidden":false,"42wp_authors_list":[],"footnotes":""},"categories":[2],"tags":[],"42wp_author":[47132,47147],"class_list":["post-112093","post","type-post","status-publish","format-standard","has-post-thumbnail","hentry","category-f1","42wp_author-eric-calduch","42wp_author-luana-marino"],"_links":{"self":[{"href":"https:\/\/grandepremio.com\/br\/wp-json\/wp\/v2\/posts\/112093","targetHints":{"allow":["GET"]}}],"collection":[{"href":"https:\/\/grandepremio.com\/br\/wp-json\/wp\/v2\/posts"}],"about":[{"href":"https:\/\/grandepremio.com\/br\/wp-json\/wp\/v2\/types\/post"}],"replies":[{"embeddable":true,"href":"https:\/\/grandepremio.com\/br\/wp-json\/wp\/v2\/comments?post=112093"}],"version-history":[{"count":0,"href":"https:\/\/grandepremio.com\/br\/wp-json\/wp\/v2\/posts\/112093\/revisions"}],"wp:featuredmedia":[{"embeddable":true,"href":"https:\/\/grandepremio.com\/br\/wp-json\/wp\/v2\/media\/1000574131"}],"wp:attachment":[{"href":"https:\/\/grandepremio.com\/br\/wp-json\/wp\/v2\/media?parent=112093"}],"wp:term":[{"taxonomy":"category","embeddable":true,"href":"https:\/\/grandepremio.com\/br\/wp-json\/wp\/v2\/categories?post=112093"},{"taxonomy":"post_tag","embeddable":true,"href":"https:\/\/grandepremio.com\/br\/wp-json\/wp\/v2\/tags?post=112093"},{"taxonomy":"42wp_author","embeddable":true,"href":"https:\/\/grandepremio.com\/br\/wp-json\/wp\/v2\/42wp_author?post=112093"}],"curies":[{"name":"wp","href":"https:\/\/api.w.org\/{rel}","templated":true}]}}