{"id":112113,"date":"2022-05-21T14:58:07","date_gmt":"2022-05-21T17:58:07","guid":{"rendered":"https:\/\/grandepremio.com\/br\/noticias\/george-russell-max-verstappen-muito-mais-rapido-espera-briga-ferrari-espanha-formula-1\/"},"modified":"2022-05-21T14:58:14","modified_gmt":"2022-05-21T17:58:14","slug":"george-russell-max-verstappen-muito-mais-rapido-espera-briga-ferrari-espanha-formula-1","status":"publish","type":"post","link":"https:\/\/grandepremio.com\/br\/f1\/george-russell-max-verstappen-muito-mais-rapido-espera-briga-ferrari-espanha-formula-1\/","title":{"rendered":"Russell v\u00ea Verstappen &#8220;muito mais r\u00e1pido&#8221; e espera briga com Ferrari na Espanha"},"content":{"rendered":"\n<figure class=\"wp-block-embed is-type-video is-provider-youtube wp-block-embed-youtube wp-embed-aspect-16-9 wp-has-aspect-ratio\"><div class=\"wp-block-embed__wrapper\">\n<iframe loading=\"lazy\" title=\"F\u00d3RMULA 1 2022 AO VIVO: CLASSIFICA\u00c7\u00c3O GP DA ESPANHA DE F1 | Briefing\" width=\"500\" height=\"281\" src=\"https:\/\/www.youtube.com\/embed\/T9vgMzQep6s?feature=oembed\" frameborder=\"0\" allow=\"accelerometer; autoplay; clipboard-write; encrypted-media; gyroscope; picture-in-picture; web-share\" referrerpolicy=\"strict-origin-when-cross-origin\" allowfullscreen><\/iframe>\n<\/div><figcaption>F\u00d3RMULA 1 2022: TUDO SOBRE A CLASSIFICA\u00c7\u00c3O DO GP DA ESPANHA | Briefing<\/figcaption><\/figure>\n\n\n\n<p class=\"wp-block-paragraph\">George Russell vive o melhor fim de semana da temporada 2022. N\u00e3o apenas dele, mas de toda a Mercedes. De acordo com o piloto ingl\u00eas, que fez o quarto tempo no grid de largada para o GP da Espanha <strong><a href=\"https:\/\/www.grandepremio.com\/br\/f1\/noticias\/charles-leclerc-roda-q3-recupera-conquista-pole-gp-da-espanha-formula-1\/\" class=\"ek-link\">na classifica\u00e7\u00e3o deste s\u00e1bado (21)<\/a><\/strong>, em Barcelona, a equipe enfim entendeu que dire\u00e7\u00e3o deve seguir para fazer o W13 evoluir. Mas na Espanha a briga pode ser no m\u00e1ximo com a Ferrari, n\u00e3o com a Red Bull de Max Verstappen, segundo afirmou em entrevista na qual o <strong>GRANDE PR\u00caMIO<\/strong> esteve presente.<\/p>\n\n\n\n<p class=\"wp-block-paragraph\"><strong>\u25b6\ufe0f\u00a0Inscreva-se nos dois canais do GRANDE PR\u00caMIO no YouTube:\u00a0<a href=\"https:\/\/www.youtube.com\/channel\/UC9OlHEgxoaY6QY6nWPoiqQg?sub_confirmation=1\" target=\"_blank\" rel=\"noreferrer noopener\">GP<\/a>\u00a0|\u00a0<a href=\"https:\/\/www.youtube.com\/channel\/UC9csiS6q_C3C0FYhyr1rnFA?sub_confirmation=1\" target=\"_blank\" rel=\"noreferrer noopener\">GP2<\/a><\/strong><\/p>\n\n\n\n<p class=\"wp-block-paragraph\">Questionado sobre se o rendimento em Barcelona \u00e9 casual ou digno de otimismo real, foi taxativo: n\u00e3o \u00e9 fogo de palha. A Mercedes nem teve assim uma classifica\u00e7\u00e3o t\u00e3o especial e, mesmo assim, est\u00e1 nas posi\u00e7\u00f5es quatro e seis. Em condi\u00e7\u00f5es de duelar com o pole Charles Leclerc e com Carlos Sainz, mas n\u00e3o com Verstappen.<\/p>\n\n\n\n<p class=\"wp-block-paragraph\">&#8220;\u00c9 motivo para otimismo porque sofremos um pouco para manter os pneus funcionando bem ao longo das voltas: \u00e9ramos sempre mais r\u00e1pidos no setor um e mais lentos no tr\u00eas. Tinha mais para tirar do carro e mesmo assim terminamos no quarto lugar. A Ferrari est\u00e1 bastante r\u00e1pida, mas acho que temos um carro de corrida melhor que o de classifica\u00e7\u00e3o. E tamb\u00e9m n\u00e3o sa\u00ed t\u00e3o cansado fisicamente [por ter menos quiques]. \u00c9 um presente para todos que trabalharam muito duro em nossas f\u00e1bricas para que tiv\u00e9ssemos um pacote mais forte&#8221;, disse.<\/p>\n\n\n\n<p class=\"wp-block-paragraph\">&#8220;Acho que vai ser uma corrida meio ca\u00f3tica com um alto n\u00famero de pit-stops. Max est\u00e1 muito mais r\u00e1pido que todo mundo, mas acho que, a n\u00e3o ser que a Ferrari encontre mais velocidade durante a noite, estamos na briga com eles&#8221;, afirmou.<\/p>\n\n\n\n<figure class=\"wp-block-image size-large\"><img decoding=\"async\" src=\"https:\/\/www.grandepremio.com\/br\/wp-content\/uploads\/2022\/05\/M314388-1024x683.jpg\" alt=\"\" class=\"wp-image-573786\"\/><figcaption>George Russell est\u00e1 em quarto no grid em Barcelona (Foto: LAT Images\/Mercedes)<\/figcaption><\/figure>\n\n\n\n<figure class=\"wp-block-embed is-type-rich is-provider-spotify wp-block-embed-spotify wp-embed-aspect-21-9 wp-has-aspect-ratio\"><div class=\"wp-block-embed__wrapper\">\n<iframe title=\"Spotify Embed: Paddockast #148: O que est\u00e1 em jogo no GP da Espanha mais pesado dos \u00faltimos tempos\" style=\"border-radius: 12px\" width=\"100%\" height=\"152\" frameborder=\"0\" allowfullscreen allow=\"autoplay; clipboard-write; encrypted-media; fullscreen; picture-in-picture\" loading=\"lazy\" src=\"https:\/\/open.spotify.com\/embed\/episode\/5xSobr1RO6Jxh6JzWgfhBL?utm_source=oembed\"><\/iframe>\n<\/div><figcaption>Paddockast #148: O que est\u00e1 em jogo no GP da Espanha mais pesado dos \u00faltimos tempos<\/figcaption><\/figure>\n\n\n\n<p class=\"wp-block-paragraph\">Mas o dia de filmagem realizado na Fran\u00e7a, no come\u00e7o da semana, teve a ver? Russell nega.<\/p>\n\n\n\n<p class=\"wp-block-paragraph\">&#8220;N\u00e3o muito, a gente saiu do GP de Miami com a sensa\u00e7\u00e3o de que t\u00ednhamos a solu\u00e7\u00e3o. Sabemos onde precisamos ir e tivemos de esperar algum tempo para entender tudo melhor e que ferramentas poder\u00edamos usar [para melhorar a situa\u00e7\u00e3o]. Agora, entendemos a dire\u00e7\u00e3o para a qual precisamos ir com o carro&#8221;, avaliou.<\/p>\n\n\n\n<p class=\"wp-block-paragraph\">&#8220;Nas curvas [o carro] n\u00e3o est\u00e1 fundamentalmente diferente, s\u00f3 tem mais ader\u00eancia. Sab\u00edamos que \u00e9ramos uma quest\u00e3o e nos fazia perder tempo. O carro ainda n\u00e3o est\u00e1 no n\u00edvel de brigar com o pessoal da frente, mas agora n\u00f3s sabemos como podemos destravar o potencial que temos&#8221;, finalizou.<\/p>\n\n\n\n<p class=\"wp-block-paragraph\">O\u00a0<strong>GRANDE PR\u00caMIO<\/strong>\u00a0cobre in loco as a\u00e7\u00f5es da categoria no Circuito de Barcelona-Catalunha\u00a0com Eric Calduch e, al\u00e9m disso, acompanha tudo\u00a0<strong><a href=\"https:\/\/www.grandepremio.com\/br\/f1\/ao-vivo\" class=\"ek-link\">AO VIVO e em\u00a0TEMPO REAL<\/a><\/strong>. No domingo, a largada est\u00e1 marcada para as 10h [Bras\u00edlia, GMT-3].<\/p>\n\n\n\n<figure class=\"wp-block-embed is-type-video is-provider-youtube wp-block-embed-youtube wp-embed-aspect-16-9 wp-has-aspect-ratio\"><div class=\"wp-block-embed__wrapper\">\n<iframe loading=\"lazy\" title=\"F\u00d3RMULA 1: \u2018FATOR CASA\u2019 PARA SAINZ EM BARCELONA AJUDA OU PRESSIONA?\" width=\"500\" height=\"281\" src=\"https:\/\/www.youtube.com\/embed\/FceW3KFgybE?feature=oembed\" frameborder=\"0\" allow=\"accelerometer; autoplay; clipboard-write; encrypted-media; gyroscope; picture-in-picture; web-share\" referrerpolicy=\"strict-origin-when-cross-origin\" allowfullscreen><\/iframe>\n<\/div><figcaption>F\u00d3RMULA 1: \u2018FATOR CASA\u2019 PARA SAINZ EM BARCELONA AJUDA OU PRESSIONA?<\/figcaption><\/figure>\n","protected":false},"excerpt":{"rendered":"<p>George Russell avaliou ainda que a Mercedes agora tem uma compreens\u00e3o muito melhor do que \u00e9 e como funciona o W13<\/p>\n","protected":false},"author":0,"featured_media":1000573787,"comment_status":"closed","ping_status":"closed","sticky":false,"template":"","format":"standard","meta":{"42wp_featured_image_caption":"","42wp_featured_image_credits":"","42wp_featured_video":"","42wp_featured_image_hidden":false,"42wp_authors_list":[],"footnotes":""},"categories":[2],"tags":[],"42wp_author":[47132,47120],"class_list":["post-112113","post","type-post","status-publish","format-standard","has-post-thumbnail","hentry","category-f1","42wp_author-eric-calduch","42wp_author-pedro-henrique-marum"],"_links":{"self":[{"href":"https:\/\/grandepremio.com\/br\/wp-json\/wp\/v2\/posts\/112113","targetHints":{"allow":["GET"]}}],"collection":[{"href":"https:\/\/grandepremio.com\/br\/wp-json\/wp\/v2\/posts"}],"about":[{"href":"https:\/\/grandepremio.com\/br\/wp-json\/wp\/v2\/types\/post"}],"replies":[{"embeddable":true,"href":"https:\/\/grandepremio.com\/br\/wp-json\/wp\/v2\/comments?post=112113"}],"version-history":[{"count":0,"href":"https:\/\/grandepremio.com\/br\/wp-json\/wp\/v2\/posts\/112113\/revisions"}],"wp:featuredmedia":[{"embeddable":true,"href":"https:\/\/grandepremio.com\/br\/wp-json\/wp\/v2\/media\/1000573787"}],"wp:attachment":[{"href":"https:\/\/grandepremio.com\/br\/wp-json\/wp\/v2\/media?parent=112113"}],"wp:term":[{"taxonomy":"category","embeddable":true,"href":"https:\/\/grandepremio.com\/br\/wp-json\/wp\/v2\/categories?post=112113"},{"taxonomy":"post_tag","embeddable":true,"href":"https:\/\/grandepremio.com\/br\/wp-json\/wp\/v2\/tags?post=112113"},{"taxonomy":"42wp_author","embeddable":true,"href":"https:\/\/grandepremio.com\/br\/wp-json\/wp\/v2\/42wp_author?post=112113"}],"curies":[{"name":"wp","href":"https:\/\/api.w.org\/{rel}","templated":true}]}}