{"id":112114,"date":"2022-05-21T14:54:21","date_gmt":"2022-05-21T17:54:21","guid":{"rendered":"https:\/\/grandepremio.com\/br\/noticias\/sebastian-vettel-equilibrio-fala-recompensa-esforco-aston-martin-ainda-vira\/"},"modified":"2022-05-21T15:23:35","modified_gmt":"2022-05-21T18:23:35","slug":"sebastian-vettel-equilibrio-fala-recompensa-esforco-aston-martin-ainda-vira","status":"publish","type":"post","link":"https:\/\/grandepremio.com\/br\/f1\/sebastian-vettel-equilibrio-fala-recompensa-esforco-aston-martin-ainda-vira\/","title":{"rendered":"Vettel culpa equil\u00edbrio, mas diz que pr\u00eamio por esfor\u00e7o da Aston Martin &#8220;ainda vir\u00e1&#8221;"},"content":{"rendered":"\n<figure class=\"wp-block-embed is-type-video is-provider-youtube wp-block-embed-youtube wp-embed-aspect-16-9 wp-has-aspect-ratio\"><div class=\"wp-block-embed__wrapper\">\n<iframe loading=\"lazy\" title=\"F\u00d3RMULA 1 2022 AO VIVO: CLASSIFICA\u00c7\u00c3O GP DA ESPANHA DE F1 | Briefing\" width=\"500\" height=\"281\" src=\"https:\/\/www.youtube.com\/embed\/T9vgMzQep6s?feature=oembed\" frameborder=\"0\" allow=\"accelerometer; autoplay; clipboard-write; encrypted-media; gyroscope; picture-in-picture; web-share\" referrerpolicy=\"strict-origin-when-cross-origin\" allowfullscreen><\/iframe>\n<\/div><\/figure>\n\n\n\n<p class=\"wp-block-paragraph\">Depois de um fim de semana que come\u00e7ou cercado de expectativas pelo pacote de atualiza\u00e7\u00f5es \u00e0 la Red Bull, a Aston Martin parou no Q1 da classifica\u00e7\u00e3o deste s\u00e1bado (21) para o GP da Espanha. Sebastian Vettel ainda chegou perto de passar para a segunda parte, mas terminou apenas em 16\u00ba. Ap\u00f3s a sess\u00e3o, reclamou que o AMR22 estava saindo muito de traseira, o que acabou atrapalhando o seu desempenho.<\/p>\n\n\n\n<p class=\"wp-block-paragraph\">Ainda na pista, quando foi informado da posi\u00e7\u00e3o, Vettel soltou um &#8220;voc\u00ea s\u00f3 pode estar brincando comigo&#8221; ao engenheiro, incr\u00e9dulo por ter ca\u00eddo na primeira parte, ainda mais ap\u00f3s a aparente melhora da Aston Martin nos treinos de sexta-feira.<\/p>\n\n\n\n<p class=\"wp-block-paragraph\"><strong>\u25b6\ufe0f\u00a0Inscreva-se nos dois canais do GRANDE PR\u00caMIO no YouTube:\u00a0<a href=\"https:\/\/www.youtube.com\/channel\/UC9OlHEgxoaY6QY6nWPoiqQg?sub_confirmation=1\" target=\"_blank\" rel=\"noreferrer noopener\">GP<\/a>\u00a0|\u00a0<a href=\"https:\/\/www.youtube.com\/channel\/UC9csiS6q_C3C0FYhyr1rnFA?sub_confirmation=1\" target=\"_blank\" rel=\"noreferrer noopener\">GP2<\/a><\/strong><\/p>\n\n\n\n<figure class=\"wp-block-image size-large\"><img decoding=\"async\" src=\"https:\/\/www.grandepremio.com\/br\/wp-content\/uploads\/2022\/05\/astonmartin-sebastianvettel-02-4-1024x683.jpg\" alt=\"\" class=\"wp-image-573086\"\/><figcaption>Sebastian Vettel n\u00e3o acreditou por ter ca\u00eddo ainda no Q1 da classifica\u00e7\u00e3o para o GP da Espanha (Foto: Aston Martin)<\/figcaption><\/figure>\n\n\n\n<p class=\"wp-block-paragraph\">&#8220;Parec\u00edamos mais fortes nos treinos livres, e honestamente pensei que seria melhor na classifica\u00e7\u00e3o&#8221;, disse o tetracampe\u00e3o. &#8220;Esta tarde, no entanto, lutei com o equil\u00edbrio: o carro sa\u00eda muito de traseira, ent\u00e3o n\u00e3o conseguia ser veloz nas curvas sem perder a traseira&#8221;, explicou.<\/p>\n\n\n\n<p class=\"wp-block-paragraph\">Mesmo decepcionado, Vettel fez quest\u00e3o de destacar o empenho do time ingl\u00eas para o fim de semana em Barcelona \u2014 ainda que as atualiza\u00e7\u00f5es levadas para a corrida espanhola <a href=\"https:\/\/www.grandepremio.com\/br\/f1\/noticias\/fia-investiga-aston-martin-atesta-legalidade-nega-copia-red-bull\/\" class=\"ek-link\">tenham causado frenesi <\/a>por conta da similaridade com o RB18 da Red Bull.<\/p>\n\n\n\n<p class=\"wp-block-paragraph\">&#8220;A equipe fez um trabalho incr\u00edvel de trazer dois carros totalmente novos para esta corrida. Foi um grande esfor\u00e7o. A recompensa por esse esfor\u00e7o ainda n\u00e3o veio, mas tenho certeza de que vir\u00e1&#8221;, salientou.<\/p>\n\n\n\n<p class=\"wp-block-paragraph\">Para a corrida, o alem\u00e3o reconheceu que n\u00e3o ser\u00e1 f\u00e1cil brigar por eventuais pontos, mas mant\u00e9m a confian\u00e7a num resultado melhor que o de s\u00e1bado. &#8220;Amanh\u00e3 \u00e9 um novo dia e vamos nos esfor\u00e7ar muito. Largar mais atr\u00e1s n\u00e3o ajuda, mas acho que podemos ser capazes de recuperar algum terreno na corrida&#8221;, finalizou.<\/p>\n\n\n\n<p class=\"wp-block-paragraph\">O <strong>GRANDE PR\u00caMIO<\/strong> cobre in loco as a\u00e7\u00f5es da categoria no Circuito de Barcelona-Catalunha com Eric Calduch e, al\u00e9m disso, acompanha tudo <strong>AO VIVO<\/strong> e em <strong>TEMPO REAL<\/strong>. No domingo, a largada est\u00e1 marcada para as 10h [Bras\u00edlia, GMT-3].<\/p>\n","protected":false},"excerpt":{"rendered":"<p>Sebastian Vettel ficou apenas em 16\u00ba na classifica\u00e7\u00e3o deste s\u00e1bado (16), em Barcelona, e explicou que foi dif\u00edcil manter a velocidade nas curvas com o carro da Aston Martin saindo muito de traseira<\/p>\n","protected":false},"author":0,"featured_media":1000573604,"comment_status":"closed","ping_status":"closed","sticky":false,"template":"","format":"standard","meta":{"42wp_featured_image_caption":"","42wp_featured_image_credits":"","42wp_featured_video":"","42wp_featured_image_hidden":false,"42wp_authors_list":[],"footnotes":""},"categories":[2],"tags":[309,304,147,24837,996,30799,204,210],"42wp_author":[47147],"class_list":["post-112114","post","type-post","status-publish","format-standard","has-post-thumbnail","hentry","category-f1","tag-aston-martin","tag-barcelona","tag-f1","tag-formula-1-2","tag-gp-da-espanha","tag-rb18","tag-red-bull","tag-sebastian-vettel","42wp_author-luana-marino"],"_links":{"self":[{"href":"https:\/\/grandepremio.com\/br\/wp-json\/wp\/v2\/posts\/112114","targetHints":{"allow":["GET"]}}],"collection":[{"href":"https:\/\/grandepremio.com\/br\/wp-json\/wp\/v2\/posts"}],"about":[{"href":"https:\/\/grandepremio.com\/br\/wp-json\/wp\/v2\/types\/post"}],"replies":[{"embeddable":true,"href":"https:\/\/grandepremio.com\/br\/wp-json\/wp\/v2\/comments?post=112114"}],"version-history":[{"count":0,"href":"https:\/\/grandepremio.com\/br\/wp-json\/wp\/v2\/posts\/112114\/revisions"}],"wp:featuredmedia":[{"embeddable":true,"href":"https:\/\/grandepremio.com\/br\/wp-json\/wp\/v2\/media\/1000573604"}],"wp:attachment":[{"href":"https:\/\/grandepremio.com\/br\/wp-json\/wp\/v2\/media?parent=112114"}],"wp:term":[{"taxonomy":"category","embeddable":true,"href":"https:\/\/grandepremio.com\/br\/wp-json\/wp\/v2\/categories?post=112114"},{"taxonomy":"post_tag","embeddable":true,"href":"https:\/\/grandepremio.com\/br\/wp-json\/wp\/v2\/tags?post=112114"},{"taxonomy":"42wp_author","embeddable":true,"href":"https:\/\/grandepremio.com\/br\/wp-json\/wp\/v2\/42wp_author?post=112114"}],"curies":[{"name":"wp","href":"https:\/\/api.w.org\/{rel}","templated":true}]}}