{"id":112116,"date":"2022-05-21T14:42:59","date_gmt":"2022-05-21T17:42:59","guid":{"rendered":"https:\/\/grandepremio.com\/br\/noticias\/lewis-hamilton-reconhece-estar-muito-atras-george-russell-ainda-tenho-dificuldades-carro\/"},"modified":"2022-05-21T15:01:18","modified_gmt":"2022-05-21T18:01:18","slug":"lewis-hamilton-reconhece-estar-muito-atras-george-russell-ainda-tenho-dificuldades-carro","status":"publish","type":"post","link":"https:\/\/grandepremio.com\/br\/f1\/lewis-hamilton-reconhece-estar-muito-atras-george-russell-ainda-tenho-dificuldades-carro\/","title":{"rendered":"Hamilton reconhece estar &#8220;muito atr\u00e1s&#8221; de Russell: &#8220;Ainda tenho dificuldades com o carro&#8221;"},"content":{"rendered":"\n<figure class=\"wp-block-embed is-type-video is-provider-youtube wp-block-embed-youtube wp-embed-aspect-16-9 wp-has-aspect-ratio\"><div class=\"wp-block-embed__wrapper\">\n<iframe loading=\"lazy\" title=\"F\u00d3RMULA 1 2022 AO VIVO: CLASSIFICA\u00c7\u00c3O GP DA ESPANHA DE F1 | Briefing\" width=\"500\" height=\"281\" src=\"https:\/\/www.youtube.com\/embed\/T9vgMzQep6s?feature=oembed\" frameborder=\"0\" allow=\"accelerometer; autoplay; clipboard-write; encrypted-media; gyroscope; picture-in-picture; web-share\" referrerpolicy=\"strict-origin-when-cross-origin\" allowfullscreen><\/iframe>\n<\/div><figcaption>F\u00d3RMULA 1 2022 AO VIVO: CLASSIFICA\u00c7\u00c3O GP DA ESPANHA DE F1 | Briefing<\/figcaption><\/figure>\n\n\n\n<p class=\"wp-block-paragraph\">Mais uma vez, George Russell ficou \u00e0 frente de Lewis Hamilton em um treino classificat\u00f3rio. Desta vez na Espanha, o jovem piloto da Mercedes cravou 1min19s393 neste s\u00e1bado (21), no Circuito de Barcelona-Catalunha, enquanto o heptacampe\u00e3o mundial registrou 1min19s512. <\/p>\n\n\n\n<p class=\"wp-block-paragraph\">Partindo da sexta coloca\u00e7\u00e3o no grid de largada, Hamilton ver\u00e1 Russell largar em quarto no GP da Espanha de F\u00f3rmula 1, neste domingo. As melhorias das Flechas de Prata, portanto, come\u00e7am a mostrar seu efeito. Ainda assim, o experiente brit\u00e2nico da equipe alem\u00e3 admitiu: n\u00e3o d\u00e1 para sonhar com t\u00edtulo.<\/p>\n\n\n\n<p class=\"wp-block-paragraph\"><strong>\u25b6\ufe0f&nbsp;Inscreva-se nos dois canais do GRANDE PR\u00caMIO no YouTube:&nbsp;<a href=\"https:\/\/www.youtube.com\/channel\/UC9OlHEgxoaY6QY6nWPoiqQg?sub_confirmation=1\" target=\"_blank\" rel=\"noreferrer noopener\">GP<\/a>&nbsp;|&nbsp;<a href=\"https:\/\/www.youtube.com\/channel\/UC9csiS6q_C3C0FYhyr1rnFA?sub_confirmation=1\" target=\"_blank\" rel=\"noreferrer noopener\">GP2<\/a><\/strong><\/p>\n\n\n\n<p class=\"wp-block-paragraph\">&#8220;N\u00e3o estou pensando nisso, estou muito atr\u00e1s. Meu companheiro de equipe foi o quarto, ent\u00e3o isso significa que o carro deve estar ao menos em terceiro ou quarto, e eu vou largar em sexto. Ent\u00e3o, ainda tenho dificuldades com o carro. N\u00e3o sei como melhorar isso, n\u00e3o sei o que vou fazer, mas vou continuar tentando e trabalhar duro&#8221;, reconheceu Hamilton, numa entrevista em que o <strong>GRANDE PR\u00caMIO<\/strong> esteve presente, representado pelo rep\u00f3rter Eric Calduch.<\/p>\n\n\n\n<figure class=\"wp-block-image size-large\"><img decoding=\"async\" src=\"https:\/\/www.grandepremio.com\/br\/wp-content\/uploads\/2022\/05\/M314173-1-1024x683.jpg\" alt=\"\" class=\"wp-image-573813\"\/><figcaption>Hamilton em a\u00e7\u00e3o no s\u00e1bado do GP da Espanha (Foto: Mercedes)<\/figcaption><\/figure>\n\n\n\n<p class=\"wp-block-paragraph\">O W13 da Mercedes, de fato, parece ter controlado o grande problema que enfrentou at\u00e9 aqui na temporada: os quiques. Hamilton afirmou que ver tal progresso \u00e9 inegavelmente positivo e fruto do time estar &#8220;dando o m\u00e1ximo que pode&#8221;.<\/p>\n\n\n\n<p class=\"wp-block-paragraph\">&#8220;N\u00f3s n\u00e3o temos os quiques na reta principal, o que \u00e9 uma grande diferen\u00e7a. Mas n\u00f3s ainda quicamos nas curvas 3 e 9, por exemplo. Ent\u00e3o, ainda temos algumas melhorias a fazer, mas o carro est\u00e1 muito melhor. Veja, no Q2, fomos os mais r\u00e1pidos. Ent\u00e3o esse \u00e9 um lampejo de esperan\u00e7a para o time&#8221;, disse. <\/p>\n\n\n\n<figure class=\"wp-block-embed is-type-rich is-provider-spotify wp-block-embed-spotify wp-embed-aspect-21-9 wp-has-aspect-ratio\"><div class=\"wp-block-embed__wrapper\">\n<iframe title=\"Spotify Embed: Paddockast #148: O que est\u00e1 em jogo no GP da Espanha mais pesado dos \u00faltimos tempos\" style=\"border-radius: 12px\" width=\"100%\" height=\"152\" frameborder=\"0\" allowfullscreen allow=\"autoplay; clipboard-write; encrypted-media; fullscreen; picture-in-picture\" loading=\"lazy\" src=\"https:\/\/open.spotify.com\/embed\/episode\/5xSobr1RO6Jxh6JzWgfhBL?utm_source=oembed\"><\/iframe>\n<\/div><\/figure>\n\n\n\n<p class=\"wp-block-paragraph\">&#8220;O treino classificat\u00f3rio n\u00e3o foi \u00f3timo para mim, mas foi bom nos ver dando passos \u00e0 frente. Estou 100% confiante no time. Demos um passo \u00e0 frente, algo que n\u00e3o tivemos nas \u00faltimas cinco corridas. Acho que temos uma melhor ideia da dire\u00e7\u00e3o que temos que seguir. Agora, \u00e9 com os engenheiros e analistas&#8221;, finalizou o heptacampe\u00e3o mundial.<\/p>\n\n\n\n<p class=\"wp-block-paragraph\">O&nbsp;<strong>GRANDE PR\u00caMIO<\/strong>&nbsp;cobre in loco as a\u00e7\u00f5es da categoria no Circuito de&nbsp;<a href=\"https:\/\/es.grandepremio.com\/\" target=\"_blank\" rel=\"noreferrer noopener\" class=\"ek-link\">Barcelona<\/a>&#8211;<a href=\"https:\/\/es.grandepremio.com\/\" target=\"_blank\" rel=\"noreferrer noopener\">Catalunha<\/a>&nbsp;com Eric Calduch e, al\u00e9m disso, acompanha tudo&nbsp;<strong><a href=\"https:\/\/www.grandepremio.com\/br\/f1\/ao-vivo\">AO VIVO e em&nbsp;<\/a><a href=\"https:\/\/www.grandepremio.com\/br\/ao-vivo\/\" target=\"_blank\" rel=\"noreferrer noopener\">TEMPO REAL<\/a><\/strong>. No domingo, a largada est\u00e1 marcada para as 10h [Bras\u00edlia, GMT-3].<\/p>\n\n\n\n<figure class=\"wp-block-embed is-type-video is-provider-youtube wp-block-embed-youtube wp-embed-aspect-16-9 wp-has-aspect-ratio\"><div class=\"wp-block-embed__wrapper\">\n<iframe loading=\"lazy\" title=\"F\u00d3RMULA 1 2022 AO VIVO: TREINOS LIVRES GP DA ESPANHA DE F1 | Briefing\" width=\"500\" height=\"281\" src=\"https:\/\/www.youtube.com\/embed\/gRJmQIsUh2c?feature=oembed\" frameborder=\"0\" allow=\"accelerometer; autoplay; clipboard-write; encrypted-media; gyroscope; picture-in-picture; web-share\" referrerpolicy=\"strict-origin-when-cross-origin\" allowfullscreen><\/iframe>\n<\/div><figcaption>F\u00d3RMULA 1 2022 AO VIVO: TREINOS LIVRES GP DA ESPANHA DE F1 | Briefing<\/figcaption><\/figure>\n","protected":false},"excerpt":{"rendered":"<p>Heptacampe\u00e3o mundial, no entanto, mostrou apre\u00e7o pelas melhorias ao W13 em Barcelona e afirmou que upgrades oferecem &#8220;lampejo de esperan\u00e7a&#8221; a Mercedes<\/p>\n","protected":false},"author":0,"featured_media":1000573814,"comment_status":"closed","ping_status":"closed","sticky":false,"template":"","format":"standard","meta":{"42wp_featured_image_caption":"","42wp_featured_image_credits":"","42wp_featured_video":"","42wp_featured_image_hidden":false,"42wp_authors_list":[],"footnotes":""},"categories":[2],"tags":[147,1357,24837,800,996,31564,27976,28006,24836,28285,2810,87,82,30847,30389],"42wp_author":[47132,47143],"class_list":["post-112116","post","type-post","status-publish","format-standard","has-post-thumbnail","hentry","category-f1","tag-f1","tag-f1-2022","tag-formula-1-2","tag-george-russell","tag-gp-da-espanha","tag-gp-da-espanha-2022","tag-gp-da-espanha-de-f1","tag-gp-da-espanha-de-formula-1","tag-grande-premio-2","tag-grandepremio","tag-hamilton","tag-lewis-hamilton","tag-mercedes","tag-russell","tag-w13","42wp_author-eric-calduch","42wp_author-felipe-leite"],"_links":{"self":[{"href":"https:\/\/grandepremio.com\/br\/wp-json\/wp\/v2\/posts\/112116","targetHints":{"allow":["GET"]}}],"collection":[{"href":"https:\/\/grandepremio.com\/br\/wp-json\/wp\/v2\/posts"}],"about":[{"href":"https:\/\/grandepremio.com\/br\/wp-json\/wp\/v2\/types\/post"}],"replies":[{"embeddable":true,"href":"https:\/\/grandepremio.com\/br\/wp-json\/wp\/v2\/comments?post=112116"}],"version-history":[{"count":0,"href":"https:\/\/grandepremio.com\/br\/wp-json\/wp\/v2\/posts\/112116\/revisions"}],"wp:featuredmedia":[{"embeddable":true,"href":"https:\/\/grandepremio.com\/br\/wp-json\/wp\/v2\/media\/1000573814"}],"wp:attachment":[{"href":"https:\/\/grandepremio.com\/br\/wp-json\/wp\/v2\/media?parent=112116"}],"wp:term":[{"taxonomy":"category","embeddable":true,"href":"https:\/\/grandepremio.com\/br\/wp-json\/wp\/v2\/categories?post=112116"},{"taxonomy":"post_tag","embeddable":true,"href":"https:\/\/grandepremio.com\/br\/wp-json\/wp\/v2\/tags?post=112116"},{"taxonomy":"42wp_author","embeddable":true,"href":"https:\/\/grandepremio.com\/br\/wp-json\/wp\/v2\/42wp_author?post=112116"}],"curies":[{"name":"wp","href":"https:\/\/api.w.org\/{rel}","templated":true}]}}