{"id":112120,"date":"2022-05-21T12:52:31","date_gmt":"2022-05-21T15:52:31","guid":{"rendered":"https:\/\/grandepremio.com\/br\/noticias\/fernando-alonso-carro-dificil-guiar-assume-nao-lidamos-bem-classificacao\/"},"modified":"2022-05-21T15:06:46","modified_gmt":"2022-05-21T18:06:46","slug":"fernando-alonso-carro-dificil-guiar-assume-nao-lidamos-bem-classificacao","status":"publish","type":"post","link":"https:\/\/grandepremio.com\/br\/f1\/fernando-alonso-carro-dificil-guiar-assume-nao-lidamos-bem-classificacao\/","title":{"rendered":"Alonso v\u00ea carro \u201cdif\u00edcil de guiar\u201d e assume: \u201cN\u00e3o lidamos bem com a classifica\u00e7\u00e3o\u201d"},"content":{"rendered":"\n<figure class=\"wp-block-embed is-type-video is-provider-youtube wp-block-embed-youtube wp-embed-aspect-16-9 wp-has-aspect-ratio\"><div class=\"wp-block-embed__wrapper\">\n<iframe loading=\"lazy\" title=\"F\u00d3RMULA 1 2022 AO VIVO: CLASSIFICA\u00c7\u00c3O GP DA ESPANHA DE F1 | Briefing\" width=\"500\" height=\"281\" src=\"https:\/\/www.youtube.com\/embed\/T9vgMzQep6s?feature=oembed\" frameborder=\"0\" allow=\"accelerometer; autoplay; clipboard-write; encrypted-media; gyroscope; picture-in-picture; web-share\" referrerpolicy=\"strict-origin-when-cross-origin\" allowfullscreen><\/iframe>\n<\/div><figcaption>F\u00d3RMULA 1 2022: TUDO SOBRE O S\u00c1BADO DO GP DA ESPANHA | Briefing<\/figcaption><\/figure>\n\n\n\n<p class=\"wp-block-paragraph\">Fernando Alonso culpou um problema de comunica\u00e7\u00e3o pela <a href=\"https:\/\/www.grandepremio.com\/br\/f1\/noticias\/charles-leclerc-roda-q3-recupera-conquista-pole-gp-da-espanha-formula-1\/\" class=\"ek-link\">classifica\u00e7\u00e3o apagadinha da Alpine neste s\u00e1bado (21) na Espanha<\/a>. Com 1min21s021, o bicampe\u00e3o da F\u00f3rmula 1 foi 2s293 mais lento que o tempo da pole-position de Charles Leclerc e vai largar apenas em 17\u00ba, diante apenas de Lance Stroll, Alex Albon e Nicholas Latifi.<\/p>\n\n\n\n<p class=\"wp-block-paragraph\">Ap\u00f3s a classifica\u00e7\u00e3o, Alonso apontou uma falha de comunica\u00e7\u00e3o entre ele e os boxes como causa para o rev\u00e9s desta tarde em Barcelona.<\/p>\n\n\n\n<figure class=\"wp-block-image size-large\"><img decoding=\"async\" src=\"https:\/\/www.grandepremio.com\/br\/wp-content\/uploads\/2022\/05\/alpine-fernandoalonso-01-7-1024x683.jpg\" alt=\"\" class=\"wp-image-573505\"\/><figcaption>Fernando Alonso viu o dia terminar ainda no Q1 (Foto: Alpine)<\/figcaption><\/figure>\n\n\n\n<p class=\"wp-block-paragraph\"><strong>\u25b6\ufe0f&nbsp;Inscreva-se nos dois canais do GRANDE PR\u00caMIO no YouTube:&nbsp;<a href=\"https:\/\/www.youtube.com\/channel\/UC9OlHEgxoaY6QY6nWPoiqQg?sub_confirmation=1\" target=\"_blank\" rel=\"noreferrer noopener\">GP<\/a>&nbsp;|&nbsp;<a href=\"https:\/\/www.youtube.com\/channel\/UC9csiS6q_C3C0FYhyr1rnFA?sub_confirmation=1\" target=\"_blank\" rel=\"noreferrer noopener\">GP2<\/a><\/strong><\/p>\n\n\n\n<p class=\"wp-block-paragraph\">\u201cAcho que n\u00e3o lidamos bem com a classifica\u00e7\u00e3o internamente, a equipe e eu\u201d, assumiu Fernando. \u201cN\u00e3o sabia quanto tempo tinha, se tinha um ou dois segundos de margem, e eu tinha dez, ent\u00e3o poderia ter usado a margem se soubesse disso\u201d, avaliou.<\/p>\n\n\n\n<p class=\"wp-block-paragraph\">Al\u00e9m disso, o espanhol contou que o carro estava muito diferente em rela\u00e7\u00e3o ao comportamento que apresentou na sexta-feira. Fernando disse, tamb\u00e9m, que n\u00e3o tem todas as atualiza\u00e7\u00f5es no b\u00f3lido #14.<\/p>\n\n\n\n<p class=\"wp-block-paragraph\">\u201cOntem n\u00f3s fomos r\u00e1pidos e hoje cedo o carro estava mais dif\u00edcil de guiar\u201d, contou. \u201cTem uma pequena diferen\u00e7a no carro. E tem uma atualiza\u00e7\u00e3o que eu n\u00e3o tenho no meu carro\u201d, revelou.<\/p>\n\n\n\n<p class=\"wp-block-paragraph\">O&nbsp;<strong>GRANDE PR\u00caMIO<\/strong>&nbsp;cobre in loco as a\u00e7\u00f5es da categoria no Circuito de <a href=\"https:\/\/es.grandepremio.com\/\" target=\"_blank\" rel=\"noreferrer noopener\">Barcelona<\/a>\u2013<a href=\"https:\/\/es.grandepremio.com\/\" target=\"_blank\" rel=\"noreferrer noopener\">Catalunha<\/a>&nbsp;com Eric Calduch e, al\u00e9m disso, acompanha tudo&nbsp;<strong><a href=\"https:\/\/www.grandepremio.com\/br\/ao-vivo\/\">AO VIVO e em&nbsp;<\/a><a href=\"https:\/\/www.grandepremio.com\/br\/ao-vivo\/\" target=\"_blank\" rel=\"noreferrer noopener\"><\/a><a href=\"https:\/\/www.grandepremio.com\/br\/ao-vivo\/\" target=\"_blank\" rel=\"noreferrer noopener\"><\/a><a href=\"https:\/\/www.grandepremio.com\/br\/ao-vivo\/\" target=\"_blank\" rel=\"noreferrer noopener\"><\/a><a href=\"https:\/\/www.grandepremio.com\/br\/ao-vivo\/\" target=\"_blank\" rel=\"noreferrer noopener\">TEMPO REAL<\/a>.<\/strong><\/p>\n\n\n\n<figure class=\"wp-block-embed is-type-video is-provider-youtube wp-block-embed-youtube wp-embed-aspect-16-9 wp-has-aspect-ratio\"><div class=\"wp-block-embed__wrapper\">\n<iframe loading=\"lazy\" title=\"O QUE ALBON MOSTRA SOBRE PILOTOS DESCARTADOS NA F\u00d3RMULA 1?\" width=\"500\" height=\"281\" src=\"https:\/\/www.youtube.com\/embed\/3uEJd_NgwvQ?feature=oembed\" frameborder=\"0\" allow=\"accelerometer; autoplay; clipboard-write; encrypted-media; gyroscope; picture-in-picture; web-share\" referrerpolicy=\"strict-origin-when-cross-origin\" allowfullscreen><\/iframe>\n<\/div><figcaption>O QUE ALBON MOSTRA SOBRE PILOTOS DESCARTADOS NA F\u00d3RMULA 1<\/figcaption><\/figure>\n","protected":false},"excerpt":{"rendered":"<p>Espanhol explicou que a Alpine n\u00e3o lhe passou adequadamente a janela de tempo dispon\u00edvel para tentar fazer volta r\u00e1pida. Al\u00e9m disso, o bicampe\u00e3o da F\u00f3rmula 1 explicou que o carro n\u00e3o funcionou como na sexta-feira<\/p>\n","protected":false},"author":0,"featured_media":1000572951,"comment_status":"closed","ping_status":"closed","sticky":false,"template":"","format":"standard","meta":{"42wp_featured_image_caption":"","42wp_featured_image_credits":"","42wp_featured_video":"","42wp_featured_image_hidden":false,"42wp_authors_list":[],"footnotes":""},"categories":[2],"tags":[20491,304,3624,1877,147,1357,176,24837,31064,30732],"42wp_author":[47113],"class_list":["post-112120","post","type-post","status-publish","format-standard","has-post-thumbnail","hentry","category-f1","tag-alpine","tag-barcelona","tag-catalunha","tag-espanha","tag-f1","tag-f1-2022","tag-fernando-alonso","tag-formula-1-2","tag-formula-1-2022-3","tag-formula-1-classificacao-2022","42wp_author-juliana-tesser"],"_links":{"self":[{"href":"https:\/\/grandepremio.com\/br\/wp-json\/wp\/v2\/posts\/112120","targetHints":{"allow":["GET"]}}],"collection":[{"href":"https:\/\/grandepremio.com\/br\/wp-json\/wp\/v2\/posts"}],"about":[{"href":"https:\/\/grandepremio.com\/br\/wp-json\/wp\/v2\/types\/post"}],"replies":[{"embeddable":true,"href":"https:\/\/grandepremio.com\/br\/wp-json\/wp\/v2\/comments?post=112120"}],"version-history":[{"count":0,"href":"https:\/\/grandepremio.com\/br\/wp-json\/wp\/v2\/posts\/112120\/revisions"}],"wp:featuredmedia":[{"embeddable":true,"href":"https:\/\/grandepremio.com\/br\/wp-json\/wp\/v2\/media\/1000572951"}],"wp:attachment":[{"href":"https:\/\/grandepremio.com\/br\/wp-json\/wp\/v2\/media?parent=112120"}],"wp:term":[{"taxonomy":"category","embeddable":true,"href":"https:\/\/grandepremio.com\/br\/wp-json\/wp\/v2\/categories?post=112120"},{"taxonomy":"post_tag","embeddable":true,"href":"https:\/\/grandepremio.com\/br\/wp-json\/wp\/v2\/tags?post=112120"},{"taxonomy":"42wp_author","embeddable":true,"href":"https:\/\/grandepremio.com\/br\/wp-json\/wp\/v2\/42wp_author?post=112120"}],"curies":[{"name":"wp","href":"https:\/\/api.w.org\/{rel}","templated":true}]}}