{"id":112138,"date":"2022-05-20T18:49:53","date_gmt":"2022-05-20T21:49:53","guid":{"rendered":"https:\/\/grandepremio.com\/br\/noticias\/ralph-boschung-sente-dores-pescoco-fica-fora-etapa-espanha-formula-2\/"},"modified":"2022-05-20T18:53:14","modified_gmt":"2022-05-20T21:53:14","slug":"ralph-boschung-sente-dores-pescoco-fica-fora-etapa-espanha-formula-2","status":"publish","type":"post","link":"https:\/\/grandepremio.com\/br\/f2\/ralph-boschung-sente-dores-pescoco-fica-fora-etapa-espanha-formula-2\/","title":{"rendered":"Boschung sente dores no pesco\u00e7o e fica fora da etapa da Espanha da F\u00f3rmula 2"},"content":{"rendered":"\n<figure class=\"wp-block-embed is-type-video is-provider-youtube wp-block-embed-youtube wp-embed-aspect-16-9 wp-has-aspect-ratio\"><div class=\"wp-block-embed__wrapper\">\n<iframe loading=\"lazy\" title=\"F\u00d3RMULA 1 2022 AO VIVO: TREINOS LIVRES GP DA ESPANHA DE F1 | Briefing\" width=\"500\" height=\"281\" src=\"https:\/\/www.youtube.com\/embed\/gRJmQIsUh2c?feature=oembed\" frameborder=\"0\" allow=\"accelerometer; autoplay; clipboard-write; encrypted-media; gyroscope; picture-in-picture; web-share\" referrerpolicy=\"strict-origin-when-cross-origin\" allowfullscreen><\/iframe>\n<\/div><figcaption>F\u00d3RMULA 1 2022 AO VIVO: TREINOS LIVRES GP DA ESPANHA DE F1 | Briefing<br><\/figcaption><\/figure>\n\n\n\n<p class=\"wp-block-paragraph\">Depois de participar dos treinos livres nesta sexta-feira (20), a Campos anunciou que Ralph Boschung n\u00e3o ir\u00e1 competir na etapa da Espanha de F\u00f3rmula 2 neste fim de semana. Segundo a equipe, o piloto foi avaliado e reclamou de dores no pesco\u00e7o e, por isso, n\u00e3o voltar\u00e1 \u00e0 pista catal\u00e3.<\/p>\n\n\n\n<p class=\"wp-block-paragraph\">\u201cEle come\u00e7ou a ter dores no pesco\u00e7o significativas ap\u00f3s a terceira rodada em \u00cdmola. No entanto, estava confiante de que seria capaz de correr neste fim de semana mas, ap\u00f3s o treino livre de hoje, ele percebeu que n\u00e3o poderia pilotar com a melhor de suas habilidades e decidiu se retirar da etapa para se concentrar em sua recupera\u00e7\u00e3o e tentar estar 100% em M\u00f4naco&#8221;, diz o comunicado. <\/p>\n\n\n\n<p class=\"wp-block-paragraph\"><strong>\u25b6\ufe0f&nbsp;Inscreva-se nos dois canais do GRANDE PR\u00caMIO no YouTube:&nbsp;<a href=\"https:\/\/www.youtube.com\/channel\/UC9OlHEgxoaY6QY6nWPoiqQg?sub_confirmation=1\" target=\"_blank\" rel=\"noreferrer noopener\">GP<\/a>&nbsp;|&nbsp;<a href=\"https:\/\/www.youtube.com\/channel\/UC9csiS6q_C3C0FYhyr1rnFA?sub_confirmation=1\" target=\"_blank\" rel=\"noreferrer noopener\">GP2<\/a><\/strong><\/p>\n\n\n\n<p class=\"wp-block-paragraph\">O su\u00ed\u00e7o conquistou na It\u00e1lia seu primeiro p\u00f3dio do ano ao finalizar a corrida em terceiro lugar. Ap\u00f3s a prova em \u00cdmola, ele inclusive falou o qu\u00e3o contente estava por colocar o carro da Campos no p\u00f3dio. No entanto, ainda que tenha participado dos treinos, n\u00e3o marcou presen\u00e7a na sess\u00e3o classificat\u00f3ria. <\/p>\n\n\n\n<p class=\"wp-block-paragraph\">Tamb\u00e9m por meio de um comunicado, Ralph comentou sobre a decis\u00e3o tomada e apontou que precisa priorizar a sa\u00fade para se recuperar.<\/p>\n\n\n\n<p class=\"wp-block-paragraph\">\u201c\u00c9 um momento muito dif\u00edcil e dif\u00edcil de aceitar, mas a sa\u00fade \u00e9 sempre uma prioridade. J\u00e1 estabeleci um plano de recupera\u00e7\u00e3o para os pr\u00f3ximos dias e espero poder me recuperar para correr em M\u00f4naco no pr\u00f3ximo fim de semana&#8221;, encerrou.<\/p>\n\n\n\n<figure class=\"wp-block-embed is-type-video is-provider-youtube wp-block-embed-youtube wp-embed-aspect-16-9 wp-has-aspect-ratio\"><div class=\"wp-block-embed__wrapper\">\n<iframe loading=\"lazy\" title=\"F\u00d3RMULA 1 2022: A PALAVRA DE ORDEM \u00c9 ATUALIZA\u00c7\u00c3O: TUDO DO GP DA ESPANHA | WGP\" width=\"500\" height=\"281\" src=\"https:\/\/www.youtube.com\/embed\/GI_MIco1oUs?feature=oembed\" frameborder=\"0\" allow=\"accelerometer; autoplay; clipboard-write; encrypted-media; gyroscope; picture-in-picture; web-share\" referrerpolicy=\"strict-origin-when-cross-origin\" allowfullscreen><\/iframe>\n<\/div><figcaption>F\u00d3RMULA 1 2022: A PALAVRA DE ORDEM \u00c9 ATUALIZA\u00c7\u00c3O: TUDO DO GP DA ESPANHA | WGP<br><\/figcaption><\/figure>\n","protected":false},"excerpt":{"rendered":"<p>Ralph Boschung sentiu dores no pesco\u00e7o durante os treinos e, por isso, n\u00e3o vai participar da etapa da Espanha neste fim de semana <\/p>\n","protected":false},"author":0,"featured_media":1000573359,"comment_status":"closed","ping_status":"closed","sticky":false,"template":"","format":"standard","meta":{"42wp_featured_image_caption":"","42wp_featured_image_credits":"","42wp_featured_video":"","42wp_featured_image_hidden":false,"42wp_authors_list":[],"footnotes":""},"categories":[9],"tags":[],"42wp_author":[47139],"class_list":["post-112138","post","type-post","status-publish","format-standard","has-post-thumbnail","hentry","category-f2","42wp_author-ana-cerveira"],"_links":{"self":[{"href":"https:\/\/grandepremio.com\/br\/wp-json\/wp\/v2\/posts\/112138","targetHints":{"allow":["GET"]}}],"collection":[{"href":"https:\/\/grandepremio.com\/br\/wp-json\/wp\/v2\/posts"}],"about":[{"href":"https:\/\/grandepremio.com\/br\/wp-json\/wp\/v2\/types\/post"}],"replies":[{"embeddable":true,"href":"https:\/\/grandepremio.com\/br\/wp-json\/wp\/v2\/comments?post=112138"}],"version-history":[{"count":0,"href":"https:\/\/grandepremio.com\/br\/wp-json\/wp\/v2\/posts\/112138\/revisions"}],"wp:featuredmedia":[{"embeddable":true,"href":"https:\/\/grandepremio.com\/br\/wp-json\/wp\/v2\/media\/1000573359"}],"wp:attachment":[{"href":"https:\/\/grandepremio.com\/br\/wp-json\/wp\/v2\/media?parent=112138"}],"wp:term":[{"taxonomy":"category","embeddable":true,"href":"https:\/\/grandepremio.com\/br\/wp-json\/wp\/v2\/categories?post=112138"},{"taxonomy":"post_tag","embeddable":true,"href":"https:\/\/grandepremio.com\/br\/wp-json\/wp\/v2\/tags?post=112138"},{"taxonomy":"42wp_author","embeddable":true,"href":"https:\/\/grandepremio.com\/br\/wp-json\/wp\/v2\/42wp_author?post=112138"}],"curies":[{"name":"wp","href":"https:\/\/api.w.org\/{rel}","templated":true}]}}