{"id":112152,"date":"2022-05-20T15:23:47","date_gmt":"2022-05-20T18:23:47","guid":{"rendered":"https:\/\/grandepremio.com\/br\/noticias\/lando-norris-dia-complicado-espanha-coisas-positivas-atualizacoes-mclaren\/"},"modified":"2022-05-20T15:24:40","modified_gmt":"2022-05-20T18:24:40","slug":"lando-norris-dia-complicado-espanha-coisas-positivas-atualizacoes-mclaren","status":"publish","type":"post","link":"https:\/\/grandepremio.com\/br\/f1\/lando-norris-dia-complicado-espanha-coisas-positivas-atualizacoes-mclaren\/","title":{"rendered":"Norris cita dia complicado na Espanha, mas v\u00ea \u201ccoisas positivas\u201d em atualiza\u00e7\u00f5es da McLaren"},"content":{"rendered":"\n<figure class=\"wp-block-embed is-type-video is-provider-youtube wp-block-embed-youtube wp-embed-aspect-16-9 wp-has-aspect-ratio\"><div class=\"wp-block-embed__wrapper\">\n<iframe loading=\"lazy\" title=\"F\u00d3RMULA 1 2022 AO VIVO: TREINOS LIVRES GP DA ESPANHA DE F1 | Briefing\" width=\"500\" height=\"281\" src=\"https:\/\/www.youtube.com\/embed\/gRJmQIsUh2c?feature=oembed\" frameborder=\"0\" allow=\"accelerometer; autoplay; clipboard-write; encrypted-media; gyroscope; picture-in-picture; web-share\" referrerpolicy=\"strict-origin-when-cross-origin\" allowfullscreen><\/iframe>\n<\/div><figcaption>F\u00d3RMULA 1 2022: TUDO SOBRE A SEXTA-FEIRA DO GP DA ESPANHA | Briefing<\/figcaption><\/figure>\n\n\n\n<p class=\"wp-block-paragraph\">Lando Norris classificou como \u201ccomplicado\u201d o primeiro dia de treinos para o GP da Espanha de F\u00f3rmula 1. O piloto brit\u00e2nico fechou a sexta-feira (20) com o <a href=\"https:\/\/www.grandepremio.com\/br\/f1\/noticias\/charles-leclerc-lidera-poe-ferrari-ponta-tl2-espanha-mercedes-assanha\/\" class=\"ek-link\">\u00faltimo tempo do treino livre 2<\/a> depois de completar apenas seis voltas por conta de danos no assoalho na McLaren.<\/p>\n\n\n\n<p class=\"wp-block-paragraph\">Com 1min21s279, o brit\u00e2nico fez o s\u00e9timo tempo na sess\u00e3o matutina, mas, na parte da tarde, quase n\u00e3o conseguiu rodar e n\u00e3o passou de 1min23s388. Ainda assim, Lando se mostrou confiante de que ao menos parte das atualiza\u00e7\u00f5es levadas pela escuderia de Woking para o tra\u00e7ado de Barcelona funciona.<\/p>\n\n\n\n<figure class=\"wp-block-image size-large\"><img decoding=\"async\" src=\"https:\/\/www.grandepremio.com\/br\/wp-content\/uploads\/2022\/05\/2022SpanishGrandPrixFridayGP2206_161508_1ST1963-1-1024x683.jpg\" alt=\"\" class=\"wp-image-573231\"\/><figcaption>Lando Norris completou apenas seis voltas no TL2 (Foto: McLaren)<\/figcaption><\/figure>\n\n\n\n<p class=\"wp-block-paragraph\"><strong>\u25b6\ufe0f\u00a0Inscreva-se nos dois canais do GRANDE PR\u00caMIO no YouTube:\u00a0<a href=\"https:\/\/www.youtube.com\/channel\/UC9OlHEgxoaY6QY6nWPoiqQg?sub_confirmation=1\" target=\"_blank\" rel=\"noreferrer noopener\">GP<\/a>\u00a0|\u00a0<a href=\"https:\/\/www.youtube.com\/channel\/UC9csiS6q_C3C0FYhyr1rnFA?sub_confirmation=1\" target=\"_blank\" rel=\"noreferrer noopener\">GP2<\/a><\/strong><\/p>\n\n\n\n<p class=\"wp-block-paragraph\">\u201cFoi um dia complicado para mim\u201d, disse Norris. \u201cAcho que existem algumas coisas positivas com essas novas pe\u00e7as no carro, algumas coisas estavam funcionando bem, e acho que estamos felizes com algumas das melhorias\u201d, comentou.<\/p>\n\n\n\n<p class=\"wp-block-paragraph\">\u201cCometi um erro no TL22, o que, infelizmente, me custou o resto da sess\u00e3o, j\u00e1 que danificou o assoalho\u201d, lamentou. \u201cEnt\u00e3o n\u00e3o foi perfeito, mas ainda tenho esperan\u00e7a para amanh\u00e3, pois o carro pareceu estar em um lugar decente\u201d, completou.<\/p>\n\n\n\n<p class=\"wp-block-paragraph\">Daniel Ricciardo conseguiu melhorar 0s352 entre as duas sess\u00f5es, mas, com 1min21s385 na parte da tarde. Acabou com o 15\u00ba tempo. O australiano, contudo, evitou conclus\u00f5es e falou em analisar os dados do carro ao longo do fim de semana.<\/p>\n\n\n\n<p class=\"wp-block-paragraph\">\u201cTemos muita coisa para digerir hoje. Tentamos alguns acertos diferentes nas duas sess\u00f5es. Claramente n\u00e3o estamos onde gostar\u00edamos de estar na tabela de tempos, mas h\u00e1 muito em que mergulhar nesta noite. Acho que vamos encontrar algumas coisas e, digamos, achar o acerto ideal para amanh\u00e3, o que, esperamos, nos colocar\u00e1 no top-10\u201d, declarou. \u201cNo momento, temos muito a assimilar, ent\u00e3o n\u00e3o tenho certeza do quanto olhar para os temos de hoje\u201d, seguiu.<\/p>\n\n\n\n<p class=\"wp-block-paragraph\">\u201cVai ser interessante ver os outros carros e equipes e o que eles est\u00e3o fazendo. Mas vamos focar em n\u00f3s e, com certeza, todo mundo estava explorando coisas novas nos carros hoje\u201d, completou.<\/p>\n\n\n\n<p class=\"wp-block-paragraph\">O&nbsp;<strong>GRANDE PR\u00caMIO<\/strong>&nbsp;cobre in loco as a\u00e7\u00f5es da categoria no Circuito de <a href=\"https:\/\/es.grandepremio.com\/\" target=\"_blank\" rel=\"noreferrer noopener\">Barcelona<\/a>&#8211;<a href=\"https:\/\/es.grandepremio.com\/\" target=\"_blank\" rel=\"noreferrer noopener\">Catalunha<\/a>&nbsp;com Eric Calduch e, al\u00e9m disso, acompanha tudo&nbsp;<strong><a href=\"https:\/\/www.grandepremio.com\/br\/ao-vivo\/\">AO VIVO e em&nbsp;<\/a><a href=\"https:\/\/www.grandepremio.com\/br\/ao-vivo\/\" target=\"_blank\" rel=\"noreferrer noopener\"><\/a><a href=\"https:\/\/www.grandepremio.com\/br\/ao-vivo\/\" target=\"_blank\" rel=\"noreferrer noopener\"><\/a><a href=\"https:\/\/www.grandepremio.com\/br\/ao-vivo\/\" target=\"_blank\" rel=\"noreferrer noopener\">TEMPO REAL<\/a>.<\/strong> No s\u00e1bado, o terceiro treino livre est\u00e1 marcado para as 8h [de Bras\u00edlia, GMT-3]. Mais tarde, a classifica\u00e7\u00e3o come\u00e7a \u00e0s 11h.<\/p>\n\n\n\n<figure class=\"wp-block-embed is-type-video is-provider-youtube wp-block-embed-youtube wp-embed-aspect-16-9 wp-has-aspect-ratio\"><div class=\"wp-block-embed__wrapper\">\n<iframe loading=\"lazy\" title=\"O QUE ALBON MOSTRA SOBRE PILOTOS DESCARTADOS NA F\u00d3RMULA 1?\" width=\"500\" height=\"281\" src=\"https:\/\/www.youtube.com\/embed\/3uEJd_NgwvQ?feature=oembed\" frameborder=\"0\" allow=\"accelerometer; autoplay; clipboard-write; encrypted-media; gyroscope; picture-in-picture; web-share\" referrerpolicy=\"strict-origin-when-cross-origin\" allowfullscreen><\/iframe>\n<\/div><figcaption>O QUE ALBON MOSTRA SOBRE PILOTOS DESCARTADOS NA F\u00d3RMULA 1?<\/figcaption><\/figure>\n","protected":false},"excerpt":{"rendered":"<p>\u00daltimo colocado no segundo treino livre do GP da Espanha, Lando Norris lamentou o tempo perdido ap\u00f3s danificar o assoalho da McLaren, mas avaliou que o pacote de atualiza\u00e7\u00f5es levado pela equipe conta com algumas coisas positivas<\/p>\n","protected":false},"author":0,"featured_media":1000573227,"comment_status":"closed","ping_status":"closed","sticky":false,"template":"","format":"standard","meta":{"42wp_featured_image_caption":"","42wp_featured_image_credits":"","42wp_featured_video":"","42wp_featured_image_hidden":false,"42wp_authors_list":[],"footnotes":""},"categories":[2],"tags":[304,1877,147,1357,24837,31064,30732,547,90],"42wp_author":[47113],"class_list":["post-112152","post","type-post","status-publish","format-standard","has-post-thumbnail","hentry","category-f1","tag-barcelona","tag-espanha","tag-f1","tag-f1-2022","tag-formula-1-2","tag-formula-1-2022-3","tag-formula-1-classificacao-2022","tag-lando-norris","tag-mclaren","42wp_author-juliana-tesser"],"_links":{"self":[{"href":"https:\/\/grandepremio.com\/br\/wp-json\/wp\/v2\/posts\/112152","targetHints":{"allow":["GET"]}}],"collection":[{"href":"https:\/\/grandepremio.com\/br\/wp-json\/wp\/v2\/posts"}],"about":[{"href":"https:\/\/grandepremio.com\/br\/wp-json\/wp\/v2\/types\/post"}],"replies":[{"embeddable":true,"href":"https:\/\/grandepremio.com\/br\/wp-json\/wp\/v2\/comments?post=112152"}],"version-history":[{"count":0,"href":"https:\/\/grandepremio.com\/br\/wp-json\/wp\/v2\/posts\/112152\/revisions"}],"wp:featuredmedia":[{"embeddable":true,"href":"https:\/\/grandepremio.com\/br\/wp-json\/wp\/v2\/media\/1000573227"}],"wp:attachment":[{"href":"https:\/\/grandepremio.com\/br\/wp-json\/wp\/v2\/media?parent=112152"}],"wp:term":[{"taxonomy":"category","embeddable":true,"href":"https:\/\/grandepremio.com\/br\/wp-json\/wp\/v2\/categories?post=112152"},{"taxonomy":"post_tag","embeddable":true,"href":"https:\/\/grandepremio.com\/br\/wp-json\/wp\/v2\/tags?post=112152"},{"taxonomy":"42wp_author","embeddable":true,"href":"https:\/\/grandepremio.com\/br\/wp-json\/wp\/v2\/42wp_author?post=112152"}],"curies":[{"name":"wp","href":"https:\/\/api.w.org\/{rel}","templated":true}]}}