{"id":112157,"date":"2022-05-20T14:06:42","date_gmt":"2022-05-20T17:06:42","guid":{"rendered":"https:\/\/grandepremio.com\/br\/noticias\/george-russell-recorda-miami-contem-euforia-mercedes-quica-curvas-espanha\/"},"modified":"2022-05-20T14:08:25","modified_gmt":"2022-05-20T17:08:25","slug":"george-russell-recorda-miami-contem-euforia-mercedes-quica-curvas-espanha","status":"publish","type":"post","link":"https:\/\/grandepremio.com\/br\/f1\/george-russell-recorda-miami-contem-euforia-mercedes-quica-curvas-espanha\/","title":{"rendered":"Russell recorda Miami, cont\u00e9m euforia e diz que Mercedes quica nas curvas na Espanha"},"content":{"rendered":"\n<figure class=\"wp-block-embed is-type-video is-provider-youtube wp-block-embed-youtube wp-embed-aspect-16-9 wp-has-aspect-ratio\"><div class=\"wp-block-embed__wrapper\">\n<iframe loading=\"lazy\" title=\"F\u00d3RMULA 1 2022 AO VIVO: TREINOS LIVRES GP DA ESPANHA DE F1 | Briefing\" width=\"500\" height=\"281\" src=\"https:\/\/www.youtube.com\/embed\/gRJmQIsUh2c?feature=oembed\" frameborder=\"0\" allow=\"accelerometer; autoplay; clipboard-write; encrypted-media; gyroscope; picture-in-picture; web-share\" referrerpolicy=\"strict-origin-when-cross-origin\" allowfullscreen><\/iframe>\n<\/div><\/figure>\n\n\n\n<p class=\"wp-block-paragraph\">A Mercedes ficou em segundo e terceiro no TL2 da Espanha, mas a experi\u00eancia em Miami faz com que George Russell tenha toda cautela do mundo. Nesta sexta-feira (20), ap\u00f3s os \u00f3timos resultados conquistados por ele e por Lewis Hamilton, George lembrou que o time tamb\u00e9m andou muito no primeiro dia da prova americana e, no s\u00e1bado, estava l\u00e1 perdido no meio do pelot\u00e3o. Hora de ter cautela, portanto, com o atualizado W13.<\/p>\n\n\n\n<p class=\"wp-block-paragraph\">Al\u00e9m do retrospecto de Miami, George explicou que o carro parece ter solucionado os fort\u00edssimos quiques de reta, mas que surgiram, agora, as quicadas nas curvas, o que tamb\u00e9m compromete bastante a pilotagem.<\/p>\n\n\n\n<p class=\"wp-block-paragraph\">&#8220;N\u00e3o sei bem onde estamos, sinceramente, porque em Miami n\u00f3s \u00e9ramos os mais r\u00e1pidos na sexta-feira e foi daquele jeito. Agora, estamos em segundo, vamos ver. O carro tem reagido de forma um pouco diferente. Temos limita\u00e7\u00f5es diferentes agora: n\u00e3o estamos quicando nas retas, mas ainda um pouco nas curvas&#8221;, disse.<\/p>\n\n\n\n<figure class=\"wp-block-image size-large\"><img decoding=\"async\" src=\"https:\/\/www.grandepremio.com\/br\/wp-content\/uploads\/2022\/05\/mercedes-georgerussell-02-4-1024x683.jpg\" alt=\"\" class=\"wp-image-573093\"\/><figcaption>George Russell come\u00e7ou bem em Barcelona, mas segue cauteloso pelo que rolou em Miami (Foto: Mercedes)<\/figcaption><\/figure>\n\n\n\n<p class=\"wp-block-paragraph\">Ao projetar a dist\u00e2ncia para os times mais fortes, Russell ficou no meio do caminho. Por mais que veja a Mercedes com potencial para incomodar, sente que Ferrari e Red Bull esconderam bastante o jogo durante a sexta-feira.<\/p>\n\n\n\n<p class=\"wp-block-paragraph\">&#8220;A Red Bull ainda me parece muito, muito forte. Parecem os mais fortes, mas precisamos analisar os dados. N\u00e3o vejo motivos para n\u00e3o ficarmos nessa dist\u00e2ncia dos l\u00edderes, talvez at\u00e9 mais perto, mas tem algo importante: Ferrari e Red Bull andaram com os modos mais conservadores dos motores, \u00e9 um truque&#8221;, completou.<\/p>\n\n\n\n<p class=\"wp-block-paragraph\">Apesar da performance muito complicada, os resultados da Mercedes nem est\u00e3o t\u00e3o ruins assim. O time ainda est\u00e1 tranquilo em terceiro, com 95 pontos. No Mundial de Pilotos, Russell \u00e9 quarto, enquanto Hamilton vem em sexto.<\/p>\n\n\n\n<p class=\"wp-block-paragraph\">O\u00a0<strong>GRANDE PR\u00caMIO<\/strong>\u00a0cobre in loco as a\u00e7\u00f5es da categoria no Circuito de\u00a0<a href=\"https:\/\/es.grandepremio.com\/\" target=\"_blank\" rel=\"noreferrer noopener\">Barcelona<\/a>&#8211;<a href=\"https:\/\/es.grandepremio.com\/\" target=\"_blank\" rel=\"noreferrer noopener\">Catalunha<\/a>\u00a0com Eric Calduch e, al\u00e9m disso, acompanha tudo\u00a0<strong><a href=\"https:\/\/www.grandepremio.com\/br\/ao-vivo\/\">AO VIVO e em\u00a0<\/a><a href=\"https:\/\/www.grandepremio.com\/br\/ao-vivo\/\" target=\"_blank\" rel=\"noreferrer noopener\"><\/a><a href=\"https:\/\/www.grandepremio.com\/br\/ao-vivo\/\" target=\"_blank\" rel=\"noreferrer noopener\"><\/a><a href=\"https:\/\/www.grandepremio.com\/br\/ao-vivo\/\" target=\"_blank\" rel=\"noreferrer noopener\">TEMPO REAL<\/a>.<\/strong>\u00a0No s\u00e1bado, o terceiro treino livre est\u00e1 marcado para as 8h [de Bras\u00edlia, GMT-3]. Mais tarde, a classifica\u00e7\u00e3o come\u00e7a \u00e0s 11h.<\/p>\n\n\n\n<p class=\"wp-block-paragraph\"><strong>\u25b6\ufe0f&nbsp;Inscreva-se nos dois canais do GRANDE PR\u00caMIO no YouTube:&nbsp;<a href=\"https:\/\/www.youtube.com\/channel\/UC9OlHEgxoaY6QY6nWPoiqQg?sub_confirmation=1\" target=\"_blank\" rel=\"noreferrer noopener\">GP<\/a>&nbsp;|&nbsp;<a href=\"https:\/\/www.youtube.com\/channel\/UC9csiS6q_C3C0FYhyr1rnFA?sub_confirmation=1\" target=\"_blank\" rel=\"noreferrer noopener\">GP2<\/a><\/strong><\/p>\n","protected":false},"excerpt":{"rendered":"<p>George Russell conteve a empolga\u00e7\u00e3o com a boa performance da Mercedes no TL2 em Barcelona ao lembrar que o time liderou a sexta-feira em Miami e, no s\u00e1bado, j\u00e1 estava de volta ao meio do pelot\u00e3o. O ingl\u00eas ainda explicou que o carro segue quicando, mas agora nas curvas<\/p>\n","protected":false},"author":0,"featured_media":1000573092,"comment_status":"closed","ping_status":"closed","sticky":false,"template":"","format":"standard","meta":{"42wp_featured_image_caption":"","42wp_featured_image_credits":"","42wp_featured_video":"","42wp_featured_image_hidden":false,"42wp_authors_list":[],"footnotes":""},"categories":[2],"tags":[304,3624,147,1357,24837,31064,800,996,873,87,82,204],"42wp_author":[47132,47117],"class_list":["post-112157","post","type-post","status-publish","format-standard","has-post-thumbnail","hentry","category-f1","tag-barcelona","tag-catalunha","tag-f1","tag-f1-2022","tag-formula-1-2","tag-formula-1-2022-3","tag-george-russell","tag-gp-da-espanha","tag-gp-de-miami","tag-lewis-hamilton","tag-mercedes","tag-red-bull","42wp_author-eric-calduch","42wp_author-gabriel-curty"],"_links":{"self":[{"href":"https:\/\/grandepremio.com\/br\/wp-json\/wp\/v2\/posts\/112157","targetHints":{"allow":["GET"]}}],"collection":[{"href":"https:\/\/grandepremio.com\/br\/wp-json\/wp\/v2\/posts"}],"about":[{"href":"https:\/\/grandepremio.com\/br\/wp-json\/wp\/v2\/types\/post"}],"replies":[{"embeddable":true,"href":"https:\/\/grandepremio.com\/br\/wp-json\/wp\/v2\/comments?post=112157"}],"version-history":[{"count":0,"href":"https:\/\/grandepremio.com\/br\/wp-json\/wp\/v2\/posts\/112157\/revisions"}],"wp:featuredmedia":[{"embeddable":true,"href":"https:\/\/grandepremio.com\/br\/wp-json\/wp\/v2\/media\/1000573092"}],"wp:attachment":[{"href":"https:\/\/grandepremio.com\/br\/wp-json\/wp\/v2\/media?parent=112157"}],"wp:term":[{"taxonomy":"category","embeddable":true,"href":"https:\/\/grandepremio.com\/br\/wp-json\/wp\/v2\/categories?post=112157"},{"taxonomy":"post_tag","embeddable":true,"href":"https:\/\/grandepremio.com\/br\/wp-json\/wp\/v2\/tags?post=112157"},{"taxonomy":"42wp_author","embeddable":true,"href":"https:\/\/grandepremio.com\/br\/wp-json\/wp\/v2\/42wp_author?post=112157"}],"curies":[{"name":"wp","href":"https:\/\/api.w.org\/{rel}","templated":true}]}}