{"id":112162,"date":"2022-05-20T12:01:56","date_gmt":"2022-05-20T15:01:56","guid":{"rendered":"https:\/\/grandepremio.com\/br\/noticias\/charles-leclerc-reconheceu-risco-carro-niki-lauda-culpa-falha-freio-batida\/"},"modified":"2022-05-20T12:02:04","modified_gmt":"2022-05-20T15:02:04","slug":"charles-leclerc-reconheceu-risco-carro-niki-lauda-culpa-falha-freio-batida","status":"publish","type":"post","link":"https:\/\/grandepremio.com\/br\/f1\/charles-leclerc-reconheceu-risco-carro-niki-lauda-culpa-falha-freio-batida\/","title":{"rendered":"Leclerc diz que &#8220;reconheceu risco&#8221; em carro de Lauda e culpa falha de freio por batida"},"content":{"rendered":"\n<figure class=\"wp-block-embed is-type-video is-provider-youtube wp-block-embed-youtube wp-embed-aspect-16-9 wp-has-aspect-ratio\"><div class=\"wp-block-embed__wrapper\">\n<iframe loading=\"lazy\" title=\"FERRARI VIRA FISCAL DO TETO DE GASTOS + F1 2022 COM 22 CORRIDAS | TT GP #53\" width=\"500\" height=\"281\" src=\"https:\/\/www.youtube.com\/embed\/CIGBKi7Slqg?feature=oembed\" frameborder=\"0\" allow=\"accelerometer; autoplay; clipboard-write; encrypted-media; gyroscope; picture-in-picture; web-share\" referrerpolicy=\"strict-origin-when-cross-origin\" allowfullscreen><\/iframe>\n<\/div><figcaption>FERRARI VIRA FISCAL DO TETO DE GASTOS + F1 2022 COM 22 CORRIDAS | TT GP #53<\/figcaption><\/figure>\n\n\n\n<p class=\"wp-block-paragraph\">Em entrevista coletiva nesta sexta-feira (20), antes do in\u00edcio das a\u00e7\u00f5es para o GP da Espanha de F\u00f3rmula 1, Charles Leclerc afirmou que pilotar a hist\u00f3rica Ferrari de Niki Lauda em M\u00f4naco foi &#8220;incr\u00edvel&#8221; <a href=\"https:\/\/www.grandepremio.com\/br\/f1\/noticias\/charles-leclerc-perde-controle-bate-ferrari-anos-1970-durante-exibicao-monaco\/\" class=\"ek-link\">at\u00e9 o momento de seu acidente<\/a>. <\/p>\n\n\n\n<p class=\"wp-block-paragraph\">Atual l\u00edder da temporada de 2022 da F\u00f3rmula 1 e detentor do melhor tempo no primeiro treino livre no Circuito de Barcelona-Catalunha, o ferrarista passou por uma situa\u00e7\u00e3o constrangedora durante o fim de semana passado, no GP Hist\u00f3rico de M\u00f4naco: Leclerc bateu o hist\u00f3rico carro de Niki Lauda na curva La Rascasse, ap\u00f3s sofrer falha nos pedais de freio.<\/p>\n\n\n\n<p class=\"wp-block-paragraph\"><strong>\u25b6\ufe0f\u00a0Inscreva-se nos dois canais do GRANDE PR\u00caMIO no YouTube:\u00a0<a href=\"https:\/\/www.youtube.com\/channel\/UC9OlHEgxoaY6QY6nWPoiqQg?sub_confirmation=1\" target=\"_blank\" rel=\"noreferrer noopener\">GP<\/a>\u00a0|\u00a0<a href=\"https:\/\/www.youtube.com\/channel\/UC9csiS6q_C3C0FYhyr1rnFA?sub_confirmation=1\" target=\"_blank\" rel=\"noreferrer noopener\">GP2<\/a><\/strong><\/p>\n\n\n\n<figure class=\"wp-block-video\"><video class=\"video-js vjs-big-play-centered\" data-gp-vjs=\"1\" controls src=\"https:\/\/www.grandepremio.com\/br\/wp-content\/uploads\/2022\/05\/2022_05_15_Leclerc_Monaco.mp4\"><\/video><figcaption>Charles Leclerc bateu com Ferrari dos anos 1970 (V\u00eddeo: Monaco GP)<\/figcaption><\/figure>\n\n\n\n<p class=\"wp-block-paragraph\">&#8220;Pilotar o carro de Niki (Lauda) foi incr\u00edvel at\u00e9 a falha (no freio), da\u00ed ficou um pouco menos incr\u00edvel&#8221;, riu Leclerc. &#8220;Para ser honesto, o carro de Gilles (Villeneuve) que pilotei, n\u00e3o estava podendo acelerar muito devido aos pneus. Estavam velhos demais, estava dif\u00edcil acelerar. Ent\u00e3o, me diverti muito mais com o carro de Niki&#8221;, comparou o monegasco &#8211; que igualmente conduziu o 312 T4, b\u00f3lido guiado pelo canadense em 1979 -, tamb\u00e9m no m\u00eas de maio. Em Fiorano, a Ferrari homenageou o piloto no exato dia em que sua morte completou 40 anos.<\/p>\n\n\n\n<p class=\"wp-block-paragraph\">Ainda sobre a experi\u00eancia de pilotar o carro de Niki Lauda, Leclerc demonstrou apre\u00e7o pela oportunidade de realizar o tira-teima da seguran\u00e7a. O monegasco n\u00e3o p\u00f4de evitar a compara\u00e7\u00e3o entre o modelo da F1 nos anos 1970 com os b\u00f3lidos atuais.<\/p>\n\n\n\n<p class=\"wp-block-paragraph\">&#8220;Existem pilotos que eu nunca vi na vida, mas obviamente, com as redes sociais, voc\u00ea consegue acompanhar como eram, como disputavam posi\u00e7\u00f5es, etc. Voc\u00ea s\u00f3 aprecia o risco que eles estavam correndo quando voc\u00ea realmente entra em um de seus carros e v\u00ea qual era a seguran\u00e7a que eles tinham naquele momento e o que significava lutar roda a roda, naquelas velocidades, com esses carros&#8221;, analisou.<\/p>\n\n\n\n<figure class=\"wp-block-embed is-type-rich is-provider-spotify wp-block-embed-spotify wp-embed-aspect-21-9 wp-has-aspect-ratio\"><div class=\"wp-block-embed__wrapper\">\n<iframe title=\"Spotify Embed: Paddockast #148: O que est\u00e1 em jogo no GP da Espanha mais pesado dos \u00faltimos tempos\" style=\"border-radius: 12px\" width=\"100%\" height=\"152\" frameborder=\"0\" allowfullscreen allow=\"autoplay; clipboard-write; encrypted-media; fullscreen; picture-in-picture\" loading=\"lazy\" src=\"https:\/\/open.spotify.com\/embed\/episode\/5xSobr1RO6Jxh6JzWgfhBL?utm_source=oembed\"><\/iframe>\n<\/div><\/figure>\n\n\n\n<p class=\"wp-block-paragraph\">&#8220;Acho tamb\u00e9m que \u00e9 \u00f3timo experimentar como era e como \u00e9 agora. \u00c9 muito diferente, muito mais r\u00e1pido, mas tamb\u00e9m muito mais seguro e n\u00e3o temos a seguran\u00e7a em mente tanto quanto eles provavelmente tinham quando estavam pilotando&#8221;, completou.<\/p>\n\n\n\n<p class=\"wp-block-paragraph\">Leclerc, por fim, afirmou ter conhecido Lauda pessoalmente e, mais uma vez, elogiou a chance de guiar a Ferrari usada pelo tricampe\u00e3o mundial.<\/p>\n\n\n\n<p class=\"wp-block-paragraph\">&#8220;Eu conheci Niki (Lauda) algumas vezes no paddock no passado e sim, caras como ele s\u00e3o apenas lendas do nosso esporte. \u00c9 claro que \u00e9 sempre incr\u00edvel dirigir seus carros&#8221;, finalizou.<\/p>\n\n\n\n<figure class=\"wp-block-embed is-type-video is-provider-youtube wp-block-embed-youtube wp-embed-aspect-16-9 wp-has-aspect-ratio\"><div class=\"wp-block-embed__wrapper\">\n<iframe loading=\"lazy\" title=\"F\u00d3RMULA 1 2022: A PALAVRA DE ORDEM \u00c9 ATUALIZA\u00c7\u00c3O: TUDO DO GP DA ESPANHA | WGP\" width=\"500\" height=\"281\" src=\"https:\/\/www.youtube.com\/embed\/GI_MIco1oUs?feature=oembed\" frameborder=\"0\" allow=\"accelerometer; autoplay; clipboard-write; encrypted-media; gyroscope; picture-in-picture; web-share\" referrerpolicy=\"strict-origin-when-cross-origin\" allowfullscreen><\/iframe>\n<\/div><figcaption>F\u00d3RMULA 1 2022: A PALAVRA DE ORDEM \u00c9 ATUALIZA\u00c7\u00c3O: TUDO DO GP DA ESPANHA | WGP<\/figcaption><\/figure>\n","protected":false},"excerpt":{"rendered":"<p>Monegasco da Ferrari bateu lend\u00e1rio carro de Niki Lauda, no \u00faltimo fim de semana, durante o GP Hist\u00f3rico de M\u00f4naco<\/p>\n","protected":false},"author":0,"featured_media":1000573057,"comment_status":"closed","ping_status":"closed","sticky":false,"template":"","format":"standard","meta":{"42wp_featured_image_caption":"","42wp_featured_image_credits":"","42wp_featured_video":"","42wp_featured_image_hidden":false,"42wp_authors_list":[],"footnotes":""},"categories":[2],"tags":[],"42wp_author":[47132,47143],"class_list":["post-112162","post","type-post","status-publish","format-standard","has-post-thumbnail","hentry","category-f1","42wp_author-eric-calduch","42wp_author-felipe-leite"],"_links":{"self":[{"href":"https:\/\/grandepremio.com\/br\/wp-json\/wp\/v2\/posts\/112162","targetHints":{"allow":["GET"]}}],"collection":[{"href":"https:\/\/grandepremio.com\/br\/wp-json\/wp\/v2\/posts"}],"about":[{"href":"https:\/\/grandepremio.com\/br\/wp-json\/wp\/v2\/types\/post"}],"replies":[{"embeddable":true,"href":"https:\/\/grandepremio.com\/br\/wp-json\/wp\/v2\/comments?post=112162"}],"version-history":[{"count":0,"href":"https:\/\/grandepremio.com\/br\/wp-json\/wp\/v2\/posts\/112162\/revisions"}],"wp:featuredmedia":[{"embeddable":true,"href":"https:\/\/grandepremio.com\/br\/wp-json\/wp\/v2\/media\/1000573057"}],"wp:attachment":[{"href":"https:\/\/grandepremio.com\/br\/wp-json\/wp\/v2\/media?parent=112162"}],"wp:term":[{"taxonomy":"category","embeddable":true,"href":"https:\/\/grandepremio.com\/br\/wp-json\/wp\/v2\/categories?post=112162"},{"taxonomy":"post_tag","embeddable":true,"href":"https:\/\/grandepremio.com\/br\/wp-json\/wp\/v2\/tags?post=112162"},{"taxonomy":"42wp_author","embeddable":true,"href":"https:\/\/grandepremio.com\/br\/wp-json\/wp\/v2\/42wp_author?post=112162"}],"curies":[{"name":"wp","href":"https:\/\/api.w.org\/{rel}","templated":true}]}}