{"id":11217,"date":"2026-03-10T12:14:43","date_gmt":"2026-03-10T15:14:43","guid":{"rendered":"https:\/\/grandepremio.com\/br\/noticias\/byd-aumenta-interesse-automobilismo-explora-entrada-formula-1\/"},"modified":"2026-03-10T12:33:22","modified_gmt":"2026-03-10T15:33:22","slug":"byd-aumenta-interesse-automobilismo-explora-entrada-formula-1","status":"publish","type":"post","link":"https:\/\/grandepremio.com\/br\/f1\/byd-aumenta-interesse-automobilismo-explora-entrada-formula-1\/","title":{"rendered":"BYD aumenta interesse no automobilismo e explora entrada na F\u00f3rmula 1"},"content":{"rendered":"\n<p class=\"wp-block-paragraph\">Depois de <strong>Cadillac <\/strong>e <strong>Audi <\/strong>entrarem na <strong>F\u00f3rmula 1<\/strong> na temporada 2026, que <a href=\"https:\/\/www.grandepremio.com\/br\/f1\/noticias\/george-russell-supera-ameaca-ferrari-vence-gp-da-australia-f1-2026-gabriel-bortoleto-9o\/\">come\u00e7ou no \u00faltimo fim de semana<\/a> com o <strong>GP da Austr\u00e1lia<\/strong>, chegou a vez de outra gigante do mundo automotivo sinalizar para a categoria: a <strong>BYD<\/strong>. Ainda ausente do automobilismo, a marca chinesa tem sondado o mundo do esporte a motor nos \u00faltimos meses e agora se aproxima da maior investida poss\u00edvel neste universo. <\/p>\n\n\n\n<p class=\"wp-block-paragraph\">A informa\u00e7\u00e3o \u00e9 do portal norte-americano <em>Bloomberg<\/em>, que acrescenta que o alto custo para operar uma equipe na F1 tende a ser o principal obst\u00e1culo para a BYD neste momento. A montadora segue aberta para entrar no grid como uma 12\u00aa equipe, como fez a Cadillac, ou atrav\u00e9s da compra de um time j\u00e1 existente, como fez a Audi com a <strong>Sauber<\/strong>. <\/p>\n\n\n\n<figure class=\"wp-block-embed is-type-video is-provider-youtube wp-block-embed-youtube wp-embed-aspect-16-9 wp-has-aspect-ratio\"><div class=\"wp-block-embed__wrapper\">\n<iframe loading=\"lazy\" title=\"AO VIVO F1 2026: FOI BOM? RUSSELL E MERCEDES V\u00c3O DOMINAR? REGULAMENTO VAI MUDAR? | Paddock GP #446\" width=\"500\" height=\"281\" src=\"https:\/\/www.youtube.com\/embed\/hzSrkwynQd8?feature=oembed\" frameborder=\"0\" allow=\"accelerometer; autoplay; clipboard-write; encrypted-media; gyroscope; picture-in-picture; web-share\" referrerpolicy=\"strict-origin-when-cross-origin\" allowfullscreen><\/iframe>\n<\/div><\/figure>\n\n\n\n<p class=\"wp-block-paragraph\">A marca chinesa, que \u00e9 um acr\u00f4nimo do ingl\u00eas \u201c<em>Build Your Dreams<\/em>\u201c, \u00e9 focada especialmente na produ\u00e7\u00e3o de ve\u00edculos el\u00e9tricos e h\u00edbridos, o que casaria com o prop\u00f3sito do novo regulamento t\u00e9cnico da <strong>F1<\/strong>. Agora, as unidades de pot\u00eancia dividem combust\u00e3o interna e pot\u00eancia el\u00e9trica em 50\/50. <\/p>\n\n\n\n<p class=\"wp-block-paragraph\">A\u00a0<strong>F\u00f3rmula E<\/strong>\u00a0revelou recentemente que mant\u00e9m conversas ativas com a\u00a0BYD\u00a0sobre uma poss\u00edvel entrada no campeonato. Quem divulgou a informa\u00e7\u00e3o foi\u00a0<strong>Jeff Dodds<\/strong>, CEO da categoria el\u00e9trica, que explicou que o di\u00e1logo com a fabricante chinesa acontece h\u00e1 algum tempo, embora ainda n\u00e3o exista um an\u00fancio oficial sobre participa\u00e7\u00e3o na categoria el\u00e9trica.<\/p>\n\n\n\n<p class=\"wp-block-paragraph\">Antes, o portal especializado\u00a0<em>Daily Sportscar<\/em> tamb\u00e9m reportou que a montadora chinesa est\u00e1 em contato com os respons\u00e1veis pelo regulamento dos prot\u00f3tipos\u00a0<strong>LMH\u00a0<\/strong>e\u00a0<strong>LMDh\u00a0<\/strong>para entender melhor o processo t\u00e9cnico de desenvolvimento e competi\u00e7\u00e3o. A ideia da BYD \u00e9 explorar uma entrada na classe <strong>Hipercarro <\/strong>do <strong>Mundial de Endurance<\/strong> (<strong>WEC<\/strong>), com possibilidade para expans\u00e3o futura no <strong>IMSA SportsCar<\/strong>. <\/p>\n\n\n\n<p class=\"wp-block-paragraph\">No entanto, uma barreira evidente existe nesta ideia: a BYD n\u00e3o comercializa carros de rua nos\u00a0<strong>Estados Unidos<\/strong>, uma exig\u00eancia indispens\u00e1vel para ingressar na classe\u00a0<strong>GTP\u00a0<\/strong>do IMSA SportsCar.\u00a0Neste ponto, uma entrada na F1 pode ajudar a marca chinesa, que j\u00e1 superou a Tesla em vendas de ve\u00edculos el\u00e9tricos pelo mundo. <\/p>\n\n\n\n<figure class=\"wp-block-image size-large\"><img decoding=\"async\" src=\"https:\/\/www.grandepremio.com\/br\/wp-content\/uploads\/2025\/12\/BYD-1200x800.jpg\" alt=\"\" class=\"wp-image-1046033\"\/><figcaption class=\"wp-element-caption\">BYD estuda cen\u00e1rio do endurance, da F\u00f3rmula E e at\u00e9 da F1 (Foto: BYD)<\/figcaption><\/figure>\n\n\n\n<p class=\"wp-block-paragraph\">Caso ingresse na F1, a visibilidade da marca nos EUA ser\u00e1 consider\u00e1vel, j\u00e1 que o esporte segue crescendo no pa\u00eds norte-americano gra\u00e7as ao impulso gerado pela s\u00e9rie documental da <em>Netflix<\/em>, <em>Drive To Survive<\/em>, e pelas tr\u00eas etapas que o pa\u00eds recebe atualmente. Logo, uma entrada no mercado automotivo americano pode passar pela F\u00f3rmula 1. <\/p>\n\n\n\n<p class=\"wp-block-paragraph\">Em entrevista ao jornal franc\u00eas <em>Le Figaro<\/em>, o presidente da <strong>Federa\u00e7\u00e3o Internacional de Automobilismo<\/strong> (<strong>FIA<\/strong>), <strong>Mohammed Ben Sulayem<\/strong>, afirmou que a chegada de uma equipe chinesa ao grid seria o pr\u00f3ximo passo l\u00f3gico para a categoria depois da entrada da Cadillac nesta temporada. <\/p>\n\n\n\n<p class=\"wp-block-paragraph\">A F1 volta \u00e0 pista para a segunda etapa da temporada neste fim de semana, no&nbsp;<strong>GP da China<\/strong>, entre os dias&nbsp;<strong>13 e 15 de mar\u00e7o<\/strong>. O&nbsp;<strong>GRANDE PR\u00caMIO<\/strong>&nbsp;acompanha todas as atividades<a href=\"https:\/\/www.grandepremio.com\/br\/ao-vivo\/f1\/\">&nbsp;<strong>AO VIVO E EM&nbsp;<\/strong><\/a><strong><a href=\"https:\/\/www.grandepremio.com\/br\/ao-vivo\/\" target=\"_blank\" rel=\"noreferrer noopener\">TEMPO REAL<\/a><\/strong>,&nbsp;<a href=\"https:\/\/www.youtube.com\/@GrandePremio1\/streams\">al\u00e9m de classifica\u00e7\u00e3o e corrida em&nbsp;<strong>SEGUNDA TELA&nbsp;<\/strong>no YouTube<\/a>, em parceria com a&nbsp;<strong>Voz do Esporte<\/strong>. O&nbsp;<strong>Briefing&nbsp;<\/strong>chega para analisar ap\u00f3s o fim de cada dia de atividades nas redes sociais e na&nbsp;<strong>GPTV<\/strong>.<\/p>\n\n\n\n<p class=\"wp-block-paragraph\"><strong>GP da China de F1: veja os hor\u00e1rios em Brasil, Cabo Verde,&nbsp;<a href=\"https:\/\/grandepremio.pt\/\" target=\"_blank\" rel=\"noreferrer noopener\">Portugal<\/a>, Angola e Mo\u00e7ambique:<\/strong><\/p>\n\n\n\n<figure class=\"wp-block-table\"><table class=\"has-fixed-layout\"><tbody><tr><td><strong>Sess\u00e3o<\/strong><\/td><td><strong>BRA*<\/strong><\/td><td><strong>CBV<\/strong><\/td><td><strong>POR<\/strong><br><strong>ANG<\/strong><\/td><td><strong>MOZ<\/strong><\/td><\/tr><tr><td>Treino livre 1<\/td><td>00:30<\/td><td>02:30<\/td><td>04:30<\/td><td>05:30<\/td><\/tr><tr><td>Classifica\u00e7\u00e3o Sprint<\/td><td>04:30<\/td><td>06:30<\/td><td>08:30<\/td><td>09:30<\/td><\/tr><tr><td>Corrida Sprint<\/td><td>00:00<\/td><td>02:00<\/td><td>04:00<\/td><td>05:00<\/td><\/tr><tr><td>Classifica\u00e7\u00e3o<\/td><td>04:00<\/td><td>06:00<\/td><td>08:00<\/td><td>09:00<\/td><\/tr><tr><td>Corrida<\/td><td>04:00<\/td><td>06:00<\/td><td>08:00<\/td><td>09:00<\/td><\/tr><\/tbody><\/table><\/figure>\n\n\n\n<p class=\"wp-block-paragraph\"><em>*Hor\u00e1rio de Bras\u00edlia<\/em><\/p>\n\n\n\n<p class=\"wp-block-paragraph\">\u25b6\ufe0f&nbsp;<strong>Inscreva-se nos dois canais do GRANDE PR\u00caMIO no YouTube:&nbsp;<a href=\"https:\/\/www.youtube.com\/channel\/UC9OlHEgxoaY6QY6nWPoiqQg?sub_confirmation=1\">GP<\/a>&nbsp;|&nbsp;<a href=\"https:\/\/www.youtube.com\/channel\/UC9csiS6q_C3C0FYhyr1rnFA?sub_confirmation=1\">GPTV<\/a><\/strong><\/p>\n\n\n\n<p class=\"wp-block-paragraph\"><strong>F1 hoje: saiba aqui as not\u00edcias mais importantes do dia da F\u00f3rmula 1<\/strong><\/p>\n\n\n\n<p class=\"wp-block-paragraph\">\u25b6\ufe0f&nbsp;<a href=\"https:\/\/www.grandepremio.com\/br\/f1\/noticias\/mclaren-ve-desvantagem-cobra-mercedes-por-falta-de-dados-sobre-novo-motor\/\"><strong>Bortoleto diz que li\u00e7\u00f5es do Bahrein podem ajudar Audi a \u201csair na frente\u201d no GP da China<\/strong><\/a><br>\u25b6\ufe0f&nbsp;<a href=\"https:\/\/www.grandepremio.com\/br\/f1\/noticias\/lewis-hamilton-contraria-max-verstappen-lando-norris-novos-carros-formula-1-2026\/\"><strong>Honda mira no GP do Jap\u00e3o e projeta evolu\u00e7\u00e3o em motor da Aston Martin na F1<\/strong><\/a><br>\u25b6\ufe0f&nbsp;<a href=\"https:\/\/www.grandepremio.com\/br\/f1\/noticias\/audi-celebra-pontos-gabriel-bortoleto-preve-desafio-programacao-gp-da-china\/\"><strong>Audi celebra pontos de Bortoleto e prev\u00ea desafio com programa\u00e7\u00e3o no GP da China<\/strong><\/a><br>\u25b6\ufe0f&nbsp;<a href=\"https:\/\/www.grandepremio.com\/br\/f1\/noticias\/ferrari-minimiza-vantagem-mercedes-f1-2026-diz-tudo-sera-diferente-china\/\"><strong>Ferrari minimiza vantagem da Mercedes na F1 2026 e diz que \u201ctudo ser\u00e1 diferente\u201d na China<\/strong><\/a><\/p>\n","protected":false},"excerpt":{"rendered":"<p>Segundo o portal norte-americano Bloomberg, a BYD est\u00e1 estudando a possibilidade de entrar na F1. Antes, a montadora chinesa j\u00e1 havia sinalizado interesse na F\u00f3rmula E e no Mundial de Endurance<\/p>\n","protected":false},"author":0,"featured_media":1001041838,"comment_status":"closed","ping_status":"closed","sticky":false,"template":"","format":"standard","meta":{"42wp_featured_image_caption":"","42wp_featured_image_credits":"","42wp_featured_video":"","42wp_featured_image_hidden":false,"42wp_authors_list":[],"footnotes":""},"categories":[2],"tags":[26271,5273,147,29516,29148,180,31425,28995,840,1491,28285,30840,706,35129,31470,356],"42wp_author":[47162],"class_list":["post-11217","post","type-post","status-publish","format-standard","has-post-thumbnail","hentry","category-f1","tag-calendario-f1","tag-classificacao-f1","tag-f1","tag-f1-2026","tag-f1-hoje","tag-formula-1","tag-formula-1-2026","tag-formula-1-hoje","tag-formula-e","tag-grande-premio","tag-grandepremio","tag-horarios-f1","tag-imsa-sportscar","tag-onde-assistir-f1","tag-temporada-2026-f1","tag-wec","42wp_author-giovani-danjo"],"_links":{"self":[{"href":"https:\/\/grandepremio.com\/br\/wp-json\/wp\/v2\/posts\/11217","targetHints":{"allow":["GET"]}}],"collection":[{"href":"https:\/\/grandepremio.com\/br\/wp-json\/wp\/v2\/posts"}],"about":[{"href":"https:\/\/grandepremio.com\/br\/wp-json\/wp\/v2\/types\/post"}],"replies":[{"embeddable":true,"href":"https:\/\/grandepremio.com\/br\/wp-json\/wp\/v2\/comments?post=11217"}],"version-history":[{"count":0,"href":"https:\/\/grandepremio.com\/br\/wp-json\/wp\/v2\/posts\/11217\/revisions"}],"wp:featuredmedia":[{"embeddable":true,"href":"https:\/\/grandepremio.com\/br\/wp-json\/wp\/v2\/media\/1001041838"}],"wp:attachment":[{"href":"https:\/\/grandepremio.com\/br\/wp-json\/wp\/v2\/media?parent=11217"}],"wp:term":[{"taxonomy":"category","embeddable":true,"href":"https:\/\/grandepremio.com\/br\/wp-json\/wp\/v2\/categories?post=11217"},{"taxonomy":"post_tag","embeddable":true,"href":"https:\/\/grandepremio.com\/br\/wp-json\/wp\/v2\/tags?post=11217"},{"taxonomy":"42wp_author","embeddable":true,"href":"https:\/\/grandepremio.com\/br\/wp-json\/wp\/v2\/42wp_author?post=11217"}],"curies":[{"name":"wp","href":"https:\/\/api.w.org\/{rel}","templated":true}]}}