{"id":112178,"date":"2022-05-19T13:58:24","date_gmt":"2022-05-19T16:58:24","guid":{"rendered":"https:\/\/grandepremio.com\/br\/noticias\/fernando-alonso-reduz-chances-voltar-indy-500-e-culpa-aeroscreen-esta-menos-divertido\/"},"modified":"2022-05-22T12:18:35","modified_gmt":"2022-05-22T15:18:35","slug":"fernando-alonso-reduz-chances-voltar-indy-500-e-culpa-aeroscreen-esta-menos-divertido","status":"publish","type":"post","link":"https:\/\/grandepremio.com\/br\/indy\/fernando-alonso-reduz-chances-voltar-indy-500-e-culpa-aeroscreen-esta-menos-divertido\/","title":{"rendered":"Alonso reduz chances de voltar \u00e0 Indy 500 e culpa aeroscreen: &#8220;Est\u00e1 menos divertido&#8221;"},"content":{"rendered":"\n<figure class=\"wp-block-embed is-type-video is-provider-youtube wp-block-embed-youtube wp-embed-aspect-16-9 wp-has-aspect-ratio\"><div class=\"wp-block-embed__wrapper\">\n<iframe loading=\"lazy\" title=\"F\u00d3RMULA INDY: HERTA D\u00c1 SHOW NA PISTA MOLHADA E GANHA CONFIAN\u00c7A ANTES DA INDY 500\" width=\"500\" height=\"281\" src=\"https:\/\/www.youtube.com\/embed\/oYOMmSlh46U?feature=oembed\" frameborder=\"0\" allow=\"accelerometer; autoplay; clipboard-write; encrypted-media; gyroscope; picture-in-picture; web-share\" referrerpolicy=\"strict-origin-when-cross-origin\" allowfullscreen><\/iframe>\n<\/div><figcaption>F\u00d3RMULA INDY: HERTA D\u00c1 SHOW NA PISTA MOLHADA E GANHA CONFIAN\u00c7A ANTES DA INDY 500<\/figcaption><\/figure>\n\n\n\n<p class=\"wp-block-paragraph\">Perto do anivers\u00e1rio de 41 anos, Fernando Alonso vai para a &#8220;corrida de casa&#8221; na F\u00f3rmula 1 com o GP da Espanha, que acontece neste fim de semana no circuito de Barcelona. O piloto asturiano deu longa entrevista \u00e0 emissora inglesa BBC e relembrou a passagem pelas 500 Milhas de Indian\u00e1polis.<\/p>\n\n\n\n<p class=\"wp-block-paragraph\">Em 2017, Alonso competiu pela Andretti e chegou a liderar parte da corrida, mas uma quebra de motor encerrou o sonho do espanhol, que voltou a tentar pela McLaren em 2019 e 2020. Na primeira ocasi\u00e3o mencionada, sequer se classificou para a corrida, enquanto amargou o 21\u00ba lugar na edi\u00e7\u00e3o seguinte.<\/p>\n\n\n\n<p class=\"wp-block-paragraph\">Perguntado sobre o sonho de completar a Tr\u00edplice Coroa do esporte a motor, j\u00e1 que teve vit\u00f3rias nas 24 Horas de Le Mans e no GP de M\u00f4naco, Alonso colocou o freio nas expectativas, e mencionou a entrada do aeroscreen, dispositivo implantado para prote\u00e7\u00e3o do cockpit, como algo que reduziu seu desejo de correr na categoria.<\/p>\n\n\n\n<p class=\"wp-block-paragraph\"><strong>\u25b6\ufe0f&nbsp;Inscreva-se nos dois canais do GRANDE PR\u00caMIO no YouTube:&nbsp;<a href=\"https:\/\/www.youtube.com\/channel\/UC9OlHEgxoaY6QY6nWPoiqQg?sub_confirmation=1\" target=\"_blank\" rel=\"noreferrer noopener\">GP<\/a>&nbsp;|&nbsp;<a href=\"https:\/\/www.youtube.com\/channel\/UC9csiS6q_C3C0FYhyr1rnFA?sub_confirmation=1\" target=\"_blank\" rel=\"noreferrer noopener\">GP2<\/a><\/strong><\/p>\n\n\n\n<figure class=\"wp-block-image size-large\"><img decoding=\"async\" src=\"https:\/\/www.grandepremio.com\/br\/wp-content\/uploads\/2022\/05\/Fernando-Alonso-on-Pole-Day-for-the-Indianapolis-500-at-the-Indianapolis-Motor-Speedway-Sunday_-August-16_-2020_Large-Image-Without-Watermark_m34224-1024x683.jpg\" alt=\"\" class=\"wp-image-571953\"\/><figcaption>Fernando Alonso na Indy 500 de 2020 (Foto: Indycar)<\/figcaption><\/figure>\n\n\n\n<p class=\"wp-block-paragraph\"><strong><a href=\"https:\/\/www.grandepremio.com\/br\/indy\/noticias\/confira-programacao-completa-500-milhas-indianapolis-2022\/\">LEIA MAIS: Confira programa\u00e7\u00e3o completa das<\/a>&nbsp;500 Milhas de Indian\u00e1polis de 2022<\/strong><\/p>\n\n\n\n<p class=\"wp-block-paragraph\">&#8220;\u00c9 um objetivo menor agora. As \u00faltimas duas tentativas na Indy com o aeroscreen tornaram o carro um pouco diferente, e conversando com alguns colegas, os carros ficaram mais dif\u00edceis de pilotar e de seguir um ao outro. Ficou menos divertido. Em 2017, foram v\u00e1rias ultrapassagens e eu amei aquela corrida. Teve menos amor nos \u00faltimos anos sem poder ultrapassar&#8221;, comentou.<\/p>\n\n\n\n<p class=\"wp-block-paragraph\">Alonso est\u00e1 em sua segunda temporada pela Alpine desde que retornou ao grid da F\u00f3rmula 1. Atualmente, o piloto tem 2 pontos somados na temporada 2022, com a vit\u00f3ria no GP do Bahrein.<\/p>\n\n\n\n<p class=\"wp-block-paragraph\">&#8220;E tem o fator de risco. Na Indy 500, acontecem grandes acidentes todo ano. Agora eu estou totalmente focado na F\u00f3rmula 1. Quando eu parar, n\u00e3o sei se estarei tentado a tentar de novo. N\u00e3o \u00e9 completamente um &#8216;n\u00e3o&#8217;, mas virou um projeto menor&#8221;, concluiu.<\/p>\n\n\n\n<p class=\"wp-block-paragraph\">Alonso corre o GP da Espanha neste domingo (22), no circuito de Barcelona. No mesmo dia, a Indy 500 realiza a classifica\u00e7\u00e3o da prova que acontece no pr\u00f3ximo dia 29.<\/p>\n\n\n\n<figure class=\"wp-block-embed is-type-video is-provider-youtube wp-block-embed-youtube wp-embed-aspect-16-9 wp-has-aspect-ratio\"><div class=\"wp-block-embed__wrapper\">\n<iframe loading=\"lazy\" title=\"F\u00d3RMULA 1 2022: A PALAVRA DE ORDEM \u00c9 ATUALIZA\u00c7\u00c3O: TUDO DO GP DA ESPANHA | WGP\" width=\"500\" height=\"281\" src=\"https:\/\/www.youtube.com\/embed\/GI_MIco1oUs?feature=oembed\" frameborder=\"0\" allow=\"accelerometer; autoplay; clipboard-write; encrypted-media; gyroscope; picture-in-picture; web-share\" referrerpolicy=\"strict-origin-when-cross-origin\" allowfullscreen><\/iframe>\n<\/div><figcaption>F\u00d3RMULA 1 2022: A PALAVRA DE ORDEM \u00c9 ATUALIZA\u00c7\u00c3O: TUDO DO GP DA ESPANHA | WGP<\/figcaption><\/figure>\n","protected":false},"excerpt":{"rendered":"<p>Fernando Alonso relembrou passagens pela Indy 500 e admitiu que chance de retorno \u00e9 baixa por conta de inc\u00f4modo com altera\u00e7\u00f5es que o aeroscreen provocou nos carros<\/p>\n","protected":false},"author":0,"featured_media":1000571951,"comment_status":"closed","ping_status":"closed","sticky":false,"template":"","format":"standard","meta":{"42wp_featured_image_caption":"","42wp_featured_image_credits":"","42wp_featured_video":"","42wp_featured_image_hidden":false,"42wp_authors_list":[],"footnotes":""},"categories":[3],"tags":[2980,617,3144,176,619,30956,2209,232,1555,1569,99,2188,120,732,1326,321,3133],"42wp_author":[47119],"class_list":["post-112178","post","type-post","status-publish","format-standard","has-post-thumbnail","hentry","category-indy","tag-500-milhas-de-indianapolis","tag-alexander-rossi","tag-felix-rosenqvist","tag-fernando-alonso","tag-formula-indy","tag-helio-castroneves-2","tag-indy-2022","tag-indy-500","tag-josef-newgarden","tag-marcus-ericsson","tag-pato-oward","tag-rinus-veekay","tag-romain-grosjean","tag-scott-dixon","tag-takuma-sato","tag-tony-kanaan","tag-will-power","42wp_author-gabriel-carvalho"],"_links":{"self":[{"href":"https:\/\/grandepremio.com\/br\/wp-json\/wp\/v2\/posts\/112178","targetHints":{"allow":["GET"]}}],"collection":[{"href":"https:\/\/grandepremio.com\/br\/wp-json\/wp\/v2\/posts"}],"about":[{"href":"https:\/\/grandepremio.com\/br\/wp-json\/wp\/v2\/types\/post"}],"replies":[{"embeddable":true,"href":"https:\/\/grandepremio.com\/br\/wp-json\/wp\/v2\/comments?post=112178"}],"version-history":[{"count":0,"href":"https:\/\/grandepremio.com\/br\/wp-json\/wp\/v2\/posts\/112178\/revisions"}],"wp:featuredmedia":[{"embeddable":true,"href":"https:\/\/grandepremio.com\/br\/wp-json\/wp\/v2\/media\/1000571951"}],"wp:attachment":[{"href":"https:\/\/grandepremio.com\/br\/wp-json\/wp\/v2\/media?parent=112178"}],"wp:term":[{"taxonomy":"category","embeddable":true,"href":"https:\/\/grandepremio.com\/br\/wp-json\/wp\/v2\/categories?post=112178"},{"taxonomy":"post_tag","embeddable":true,"href":"https:\/\/grandepremio.com\/br\/wp-json\/wp\/v2\/tags?post=112178"},{"taxonomy":"42wp_author","embeddable":true,"href":"https:\/\/grandepremio.com\/br\/wp-json\/wp\/v2\/42wp_author?post=112178"}],"curies":[{"name":"wp","href":"https:\/\/api.w.org\/{rel}","templated":true}]}}