{"id":112179,"date":"2022-05-19T13:52:01","date_gmt":"2022-05-19T16:52:01","guid":{"rendered":"https:\/\/grandepremio.com\/br\/noticias\/fernando-alonso-revela-papo-alpine-renovacao-2023-seria-errado-ver-formula-1-casa\/"},"modified":"2022-05-19T16:11:38","modified_gmt":"2022-05-19T19:11:38","slug":"fernando-alonso-revela-papo-alpine-renovacao-2023-seria-errado-ver-formula-1-casa","status":"publish","type":"post","link":"https:\/\/grandepremio.com\/br\/f1\/fernando-alonso-revela-papo-alpine-renovacao-2023-seria-errado-ver-formula-1-casa\/","title":{"rendered":"Alonso revela papo com Alpine por renova\u00e7\u00e3o para 2023: &#8220;Seria errado ver F1 de casa&#8221;"},"content":{"rendered":"\n<figure class=\"wp-block-embed is-type-video is-provider-youtube wp-block-embed-youtube wp-embed-aspect-16-9 wp-has-aspect-ratio\"><div class=\"wp-block-embed__wrapper\">\n<iframe loading=\"lazy\" title=\"FERRARI VIRA FISCAL DO TETO DE GASTOS + F1 2022 COM 22 CORRIDAS | TT GP #53\" width=\"500\" height=\"281\" src=\"https:\/\/www.youtube.com\/embed\/CIGBKi7Slqg?feature=oembed\" frameborder=\"0\" allow=\"accelerometer; autoplay; clipboard-write; encrypted-media; gyroscope; picture-in-picture; web-share\" referrerpolicy=\"strict-origin-when-cross-origin\" allowfullscreen><\/iframe>\n<\/div><figcaption>FERRARI VIRA FISCAL DO TETO DE GASTOS + F1 2022 COM 22 CORRIDAS | TT GP #53<\/figcaption><\/figure>\n\n\n\n<p class=\"wp-block-paragraph\">Fernando Alonso quer ficar na F\u00f3rmula 1 e acredita que a Alpine queira seguir com ele em seus quadros na temporada 2023. O bicampe\u00e3o mundial tem contrato somente at\u00e9 o fim de 2022, mas acredita que tem espa\u00e7o para permanecer e seria um desperd\u00edcio deixar o grid enquanto ainda est\u00e1 em alto n\u00edvel.<\/p>\n\n\n\n<p class=\"wp-block-paragraph\"><strong>\u25b6\ufe0f&nbsp;Inscreva-se nos dois canais do GRANDE PR\u00caMIO no YouTube:&nbsp;<a href=\"https:\/\/www.youtube.com\/channel\/UC9OlHEgxoaY6QY6nWPoiqQg?sub_confirmation=1\" target=\"_blank\" rel=\"noreferrer noopener\">GP<\/a>&nbsp;|&nbsp;<a href=\"https:\/\/www.youtube.com\/channel\/UC9csiS6q_C3C0FYhyr1rnFA?sub_confirmation=1\" target=\"_blank\" rel=\"noreferrer noopener\">GP2<\/a><\/strong><br><strong>Ferrari em xeque, Red Bull em ascens\u00e3o e &#8216;nova&#8217; Mercedes: <a href=\"https:\/\/www.grandepremio.com\/br\/f1\/noticias\/ferrari-red-bull-mercedes-gp-espanha-barcelona-formula-1-2022\/\" class=\"ek-link\">GP da Espanha redesenha F1<\/a><\/strong><\/p>\n\n\n\n<p class=\"wp-block-paragraph\">Em entrevista \u00e0 rede inglesa de TV BBC, Alonso garantiu que o assunto j\u00e1 surgiu durante conversa com Laurent Rossi, diretor-executivo da Alpine. O que se sabe \u00e9 que a equipe tem interesse em promover Oscar Piastri, campe\u00e3o da F2 em 2021, ao grid da F1 no ano que vem &#8211; <strong><a href=\"https:\/\/www.grandepremio.com\/br\/f1\/noticias\/alpine-futuro-fernando-alonso-inglaterra-julho-oscar-piastri\/\" class=\"ek-link\">o time quer resolver se vai de Alonso ou Piastri at\u00e9 o fim de julho<\/a><\/strong>, uma vez que Esteban Ocon est\u00e1 sob contrato. <\/p>\n\n\n\n<p class=\"wp-block-paragraph\">&#8220;Eu quero ficar. Ainda n\u00e3o conversamos oficialmente, apenas tomamos algumas x\u00edcaras de caf\u00e9, mas, sim, eu acho que a possibilidade vai existir&#8221;, disse.<\/p>\n\n\n\n<p class=\"wp-block-paragraph\">Independentemente da equipe n\u00e3o ter dado o salto sonhado na ordem de for\u00e7as da F\u00f3rmula 1, Fernando segue animado com o que pode vir nos pr\u00f3ximos anos. Tanto na parte da equipe quanto na sua pr\u00f3pria, j\u00e1 que se enxerga no auge.<\/p>\n\n\n\n<figure class=\"wp-block-image size-large\"><img decoding=\"async\" src=\"https:\/\/www.grandepremio.com\/br\/wp-content\/uploads\/2022\/04\/alpine-fernandoalonso-03-1024x683.jpg\" alt=\"\" class=\"wp-image-556091\"\/><figcaption>Fernando Alonso quer ficar com a Alpine (Foto: Alpine)<\/figcaption><\/figure>\n\n\n\n<figure class=\"wp-block-embed is-type-rich is-provider-spotify wp-block-embed-spotify wp-embed-aspect-21-9 wp-has-aspect-ratio\"><div class=\"wp-block-embed__wrapper\">\n<iframe title=\"Spotify Embed: Paddockast #148: O que est\u00e1 em jogo no GP da Espanha mais pesado dos \u00faltimos tempos\" style=\"border-radius: 12px\" width=\"100%\" height=\"152\" frameborder=\"0\" allowfullscreen allow=\"autoplay; clipboard-write; encrypted-media; fullscreen; picture-in-picture\" loading=\"lazy\" src=\"https:\/\/open.spotify.com\/embed\/episode\/5xSobr1RO6Jxh6JzWgfhBL?utm_source=oembed\"><\/iframe>\n<\/div><figcaption>Paddockast #148: O que est\u00e1 em jogo no GP da Espanha mais pesado dos \u00faltimos tempos<\/figcaption><\/figure>\n\n\n\n<p class=\"wp-block-paragraph\">&#8220;A motiva\u00e7\u00e3o de ganhar e nos aproximar dos primeiros colocados existe, ainda que saibamos que ser\u00e1 extremamente dif\u00edcil de fazer. Sabemos que temos algumas coisas que d\u00e1 para fazer. Neste primeiro ano das novas regras, aprendemos muito sobre os outros carros e filosofias, ent\u00e3o h\u00e1 muitos atalhos de desempenho que podemos encontrar bem facilmente&#8221;, falou.<\/p>\n\n\n\n<p class=\"wp-block-paragraph\">&#8220;No pr\u00f3ximo ano ou dois anos, eu adoraria continuar guiando, porque sinto que estou no melhor n\u00edvel neste momento e seria errado assistir a F1 de casa, da minha sala, estando com 100% das minhas habilidades&#8221;, apontou.<\/p>\n\n\n\n<p class=\"wp-block-paragraph\"><strong>LEIA MAIS<br>+ Alonso compara a futebol e diz que vive 2022 de <a href=\"https:\/\/www.grandepremio.com\/br\/f1\/noticias\/fernando-alonso-compara-futebol-vive-2022-time-joga-bem-empata\/\" class=\"ek-link\">&#8220;time que joga bem e s\u00f3 empata&#8221;<\/a><\/strong><\/p>\n\n\n\n<p class=\"wp-block-paragraph\">&#8220;Quando eu sentir que esse n\u00e3o \u00e9 o caso, serei o primeiro a levantar a m\u00e3o e parar, porque a F1 \u00e9 muito exigente: voc\u00ea tem de sacrificar muitas outras coisas para continuar guiando, mas, no momento, n\u00e3o vale a pena&#8221;, finalizou.<\/p>\n\n\n\n<p class=\"wp-block-paragraph\">O <strong>GRANDE PR\u00caMIO<\/strong> acompanha o GP da Espanha &#8216;in loco&#8217; com Eric Calduch e, al\u00e9m disso, segue todas as atividades do fim de semana <a href=\"https:\/\/www.grandepremio.com\/br\/f1\/ao-vivo\" class=\"ek-link\"><strong>AO VIVO e EM TEMPO REAL<\/strong><\/a>.<\/p>\n\n\n\n<figure class=\"wp-block-embed is-type-video is-provider-youtube wp-block-embed-youtube wp-embed-aspect-16-9 wp-has-aspect-ratio\"><div class=\"wp-block-embed__wrapper\">\n<iframe loading=\"lazy\" title=\"O QUE ALBON MOSTRA SOBRE PILOTOS DESCARTADOS NA F\u00d3RMULA 1?\" width=\"500\" height=\"281\" src=\"https:\/\/www.youtube.com\/embed\/3uEJd_NgwvQ?feature=oembed\" frameborder=\"0\" allow=\"accelerometer; autoplay; clipboard-write; encrypted-media; gyroscope; picture-in-picture; web-share\" referrerpolicy=\"strict-origin-when-cross-origin\" allowfullscreen><\/iframe>\n<\/div><figcaption>O QUE ALBON MOSTRA SOBRE PILOTOS DESCARTADOS NA F\u00d3RMULA 1?<\/figcaption><\/figure>\n","protected":false},"excerpt":{"rendered":"<p>Fernando Alonso afirmou que as conversas por novo contrato ainda n\u00e3o s\u00e3o oficiais, mas acredita que a chance de ficar na mesma Alpine \u00e9 boa<\/p>\n","protected":false},"author":0,"featured_media":1000548232,"comment_status":"closed","ping_status":"closed","sticky":false,"template":"","format":"standard","meta":{"42wp_featured_image_caption":"","42wp_featured_image_credits":"","42wp_featured_video":"","42wp_featured_image_hidden":false,"42wp_authors_list":[],"footnotes":""},"categories":[2],"tags":[],"42wp_author":[47120],"class_list":["post-112179","post","type-post","status-publish","format-standard","has-post-thumbnail","hentry","category-f1","42wp_author-pedro-henrique-marum"],"_links":{"self":[{"href":"https:\/\/grandepremio.com\/br\/wp-json\/wp\/v2\/posts\/112179","targetHints":{"allow":["GET"]}}],"collection":[{"href":"https:\/\/grandepremio.com\/br\/wp-json\/wp\/v2\/posts"}],"about":[{"href":"https:\/\/grandepremio.com\/br\/wp-json\/wp\/v2\/types\/post"}],"replies":[{"embeddable":true,"href":"https:\/\/grandepremio.com\/br\/wp-json\/wp\/v2\/comments?post=112179"}],"version-history":[{"count":0,"href":"https:\/\/grandepremio.com\/br\/wp-json\/wp\/v2\/posts\/112179\/revisions"}],"wp:featuredmedia":[{"embeddable":true,"href":"https:\/\/grandepremio.com\/br\/wp-json\/wp\/v2\/media\/1000548232"}],"wp:attachment":[{"href":"https:\/\/grandepremio.com\/br\/wp-json\/wp\/v2\/media?parent=112179"}],"wp:term":[{"taxonomy":"category","embeddable":true,"href":"https:\/\/grandepremio.com\/br\/wp-json\/wp\/v2\/categories?post=112179"},{"taxonomy":"post_tag","embeddable":true,"href":"https:\/\/grandepremio.com\/br\/wp-json\/wp\/v2\/tags?post=112179"},{"taxonomy":"42wp_author","embeddable":true,"href":"https:\/\/grandepremio.com\/br\/wp-json\/wp\/v2\/42wp_author?post=112179"}],"curies":[{"name":"wp","href":"https:\/\/api.w.org\/{rel}","templated":true}]}}