{"id":112182,"date":"2022-05-19T11:01:26","date_gmt":"2022-05-19T14:01:26","guid":{"rendered":"https:\/\/grandepremio.com\/br\/noticias\/fernando-alonso-compara-futebol-vive-2022-time-joga-bem-empata\/"},"modified":"2022-05-19T13:44:36","modified_gmt":"2022-05-19T16:44:36","slug":"fernando-alonso-compara-futebol-vive-2022-time-joga-bem-empata","status":"publish","type":"post","link":"https:\/\/grandepremio.com\/br\/f1\/fernando-alonso-compara-futebol-vive-2022-time-joga-bem-empata\/","title":{"rendered":"Alonso compara a futebol e diz que vive 2022 de &#8220;time que joga bem e s\u00f3 empata&#8221;"},"content":{"rendered":"\n<figure class=\"wp-block-embed is-type-video is-provider-youtube wp-block-embed-youtube wp-embed-aspect-16-9 wp-has-aspect-ratio\"><div class=\"wp-block-embed__wrapper\">\n<iframe loading=\"lazy\" title=\"FERRARI VIRA FISCAL DO TETO DE GASTOS + F1 2022 COM 22 CORRIDAS | TT GP #53\" width=\"500\" height=\"281\" src=\"https:\/\/www.youtube.com\/embed\/CIGBKi7Slqg?feature=oembed\" frameborder=\"0\" allow=\"accelerometer; autoplay; clipboard-write; encrypted-media; gyroscope; picture-in-picture; web-share\" referrerpolicy=\"strict-origin-when-cross-origin\" allowfullscreen><\/iframe>\n<\/div><figcaption>FERRARI VIRA FISCAL DO TETO DE GASTOS + F1 2022 COM 22 CORRIDAS | TT GP #53<\/figcaption><\/figure>\n\n\n\n<p class=\"wp-block-paragraph\">A saga de Fernando Alonso rumo aos pontos na temporada 2022 da F\u00f3rmula 1 segue hist\u00f3ria interessante. O bicampe\u00e3o acredita que est\u00e1 em alto n\u00edvel atr\u00e1s do volante nestas primeiras corridas, mas, mesmo assim, soma apenas dois pontos na temporada. Na chegada para a corrida de casa, em Barcelona, avaliou que est\u00e1 como um time de futebol que joga em bom n\u00edvel, mas n\u00e3o consegue sacramentar vit\u00f3rias.<\/p>\n\n\n\n<p class=\"wp-block-paragraph\"><strong>\u25b6\ufe0f&nbsp;Inscreva-se nos dois canais do GRANDE PR\u00caMIO no YouTube:&nbsp;<a href=\"https:\/\/www.youtube.com\/channel\/UC9OlHEgxoaY6QY6nWPoiqQg?sub_confirmation=1\" target=\"_blank\" rel=\"noreferrer noopener\">GP<\/a>&nbsp;|&nbsp;<a href=\"https:\/\/www.youtube.com\/channel\/UC9csiS6q_C3C0FYhyr1rnFA?sub_confirmation=1\" target=\"_blank\" rel=\"noreferrer noopener\">GP2<\/a><\/strong><br><strong>Ferrari em xeque, Red Bull em ascens\u00e3o e &#8216;nova&#8217; Mercedes: <a href=\"https:\/\/www.grandepremio.com\/br\/f1\/noticias\/ferrari-red-bull-mercedes-gp-espanha-barcelona-formula-1-2022\/\" class=\"ek-link\">GP da Espanha redesenha F1<\/a><\/strong><\/p>\n\n\n\n<p class=\"wp-block-paragraph\">Alonso segue com apenas dois pontos no campeonato e espera que o GP da Espanha seja onde conseguir\u00e1 transformar desempenho em subida na tabela de classifica\u00e7\u00e3o.<\/p>\n\n\n\n<p class=\"wp-block-paragraph\">&#8220;Essa corrida \u00e9 \u00fanica. Espero ir bem e somar pontos&#8221;, disse. &#8220;Este ano estamos tendo boas atua\u00e7\u00f5es, mas n\u00e3o conseguimos completar com os pontos que merecemos e pelos quais temos lutado aos domingos. \u00c9 como uma equipe que joga muito bom futebol, mas que s\u00f3 consegue empatar os jogos&#8221;, lamentou.<\/p>\n\n\n\n<figure class=\"wp-block-image size-large\"><img decoding=\"async\" src=\"https:\/\/www.grandepremio.com\/br\/wp-content\/uploads\/2022\/05\/alpine-fernandoalonso-04-1024x683.jpg\" alt=\"\" class=\"wp-image-565791\"\/><figcaption>Fernando Alonso vai enfim pontuar? (Foto: Alpine)<\/figcaption><\/figure>\n\n\n\n<figure class=\"wp-block-embed is-type-rich is-provider-spotify wp-block-embed-spotify wp-embed-aspect-21-9 wp-has-aspect-ratio\"><div class=\"wp-block-embed__wrapper\">\n<iframe title=\"Spotify Embed: Paddockast #148: O que est\u00e1 em jogo no GP da Espanha mais pesado dos \u00faltimos tempos\" style=\"border-radius: 12px\" width=\"100%\" height=\"152\" frameborder=\"0\" allowfullscreen allow=\"autoplay; clipboard-write; encrypted-media; fullscreen; picture-in-picture\" loading=\"lazy\" src=\"https:\/\/open.spotify.com\/embed\/episode\/5xSobr1RO6Jxh6JzWgfhBL?utm_source=oembed\"><\/iframe>\n<\/div><figcaption>Paddockast #148: O que est\u00e1 em jogo no GP da Espanha mais pesado dos \u00faltimos tempos<\/figcaption><\/figure>\n\n\n\n<p class=\"wp-block-paragraph\">&#8220;Espero que a partir de agora consigamos somar pontos. N\u00e3o estou preocupado, restam muitas corridas e a sorte acaba se equilibrando. De qualquer maneira, ainda temos poucos pontos, e isso precisa mudar&#8221;, afirmou.<\/p>\n\n\n\n<p class=\"wp-block-paragraph\">Com rela\u00e7\u00e3o \u00e0 A522 da Alpine, Alonso foi claro: \u00e9 um carro melhor que o do ano passado e d\u00e1 todas as condi\u00e7\u00f5es de passar praticamente todas as corridas na briga por pontos. Mas n\u00e3o haver\u00e1 nenhuma grande atualiza\u00e7\u00e3o estrutural para a corrida espanhola.<\/p>\n\n\n\n<p class=\"wp-block-paragraph\">&#8220;O carro melhorou neste ano. Era dif\u00edcil entrar no Q3 em 2021, mas em 2022 estamos normalmente entre quinto e o oitavo lugares, ent\u00e3o espero que continue assim. Em Barcelona, todos se acostumam a introduzir atualiza\u00e7\u00f5es, e isso pode mudar a ordem de for\u00e7as. \u00c9 o que me deixa ansioso, mas, sendo um fim de semana normal, devemos ter bom resultado&#8221;, opinou.<\/p>\n\n\n\n<p class=\"wp-block-paragraph\">&#8220;A nova asa dianteira \u00e9 simplesmente uma atualiza\u00e7\u00e3o das caracter\u00edsticas de Barcelona. Em Monza, teremos um asa diferente, adequada para aquela pista&#8221;, finalizou.<\/p>\n\n\n\n<p class=\"wp-block-paragraph\">O <strong>GRANDE PR\u00caMIO<\/strong> acompanha o GP da Espanha &#8216;in loco&#8217; com Eric Calduch e, al\u00e9m disso, segue todas as atividades do fim de semana <a href=\"https:\/\/www.grandepremio.com\/br\/f1\/ao-vivo\" class=\"ek-link\"><strong>AO VIVO<\/strong> e <strong>EM TEMPO REAL<\/strong><\/a>.<\/p>\n\n\n\n<figure class=\"wp-block-embed is-type-video is-provider-youtube wp-block-embed-youtube wp-embed-aspect-16-9 wp-has-aspect-ratio\"><div class=\"wp-block-embed__wrapper\">\n<iframe loading=\"lazy\" title=\"O QUE ALBON MOSTRA SOBRE PILOTOS DESCARTADOS NA F\u00d3RMULA 1?\" width=\"500\" height=\"281\" src=\"https:\/\/www.youtube.com\/embed\/3uEJd_NgwvQ?feature=oembed\" frameborder=\"0\" allow=\"accelerometer; autoplay; clipboard-write; encrypted-media; gyroscope; picture-in-picture; web-share\" referrerpolicy=\"strict-origin-when-cross-origin\" allowfullscreen><\/iframe>\n<\/div><figcaption>O QUE ALBON MOSTRA SOBRE PILOTOS DESCARTADOS NA F\u00d3RMULA 1?<\/figcaption><\/figure>\n","protected":false},"excerpt":{"rendered":"<p>Fernando Alonso espera sair do zero a zero e finalmente marcar bons pontos em 2022 &#8211; e logo na corrida de casa<\/p>\n","protected":false},"author":0,"featured_media":1000556113,"comment_status":"closed","ping_status":"closed","sticky":false,"template":"","format":"standard","meta":{"42wp_featured_image_caption":"","42wp_featured_image_credits":"","42wp_featured_video":"","42wp_featured_image_hidden":false,"42wp_authors_list":[],"footnotes":""},"categories":[2],"tags":[20491,304,1357,176,31064,996,24836,28285],"42wp_author":[47120],"class_list":["post-112182","post","type-post","status-publish","format-standard","has-post-thumbnail","hentry","category-f1","tag-alpine","tag-barcelona","tag-f1-2022","tag-fernando-alonso","tag-formula-1-2022-3","tag-gp-da-espanha","tag-grande-premio-2","tag-grandepremio","42wp_author-pedro-henrique-marum"],"_links":{"self":[{"href":"https:\/\/grandepremio.com\/br\/wp-json\/wp\/v2\/posts\/112182","targetHints":{"allow":["GET"]}}],"collection":[{"href":"https:\/\/grandepremio.com\/br\/wp-json\/wp\/v2\/posts"}],"about":[{"href":"https:\/\/grandepremio.com\/br\/wp-json\/wp\/v2\/types\/post"}],"replies":[{"embeddable":true,"href":"https:\/\/grandepremio.com\/br\/wp-json\/wp\/v2\/comments?post=112182"}],"version-history":[{"count":0,"href":"https:\/\/grandepremio.com\/br\/wp-json\/wp\/v2\/posts\/112182\/revisions"}],"wp:featuredmedia":[{"embeddable":true,"href":"https:\/\/grandepremio.com\/br\/wp-json\/wp\/v2\/media\/1000556113"}],"wp:attachment":[{"href":"https:\/\/grandepremio.com\/br\/wp-json\/wp\/v2\/media?parent=112182"}],"wp:term":[{"taxonomy":"category","embeddable":true,"href":"https:\/\/grandepremio.com\/br\/wp-json\/wp\/v2\/categories?post=112182"},{"taxonomy":"post_tag","embeddable":true,"href":"https:\/\/grandepremio.com\/br\/wp-json\/wp\/v2\/tags?post=112182"},{"taxonomy":"42wp_author","embeddable":true,"href":"https:\/\/grandepremio.com\/br\/wp-json\/wp\/v2\/42wp_author?post=112182"}],"curies":[{"name":"wp","href":"https:\/\/api.w.org\/{rel}","templated":true}]}}