{"id":112195,"date":"2022-05-19T04:45:00","date_gmt":"2022-05-19T07:45:00","guid":{"rendered":"https:\/\/grandepremio.com\/br\/noticias\/com-alexander-albon-alta-hora-williams-sacar-nicholas-latifi-jornalistas-discutem\/"},"modified":"2022-05-18T18:34:18","modified_gmt":"2022-05-18T21:34:18","slug":"com-alexander-albon-alta-hora-williams-sacar-nicholas-latifi-jornalistas-discutem","status":"publish","type":"post","link":"https:\/\/grandepremio.com\/br\/f1\/com-alexander-albon-alta-hora-williams-sacar-nicholas-latifi-jornalistas-discutem\/","title":{"rendered":"Com Albon em alta, \u00e9 hora da Williams sacar Latifi? Jornalistas discutem"},"content":{"rendered":"\n<p class=\"wp-block-paragraph\">Nem parece que Alexander Albon ficou um ano fora da F\u00f3rmula 1, j\u00e1 que o anglo-tailand\u00eas faz quase o imposs\u00edvel com o carro da Williams. E isso mostra ainda mais o desempenho abaixo de seu companheiro de equipe Nicholas Latifi, que parece longe de fazer o mesmo \u2014 e que tem um Nyck de Vries j\u00e1 relacionado a uma poss\u00edvel oportunidade na Williams. Foi a discuss\u00e3o do Paddock GP #287. <\/p>\n\n\n\n<p class=\"wp-block-paragraph\"><strong>Assista ao trecho completo abaixo:<\/strong><\/p>\n\n\n\n<figure class=\"wp-block-embed is-type-rich is-provider-incorporar-manipulador wp-block-embed-incorporar-manipulador wp-embed-aspect-16-9 wp-has-aspect-ratio\"><div class=\"wp-block-embed__wrapper\">\nhttps:\/\/www.youtube.com\/watch?v=xU59lqZNJLc?start=3390\n<\/div><\/figure>\n","protected":false},"excerpt":{"rendered":"<p>Est\u00e1 na hora de sacar Nicholas Latifi da Williams? Victor Martins, Evelyn Guimar\u00e3es e Gabriel Curty discutiram no Paddock GP #287 <\/p>\n","protected":false},"author":0,"featured_media":1000565346,"comment_status":"closed","ping_status":"closed","sticky":false,"template":"","format":"standard","meta":{"42wp_featured_image_caption":"","42wp_featured_image_credits":"","42wp_featured_video":"","42wp_featured_image_hidden":false,"42wp_authors_list":[],"footnotes":""},"categories":[2],"tags":[304,2154,207,230,996,24836,82,1537,29362,204,486],"42wp_author":[47139],"class_list":["post-112195","post","type-post","status-publish","format-standard","has-post-thumbnail","hentry","category-f1","tag-barcelona","tag-evelyn-guimaraes","tag-ferrari","tag-gabriel-curty","tag-gp-da-espanha","tag-grande-premio-2","tag-mercedes","tag-paddock-gp","tag-programas-grande-premio-2","tag-red-bull","tag-victor-martins","42wp_author-ana-cerveira"],"_links":{"self":[{"href":"https:\/\/grandepremio.com\/br\/wp-json\/wp\/v2\/posts\/112195","targetHints":{"allow":["GET"]}}],"collection":[{"href":"https:\/\/grandepremio.com\/br\/wp-json\/wp\/v2\/posts"}],"about":[{"href":"https:\/\/grandepremio.com\/br\/wp-json\/wp\/v2\/types\/post"}],"replies":[{"embeddable":true,"href":"https:\/\/grandepremio.com\/br\/wp-json\/wp\/v2\/comments?post=112195"}],"version-history":[{"count":0,"href":"https:\/\/grandepremio.com\/br\/wp-json\/wp\/v2\/posts\/112195\/revisions"}],"wp:featuredmedia":[{"embeddable":true,"href":"https:\/\/grandepremio.com\/br\/wp-json\/wp\/v2\/media\/1000565346"}],"wp:attachment":[{"href":"https:\/\/grandepremio.com\/br\/wp-json\/wp\/v2\/media?parent=112195"}],"wp:term":[{"taxonomy":"category","embeddable":true,"href":"https:\/\/grandepremio.com\/br\/wp-json\/wp\/v2\/categories?post=112195"},{"taxonomy":"post_tag","embeddable":true,"href":"https:\/\/grandepremio.com\/br\/wp-json\/wp\/v2\/tags?post=112195"},{"taxonomy":"42wp_author","embeddable":true,"href":"https:\/\/grandepremio.com\/br\/wp-json\/wp\/v2\/42wp_author?post=112195"}],"curies":[{"name":"wp","href":"https:\/\/api.w.org\/{rel}","templated":true}]}}