{"id":112197,"date":"2022-05-19T04:15:00","date_gmt":"2022-05-19T07:15:00","guid":{"rendered":"https:\/\/grandepremio.com\/br\/noticias\/alex-albon-destaca-papel-lider-williams-cre-evolucao-formula-1-2022\/"},"modified":"2022-05-18T18:33:50","modified_gmt":"2022-05-18T21:33:50","slug":"alex-albon-destaca-papel-lider-williams-cre-evolucao-formula-1-2022","status":"publish","type":"post","link":"https:\/\/grandepremio.com\/br\/f1\/alex-albon-destaca-papel-lider-williams-cre-evolucao-formula-1-2022\/","title":{"rendered":"Albon destaca papel de l\u00edder da Williams e cr\u00ea em evolu\u00e7\u00e3o na F\u00f3rmula 1 2022"},"content":{"rendered":"\n<figure class=\"wp-block-embed is-type-video is-provider-youtube wp-block-embed-youtube wp-embed-aspect-16-9 wp-has-aspect-ratio\"><div class=\"wp-block-embed__wrapper\">\n<iframe loading=\"lazy\" title=\"O QUE ALBON MOSTRA SOBRE PILOTOS DESCARTADOS NA F\u00d3RMULA 1?\" width=\"500\" height=\"281\" src=\"https:\/\/www.youtube.com\/embed\/3uEJd_NgwvQ?feature=oembed\" frameborder=\"0\" allow=\"accelerometer; autoplay; clipboard-write; encrypted-media; gyroscope; picture-in-picture; web-share\" referrerpolicy=\"strict-origin-when-cross-origin\" allowfullscreen><\/iframe>\n<\/div><figcaption>O QUE ALBON MOSTRA SOBRE PILOTOS DESCARTADOS NA F\u00d3RMULA 1?<br><\/figcaption><\/figure>\n\n\n\n<p class=\"wp-block-paragraph\">Alexander Albon ficou um ano fora da F\u00f3rmula 1, mas j\u00e1 tinha grande responsabilidade antes mesmo de sua primeira corrida pela Williams: liderar o time de Grove. <a href=\"https:\/\/www.grandepremio.com\/br\/f1\/noticias\/chefe-williams-espera-alex-albon-ocupe-posicao-george-russell-como-lider-equipe-2022\/\" class=\"ek-link\">Era o que Jost Capito, chefe da equipe, gostaria que o piloto de 26 anos fizesse em seu retorno \u00e0 categoria<\/a>. E \u00e9 algo que o pr\u00f3prio Alex acredita ter feito at\u00e9 aqui.<\/p>\n\n\n\n<p class=\"wp-block-paragraph\">N\u00e3o tem sido f\u00e1cil, apesar de gostar da nova fun\u00e7\u00e3o, segundo ele. A Williams ainda tem um FW44 limitado, mas o anglo-tailand\u00eas parece tirar muito mais do que o carro \u00e9 capaz de oferecer, al\u00e9m de tamb\u00e9m mostrar consist\u00eancia nas corridas. Foi assim que Albon pontuou em Miami e na Austr\u00e1lia \u2014 onde ficou em 9\u00ba e 10\u00ba lugares.<\/p>\n\n\n\n<p class=\"wp-block-paragraph\">&#8220;Gosto bastante [de liderar a equipe]. \u00c9 um novo papel para mim&#8221;, disse ele. &#8220;Mas sinto que tive aquele ano na Red Bull [em que subiu \u00e0 equipe principal no meio da temporada de 2019] em que pude me desenvolver, n\u00e3o apenas como piloto, mas como pessoa, sinto-me mais maduro&#8221;, acrescentou.<\/p>\n\n\n\n<figure class=\"wp-block-image size-large\"><img decoding=\"async\" src=\"https:\/\/www.grandepremio.com\/br\/wp-content\/uploads\/2022\/05\/williams-alexanderalbon-01-3-1024x683.jpg\" alt=\"\" class=\"wp-image-565809\"\/><figcaption>Alexander Albon terminou em 9\u00ba em Miami (Foto: Williams)<\/figcaption><\/figure>\n\n\n\n<p class=\"wp-block-paragraph\">\u201cSinto que posso ser esse l\u00edder de equipe, e tentar colocar isso em uso. Fazer parte desse desenvolvimento \u00e9 emocionante. Estudamos bastante no simulador, certificando-nos de que estamos na dire\u00e7\u00e3o certa. \u00c9 muito legal fazer parte de uma equipe onde todos os ouvidos est\u00e3o abertos e estamos todos tentando o melhor para a equipe&#8221;, seguiu. <\/p>\n\n\n\n<p class=\"wp-block-paragraph\">Embora seja \u00faltima colocada no Mundial de Construtores, o #23 cr\u00ea na recupera\u00e7\u00e3o da Williams. Contudo, ele aponta que o teto or\u00e7ament\u00e1rio \u00e9 uma quest\u00e3o para as equipes e, portanto, \u00e9 preciso focar na raiz dos problemas para tentar melhorar o rendimento. <\/p>\n\n\n\n<p class=\"wp-block-paragraph\">&#8220;\u00c9 mais ou menos uma quest\u00e3o de efici\u00eancia. \u00c9 sobre escolher as atualiza\u00e7\u00f5es certas no momento certo e ter certeza de que estamos fazendo as etapas certas para conseguir isso. Porque \u00e9 f\u00e1cil ver muitos problemas de uma s\u00f3 vez e depois dizer: &#8216;Precisamos arrumar tudo'&#8221;, explicou.<\/p>\n\n\n\n<p class=\"wp-block-paragraph\">&#8220;Mas, falando de forma realista, s\u00f3 precisamos escolher os maiores problemas e nos concentrar neles. Especialmente com o teto or\u00e7ament\u00e1rio, voc\u00ea precisa ser muito seletivo sobre o que atualizar. Ent\u00e3o esse \u00e9 o plano agora&#8221;, encerrou. <\/p>\n\n\n\n<figure class=\"wp-block-embed is-type-video is-provider-youtube wp-block-embed-youtube wp-embed-aspect-16-9 wp-has-aspect-ratio\"><div class=\"wp-block-embed__wrapper\">\n<iframe loading=\"lazy\" title=\"F1 2022: AINDA DISTANTE DE NORRIS, AT\u00c9 ONDE VAI A PACI\u00caNCIA DA McLAREN COM RICCIARDO?\" width=\"500\" height=\"281\" src=\"https:\/\/www.youtube.com\/embed\/keIjQ3pHNsc?feature=oembed\" frameborder=\"0\" allow=\"accelerometer; autoplay; clipboard-write; encrypted-media; gyroscope; picture-in-picture; web-share\" referrerpolicy=\"strict-origin-when-cross-origin\" allowfullscreen><\/iframe>\n<\/div><figcaption>F1 2022: AINDA DISTANTE DE NORRIS, AT\u00c9 ONDE VAI A PACI\u00caNCIA DA McLAREN COM RICCIARDO?<br><\/figcaption><\/figure>\n\n\n\n<p class=\"wp-block-paragraph\"><br><br><\/p>\n","protected":false},"excerpt":{"rendered":"<p>Alexander Albon admitiu que est\u00e1 gostando de ser o l\u00edder da Williams em 2022 e prev\u00ea que a equipe ir\u00e1 melhorar o carro no momento certo <\/p>\n","protected":false},"author":0,"featured_media":1000566104,"comment_status":"closed","ping_status":"closed","sticky":false,"template":"","format":"standard","meta":{"42wp_featured_image_caption":"","42wp_featured_image_credits":"","42wp_featured_video":"","42wp_featured_image_hidden":false,"42wp_authors_list":[],"footnotes":""},"categories":[2],"tags":[25066,1357,24837,31064,25081,801,4210,215],"42wp_author":[47139],"class_list":["post-112197","post","type-post","status-publish","format-standard","has-post-thumbnail","hentry","category-f1","tag-calendario-da-f1","tag-f1-2022","tag-formula-1-2","tag-formula-1-2022-3","tag-horarios-da-f1-2","tag-nicholas-latifi","tag-temporada-2022","tag-williams","42wp_author-ana-cerveira"],"_links":{"self":[{"href":"https:\/\/grandepremio.com\/br\/wp-json\/wp\/v2\/posts\/112197","targetHints":{"allow":["GET"]}}],"collection":[{"href":"https:\/\/grandepremio.com\/br\/wp-json\/wp\/v2\/posts"}],"about":[{"href":"https:\/\/grandepremio.com\/br\/wp-json\/wp\/v2\/types\/post"}],"replies":[{"embeddable":true,"href":"https:\/\/grandepremio.com\/br\/wp-json\/wp\/v2\/comments?post=112197"}],"version-history":[{"count":0,"href":"https:\/\/grandepremio.com\/br\/wp-json\/wp\/v2\/posts\/112197\/revisions"}],"wp:featuredmedia":[{"embeddable":true,"href":"https:\/\/grandepremio.com\/br\/wp-json\/wp\/v2\/media\/1000566104"}],"wp:attachment":[{"href":"https:\/\/grandepremio.com\/br\/wp-json\/wp\/v2\/media?parent=112197"}],"wp:term":[{"taxonomy":"category","embeddable":true,"href":"https:\/\/grandepremio.com\/br\/wp-json\/wp\/v2\/categories?post=112197"},{"taxonomy":"post_tag","embeddable":true,"href":"https:\/\/grandepremio.com\/br\/wp-json\/wp\/v2\/tags?post=112197"},{"taxonomy":"42wp_author","embeddable":true,"href":"https:\/\/grandepremio.com\/br\/wp-json\/wp\/v2\/42wp_author?post=112197"}],"curies":[{"name":"wp","href":"https:\/\/api.w.org\/{rel}","templated":true}]}}