{"id":112212,"date":"2022-05-18T10:11:21","date_gmt":"2022-05-18T13:11:21","guid":{"rendered":"https:\/\/grandepremio.com\/br\/noticias\/formula-e-substitui-diriyah-escolhe-mexico-sediar-abertura-era-gen3-2023\/"},"modified":"2022-05-18T11:08:48","modified_gmt":"2022-05-18T14:08:48","slug":"formula-e-substitui-diriyah-escolhe-mexico-sediar-abertura-era-gen3-2023","status":"publish","type":"post","link":"https:\/\/grandepremio.com\/br\/formula-e\/formula-e-substitui-diriyah-escolhe-mexico-sediar-abertura-era-gen3-2023\/","title":{"rendered":"F\u00f3rmula E substitui Diriyah e escolhe M\u00e9xico para sediar abertura da Era Gen3 em 2023"},"content":{"rendered":"\n<figure class=\"wp-block-embed is-type-video is-provider-youtube wp-block-embed-youtube wp-embed-aspect-16-9 wp-has-aspect-ratio\"><div class=\"wp-block-embed__wrapper\">\n<iframe loading=\"lazy\" title=\"MUDAN\u00c7AS \u00c0 VISTA! MERCADO DE PILOTOS PEGA FOGO NA F\u00d3RMULA E \u00c0S VESPERAS DE BERLIM\" width=\"500\" height=\"281\" src=\"https:\/\/www.youtube.com\/embed\/RpMuShrLj7E?feature=oembed\" frameborder=\"0\" allow=\"accelerometer; autoplay; clipboard-write; encrypted-media; gyroscope; picture-in-picture; web-share\" referrerpolicy=\"strict-origin-when-cross-origin\" allowfullscreen><\/iframe>\n<\/div><figcaption>MUDAN\u00c7AS \u00c0 VISTA! MERCADO DE PILOTOS PEGA FOGO NA F\u00d3RMULA E \u00c0S VESPERAS DE BERLIM<\/figcaption><\/figure>\n\n\n\n<p class=\"wp-block-paragraph\"><a href=\"https:\/\/www.grandepremio.com\/br\/formula-e\/noticias\/formula-e-adia-estreia-era-gen3-marca-inicio-temporada-2023\/\" target=\"_blank\" aria-label=\"O adiamento do in\u00edcio da Era Gen3 (opens in a new tab)\" rel=\"noreferrer noopener\" class=\"ek-link\">O adiamento do in\u00edcio da Era Gen3<\/a> na F\u00f3rmula E \u2014 para que fornecedores e equipes clientes tenham mais tempo para conduzir o desenvolvimento de seus novos carros \u2014 vai alterar tamb\u00e9m a ordem das corridas no calend\u00e1rio da categoria. Cotada como abertura do campeonato novamente no ano que vem, a cidade de Diriyah ser\u00e1 substitu\u00edda pela Cidade do M\u00e9xico, que vai passar a receber a primeira etapa do Mundial em 2023.<\/p>\n\n\n\n<p class=\"wp-block-paragraph\">Ser\u00e1 a primeira vez que Diriyah n\u00e3o hospeda a abertura do campeonato desde que passou a fazer parte da F\u00f3rmula E, ainda no ano de 2018. Foram sete corridas at\u00e9 aqui na cidade \u00e1rabe, com tr\u00eas jornadas duplas em 2019, 2020 e 2021, al\u00e9m da disputa \u00fanica no ano de estreia. Nyck de Vries e Sam Bird venceram duas vezes cada, com um triunfo para Ant\u00f3nio F\u00e9lix da Costa, Alexander Sims e Edoardo Mortara.<\/p>\n\n\n\n<p class=\"wp-block-paragraph\">Assim, a F\u00f3rmula E retorna ao M\u00e9xico \u2014 dessa vez para abrir o campeonato \u2014 e o palco ser\u00e1 o Aut\u00f3dromo Hermanos Rodr\u00edguez, que recebeu seis das oito corridas da categoria no pa\u00eds \u2014 as outras duas foram em Puebla, devido \u00e0 pandemia \u2014, mas nunca foi a etapa de abertura.<\/p>\n\n\n\n<figure class=\"wp-block-image size-large\"><img decoding=\"async\" src=\"https:\/\/www.grandepremio.com\/br\/wp-content\/uploads\/2022\/02\/GPF3-4-1024x683.jpeg\" alt=\"\" class=\"wp-image-541280\"\/><figcaption>Pascal Wehrlein conquistou sua \u00fanica vit\u00f3ria na F\u00f3rmula E este ano, na Cidade do M\u00e9xico (Foto: F\u00f3rmula E)<\/figcaption><\/figure>\n\n\n\n<p class=\"wp-block-paragraph\"><strong>\u25b6\ufe0f&nbsp;<a href=\"https:\/\/www.twitch.tv\/grandepremio\" target=\"_blank\" rel=\"noreferrer noopener\">Conhe\u00e7a o canal do GRANDE PR\u00caMIO na Twitch clicando aqui!<\/a><\/strong><\/p>\n\n\n\n<p class=\"wp-block-paragraph\">&#8220;Originalmente, [Diriyah] estava programada para ser a primeira corrida, mas conforme tivemos que adiar tudo por causa dos testes para a Gen3, fomos for\u00e7ados a mover as coisas&#8221;, revelou o cofundador e chefe da F\u00f3rmula E, Alberto Longo, ao portal ingl\u00eas The Race. &#8220;Esse quebra-cabe\u00e7a significou que a Ar\u00e1bia Saudita n\u00e3o poderia ser a primeira corrida, ent\u00e3o fizemos o que pod\u00edamos com o calend\u00e1rio&#8221;, admitiu.<\/p>\n\n\n\n<p class=\"wp-block-paragraph\">&#8220;Obviamente, o interesse de diferentes cidades ao redor do mundo e o momento em que podem realmente hospedar a F\u00f3rmula E, al\u00e9m de levar em considera\u00e7\u00e3o muitas outras coisas, como clima e todos os desafios que encontramos ao definir o calend\u00e1rio significam que infelizmente, a Ar\u00e1bia Saudita n\u00e3o ser\u00e1 a primeira corrida&#8221;, salientou.<\/p>\n\n\n\n<p class=\"wp-block-paragraph\">Na configura\u00e7\u00e3o do calend\u00e1rio para a temporada 2022\/2023 ap\u00f3s a mudan\u00e7a adiantada por Longo, \u00e9 poss\u00edvel imaginar que a etapa de Diriyah seja a segunda do campeonato \u2014 logo ap\u00f3s o M\u00e9xico, em janeiro \u2014 seguida pela estreia da F\u00f3rmula E em Hyderabad, na \u00cdndia \u2014 <a href=\"https:\/\/www.grandepremio.com\/br\/formula-e\/noticias\/hyderabad-confirma-candidatura-e-formula-e-pode-ter-eprix-na-india-em-2023\/\" target=\"_blank\" aria-label=\"que ainda ser\u00e1 confirmada oficialmente (opens in a new tab)\" rel=\"noreferrer noopener\" class=\"ek-link\">que ainda ser\u00e1 confirmada oficialmente<\/a> \u2014, al\u00e9m da Cidade do Cabo, na \u00c1frica do Sul, e logo em seguida o primeiro eP de S\u00e3o Paulo da categoria em 25 de mar\u00e7o.<\/p>\n\n\n\n<figure class=\"wp-block-image size-large\"><img decoding=\"async\" src=\"https:\/\/www.grandepremio.com\/br\/wp-content\/uploads\/2022\/01\/Largada-eP-de-Diriyah-Formula-E-1024x576.jpg\" alt=\"\" class=\"wp-image-538075\"\/><figcaption>Largada do eP de Diriyah, que deixar\u00e1 de ser a abertura da F\u00f3rmula E no ano que vem (Foto: Reprodu\u00e7\u00e3o\/F\u00f3rmula E)<\/figcaption><\/figure>\n\n\n\n<p class=\"wp-block-paragraph\"><strong>\u25b6\ufe0f&nbsp;Inscreva-se nos dois canais do GRANDE PR\u00caMIO no YouTube:&nbsp;<a href=\"https:\/\/www.youtube.com\/channel\/UC9OlHEgxoaY6QY6nWPoiqQg?sub_confirmation=1\" target=\"_blank\" rel=\"noreferrer noopener\">GP<\/a>&nbsp;|&nbsp;<a href=\"https:\/\/www.youtube.com\/channel\/UC9csiS6q_C3C0FYhyr1rnFA?sub_confirmation=1\" target=\"_blank\" rel=\"noreferrer noopener\">GP2<\/a><\/strong><\/p>\n\n\n\n<p class=\"wp-block-paragraph\">Por fim, o dirigente ainda adiantou que a categoria pensa em expandir o calend\u00e1rio para o ano que vem, com 14 etapas ao inv\u00e9s das dez atuais: Diriyah, Roma, Berlim, Nova York, Londres, Seul, Cidade do M\u00e9xico, M\u00f4naco, Jacarta e Marrakech \u2014 sendo que as seis primeiras hospedam rodadas duplas.<\/p>\n\n\n\n<p class=\"wp-block-paragraph\">&#8220;Estamos em discuss\u00f5es internas sobre se teremos uma expans\u00e3o no n\u00famero de cidades que visitamos&#8221;, explicou Longo. &#8220;Isso \u00e9 um fato. Ent\u00e3o, esse ano, vamos a dez. No ano que vem ser\u00e3o 12 ou 13 eventos no m\u00ednimo, com 14 no m\u00e1ximo. Ainda vamos discutir se seremos agressivos assim ou se vamos nos conter um pouco mais. Ent\u00e3o, cresceremos novamente na temporada seguinte, a d\u00e9cima, que tamb\u00e9m ser\u00e1 um grande ano para n\u00f3s&#8221;, encerrou.<\/p>\n","protected":false},"excerpt":{"rendered":"<p>Adiamento do in\u00edcio da Era Gen3 na F\u00f3rmula E causou mudan\u00e7as no calend\u00e1rio, e a Cidade do M\u00e9xico foi escolhida para substituir Diriyah como abertura da temporada 2022\/2023<\/p>\n","protected":false},"author":0,"featured_media":0,"comment_status":"closed","ping_status":"closed","sticky":false,"template":"","format":"standard","meta":{"42wp_featured_image_caption":"","42wp_featured_image_credits":"","42wp_featured_video":"","42wp_featured_image_hidden":false,"42wp_authors_list":[],"footnotes":""},"categories":[19],"tags":[5050,4981,379,27903,840,28327,1601,24836,28285,2380],"42wp_author":[47142],"class_list":["post-112212","post","type-post","status-publish","format-standard","hentry","category-formula-e","tag-berlim","tag-ep-de-berlim","tag-fe","tag-fe-2022","tag-formula-e","tag-formula-e-2022","tag-gen3","tag-grande-premio-2","tag-grandepremio","tag-sao-paulo","42wp_author-jp-nascimento"],"_links":{"self":[{"href":"https:\/\/grandepremio.com\/br\/wp-json\/wp\/v2\/posts\/112212","targetHints":{"allow":["GET"]}}],"collection":[{"href":"https:\/\/grandepremio.com\/br\/wp-json\/wp\/v2\/posts"}],"about":[{"href":"https:\/\/grandepremio.com\/br\/wp-json\/wp\/v2\/types\/post"}],"replies":[{"embeddable":true,"href":"https:\/\/grandepremio.com\/br\/wp-json\/wp\/v2\/comments?post=112212"}],"version-history":[{"count":0,"href":"https:\/\/grandepremio.com\/br\/wp-json\/wp\/v2\/posts\/112212\/revisions"}],"wp:attachment":[{"href":"https:\/\/grandepremio.com\/br\/wp-json\/wp\/v2\/media?parent=112212"}],"wp:term":[{"taxonomy":"category","embeddable":true,"href":"https:\/\/grandepremio.com\/br\/wp-json\/wp\/v2\/categories?post=112212"},{"taxonomy":"post_tag","embeddable":true,"href":"https:\/\/grandepremio.com\/br\/wp-json\/wp\/v2\/tags?post=112212"},{"taxonomy":"42wp_author","embeddable":true,"href":"https:\/\/grandepremio.com\/br\/wp-json\/wp\/v2\/42wp_author?post=112212"}],"curies":[{"name":"wp","href":"https:\/\/api.w.org\/{rel}","templated":true}]}}