{"id":112225,"date":"2022-05-17T15:00:00","date_gmt":"2022-05-17T18:00:00","guid":{"rendered":"https:\/\/grandepremio.com\/br\/noticias\/ferrari-tem-carro-preparado-precisa-acertar-tudo-espanha-ve-evelyn-guimaraes\/"},"modified":"2022-05-17T13:33:03","modified_gmt":"2022-05-17T16:33:03","slug":"ferrari-tem-carro-preparado-precisa-acertar-tudo-espanha-ve-evelyn-guimaraes","status":"publish","type":"post","link":"https:\/\/grandepremio.com\/br\/f1\/ferrari-tem-carro-preparado-precisa-acertar-tudo-espanha-ve-evelyn-guimaraes\/","title":{"rendered":"Ferrari tem carro preparado, mas precisa acertar tudo na Espanha, v\u00ea Evelyn Guimar\u00e3es"},"content":{"rendered":"\n<p class=\"wp-block-paragraph\">Num circuito que n\u00e3o exige tanta velocidade de reta, a Ferrari parecer tem um carro minimamente preparado com a F1-75. Contudo, ainda n\u00e3o \u00e9 suficiente. \u00c9 preciso acertar a opera\u00e7\u00e3o, a estrat\u00e9gia e, sobretudo, ter ambos os pilotos 100% em pista. Foi a an\u00e1lise de Evelyn Guimar\u00e3es no Paddock GP #287. <\/p>\n\n\n\n<p class=\"wp-block-paragraph\"><strong>Assista ao trecho completo abaixo:<\/strong><\/p>\n\n\n\n<figure class=\"wp-block-embed is-type-rich is-provider-incorporar-manipulador wp-block-embed-incorporar-manipulador wp-embed-aspect-16-9 wp-has-aspect-ratio\"><div class=\"wp-block-embed__wrapper\">\nhttps:\/\/www.youtube.com\/watch?v=xU59lqZNJLc?start=1556\n<\/div><\/figure>\n\n\n\n<p class=\"wp-block-paragraph\"><strong>\u25b6\ufe0f&nbsp;Inscreva-se nos dois canais do GRANDE PR\u00caMIO no YouTube:&nbsp;<a href=\"https:\/\/www.youtube.com\/channel\/UC9OlHEgxoaY6QY6nWPoiqQg?sub_confirmation=1\" target=\"_blank\" rel=\"noreferrer noopener\">GP<\/a>&nbsp;|&nbsp;<a href=\"https:\/\/www.youtube.com\/channel\/UC9csiS6q_C3C0FYhyr1rnFA?sub_confirmation=1\" target=\"_blank\" rel=\"noreferrer noopener\">GP2<\/a><\/strong><\/p>\n","protected":false},"excerpt":{"rendered":"<p>De acordo com Evelyn Guimar\u00e3es, a Ferrari tem um bom pacote para o GP da Espanha, mas \u00e9 preciso acertar tudo numa corrida t\u00e3o importante<\/p>\n","protected":false},"author":0,"featured_media":1000565875,"comment_status":"closed","ping_status":"closed","sticky":false,"template":"","format":"standard","meta":{"42wp_featured_image_caption":"","42wp_featured_image_credits":"","42wp_featured_video":"","42wp_featured_image_hidden":false,"42wp_authors_list":[],"footnotes":""},"categories":[2],"tags":[304,2154,207,230,996,24836,82,1537,29362,204,486],"42wp_author":[47139],"class_list":["post-112225","post","type-post","status-publish","format-standard","has-post-thumbnail","hentry","category-f1","tag-barcelona","tag-evelyn-guimaraes","tag-ferrari","tag-gabriel-curty","tag-gp-da-espanha","tag-grande-premio-2","tag-mercedes","tag-paddock-gp","tag-programas-grande-premio-2","tag-red-bull","tag-victor-martins","42wp_author-ana-cerveira"],"_links":{"self":[{"href":"https:\/\/grandepremio.com\/br\/wp-json\/wp\/v2\/posts\/112225","targetHints":{"allow":["GET"]}}],"collection":[{"href":"https:\/\/grandepremio.com\/br\/wp-json\/wp\/v2\/posts"}],"about":[{"href":"https:\/\/grandepremio.com\/br\/wp-json\/wp\/v2\/types\/post"}],"replies":[{"embeddable":true,"href":"https:\/\/grandepremio.com\/br\/wp-json\/wp\/v2\/comments?post=112225"}],"version-history":[{"count":0,"href":"https:\/\/grandepremio.com\/br\/wp-json\/wp\/v2\/posts\/112225\/revisions"}],"wp:featuredmedia":[{"embeddable":true,"href":"https:\/\/grandepremio.com\/br\/wp-json\/wp\/v2\/media\/1000565875"}],"wp:attachment":[{"href":"https:\/\/grandepremio.com\/br\/wp-json\/wp\/v2\/media?parent=112225"}],"wp:term":[{"taxonomy":"category","embeddable":true,"href":"https:\/\/grandepremio.com\/br\/wp-json\/wp\/v2\/categories?post=112225"},{"taxonomy":"post_tag","embeddable":true,"href":"https:\/\/grandepremio.com\/br\/wp-json\/wp\/v2\/tags?post=112225"},{"taxonomy":"42wp_author","embeddable":true,"href":"https:\/\/grandepremio.com\/br\/wp-json\/wp\/v2\/42wp_author?post=112225"}],"curies":[{"name":"wp","href":"https:\/\/api.w.org\/{rel}","templated":true}]}}