{"id":112239,"date":"2022-05-17T04:45:00","date_gmt":"2022-05-17T07:45:00","guid":{"rendered":"https:\/\/grandepremio.com\/br\/noticias\/sergio-sette-camara-lamenta-dragon-ritmo-berlim-rivais-outra-categoria\/"},"modified":"2022-05-16T16:12:26","modified_gmt":"2022-05-16T19:12:26","slug":"sergio-sette-camara-lamenta-dragon-ritmo-berlim-rivais-outra-categoria","status":"publish","type":"post","link":"https:\/\/grandepremio.com\/br\/formula-e\/sergio-sette-camara-lamenta-dragon-ritmo-berlim-rivais-outra-categoria\/","title":{"rendered":"Sette C\u00e2mara lamenta Dragon &#8220;sem ritmo&#8221; em Berlim e v\u00ea rivais &#8220;em outra categoria&#8221;"},"content":{"rendered":"\n<figure class=\"wp-block-embed is-type-video is-provider-youtube wp-block-embed-youtube wp-embed-aspect-16-9 wp-has-aspect-ratio\"><div class=\"wp-block-embed__wrapper\">\n<iframe loading=\"lazy\" title=\"MUDAN\u00c7AS \u00c0 VISTA! MERCADO DE PILOTOS PEGA FOGO NA F\u00d3RMULA E \u00c0S VESPERAS DE BERLIM\" width=\"500\" height=\"281\" src=\"https:\/\/www.youtube.com\/embed\/RpMuShrLj7E?feature=oembed\" frameborder=\"0\" allow=\"accelerometer; autoplay; clipboard-write; encrypted-media; gyroscope; picture-in-picture; web-share\" referrerpolicy=\"strict-origin-when-cross-origin\" allowfullscreen><\/iframe>\n<\/div><figcaption>MUDAN\u00c7AS \u00c0 VISTA! MERCADO DE PILOTOS PEGA FOGO NA F\u00d3RMULA E \u00c0S VESPERAS DE BERLIM<\/figcaption><\/figure>\n\n\n\n<p class=\"wp-block-paragraph\">S\u00e9rgio Sette C\u00e2mara teve um domingo (15) bastante complicado <a href=\"https:\/\/www.grandepremio.com\/br\/formula-e\/noticias\/nyck-de-vries-edoardo-mortara-largada-corrida-2-berlim-formula-e\/\" target=\"_blank\" aria-label=\"na disputa da corrida 2 do eP de Berlim, (opens in a new tab)\" rel=\"noreferrer noopener\" class=\"ek-link\">na disputa da corrida 2 do eP de Berlim,<\/a> pela oitava etapa da temporada 2021\/2022 da F\u00f3rmula E. Ap\u00f3s conseguir passar ao mata-mata da classifica\u00e7\u00e3o pela primeira vez na v\u00e9spera, o brasileiro n\u00e3o saiu do fundo do pelot\u00e3o durante toda a prova vencida por Nyck De Vries, da Mercedes, e reconheceu as dificuldades do carro da Dragon.<\/p>\n\n\n\n<p class=\"wp-block-paragraph\">Ap\u00f3s a corrida, Sette C\u00e2mara lamentou n\u00e3o ter conseguido melhorar o tempo da classifica\u00e7\u00e3o em alguns d\u00e9cimos, o que seria suficiente para galgar posi\u00e7\u00f5es em um grid t\u00e3o apertado como o da F\u00f3rmula E. Al\u00e9m disso, as altas temperaturas da pista de concreto em Tempelhof tamb\u00e9m n\u00e3o ajudaram o monoposto da Penske.<\/p>\n\n\n\n<p class=\"wp-block-paragraph\">&#8220;Hoje n\u00e3o foi um dia t\u00e3o positivo como ontem, a gente teve um pouco mais de dificuldade nesse tra\u00e7ado&#8221;, admitiu Sette C\u00e2mara. Acho tamb\u00e9m que a temperatura mais alta n\u00e3o nos beneficiou, ent\u00e3o na classifica\u00e7\u00e3o ficamos em nono no meu grupo e isso acabou sendo 18\u00ba no geral. [Foi] muito apertado tamb\u00e9m, se eu tivesse melhorado 0s1, que \u00e9 praticamente nada, eu teria ganhado v\u00e1rias posi\u00e7\u00f5es e teria largado mais \u00e0 frente&#8221;, lamentou.<\/p>\n\n\n\n<p class=\"wp-block-paragraph\"><strong>\u25b6\ufe0f&nbsp;<a href=\"https:\/\/www.twitch.tv\/grandepremio\" target=\"_blank\" rel=\"noreferrer noopener\">Conhe\u00e7a o canal do GRANDE PR\u00caMIO na Twitch clicando aqui!<\/a><\/strong><\/p>\n\n\n\n<figure class=\"wp-block-image size-large\"><img decoding=\"async\" src=\"https:\/\/www.grandepremio.com\/br\/wp-content\/uploads\/2022\/05\/406313_1011341_0ab65a6d_0a93_47d0_8a12_8f070fff49bc-1024x683.jpeg\" alt=\"\" class=\"wp-image-564168\"\/><figcaption>Sette C\u00e2mara admitiu que o carro da Dragon n\u00e3o consegue acompanhar o ritmo dos rivais (Foto: F\u00f3rmula E)<\/figcaption><\/figure>\n\n\n\n<p class=\"wp-block-paragraph\"><strong>\u25b6\ufe0f&nbsp;Inscreva-se nos dois canais do GRANDE PR\u00caMIO no YouTube:&nbsp;<a href=\"https:\/\/www.youtube.com\/channel\/UC9OlHEgxoaY6QY6nWPoiqQg?sub_confirmation=1\" target=\"_blank\" rel=\"noreferrer noopener\">GP<\/a>&nbsp;|&nbsp;<a href=\"https:\/\/www.youtube.com\/channel\/UC9csiS6q_C3C0FYhyr1rnFA?sub_confirmation=1\" target=\"_blank\" rel=\"noreferrer noopener\">GP2<\/a><\/strong><\/p>\n\n\n\n<p class=\"wp-block-paragraph\">O piloto mineiro destacou a diferen\u00e7a entre os carros que lideram o pelot\u00e3o, como a Mercedes, e o da Dragon \u2014 \u00fanico time que n\u00e3o pontuou at\u00e9 o momento na temporada. Para Sette C\u00e2mara, alguns competidores est\u00e3o em &#8220;outra categoria&#8221; o carro de sua equipe n\u00e3o consegue acompanhar o ritmo dos demais. Al\u00e9m disso, a estrat\u00e9gia escolhida pela escuderia n\u00e3o se pagou ao longo das 40 voltas em Berlim.<\/p>\n\n\n\n<p class=\"wp-block-paragraph\">&#8220;J\u00e1 na corrida, acho que independentemente de onde eu tivesse largado, teria terminado l\u00e1 atr\u00e1s&#8221;, reconheceu. &#8220;Acabei terminando em 18\u00ba se n\u00e3o me engano, 19\u00ba talvez, porque a gente realmente n\u00e3o tinha o ritmo de corrida. Alguns carros est\u00e3o em outra categoria, as Mercedes nem se fala, ent\u00e3o a gente basicamente n\u00e3o tinha o ritmo. Tentamos fazer uma estrat\u00e9gia alternativa, apostando num safety-car que nunca veio. Ent\u00e3o ficamos l\u00e1 atr\u00e1s&#8221;, encerrou.<\/p>\n\n\n\n<p class=\"wp-block-paragraph\">Agora, a F\u00f3rmula E retorna apenas no pr\u00f3ximo m\u00eas para a estreia do eP de Jacarta, na Indon\u00e9sia, que faz sua disputa inaugural na categoria este ano. A corrida \u2014 desta vez em jornada \u00fanica \u2014 est\u00e1 marcada para o dia 4 de junho.<\/p>\n","protected":false},"excerpt":{"rendered":"<p>S\u00e9rgio Sette C\u00e2mara at\u00e9 conseguiu passar ao mata-mata da classifica\u00e7\u00e3o no s\u00e1bado, mas falta de velocidade da Dragon impediu que brasileiro brigasse por algo maior em Berlim<\/p>\n","protected":false},"author":0,"featured_media":1000564169,"comment_status":"closed","ping_status":"closed","sticky":false,"template":"","format":"standard","meta":{"42wp_featured_image_caption":"","42wp_featured_image_credits":"","42wp_featured_video":"","42wp_featured_image_hidden":false,"42wp_authors_list":[],"footnotes":""},"categories":[19],"tags":[5050,1860,4981,379,27903,840,28327,24836,28285,82,28828,4982],"42wp_author":[47142],"class_list":["post-112239","post","type-post","status-publish","format-standard","has-post-thumbnail","hentry","category-formula-e","tag-berlim","tag-dragon","tag-ep-de-berlim","tag-fe","tag-fe-2022","tag-formula-e","tag-formula-e-2022","tag-grande-premio-2","tag-grandepremio","tag-mercedes","tag-sergio-sette-camara-4","tag-tempelhof","42wp_author-jp-nascimento"],"_links":{"self":[{"href":"https:\/\/grandepremio.com\/br\/wp-json\/wp\/v2\/posts\/112239","targetHints":{"allow":["GET"]}}],"collection":[{"href":"https:\/\/grandepremio.com\/br\/wp-json\/wp\/v2\/posts"}],"about":[{"href":"https:\/\/grandepremio.com\/br\/wp-json\/wp\/v2\/types\/post"}],"replies":[{"embeddable":true,"href":"https:\/\/grandepremio.com\/br\/wp-json\/wp\/v2\/comments?post=112239"}],"version-history":[{"count":0,"href":"https:\/\/grandepremio.com\/br\/wp-json\/wp\/v2\/posts\/112239\/revisions"}],"wp:featuredmedia":[{"embeddable":true,"href":"https:\/\/grandepremio.com\/br\/wp-json\/wp\/v2\/media\/1000564169"}],"wp:attachment":[{"href":"https:\/\/grandepremio.com\/br\/wp-json\/wp\/v2\/media?parent=112239"}],"wp:term":[{"taxonomy":"category","embeddable":true,"href":"https:\/\/grandepremio.com\/br\/wp-json\/wp\/v2\/categories?post=112239"},{"taxonomy":"post_tag","embeddable":true,"href":"https:\/\/grandepremio.com\/br\/wp-json\/wp\/v2\/tags?post=112239"},{"taxonomy":"42wp_author","embeddable":true,"href":"https:\/\/grandepremio.com\/br\/wp-json\/wp\/v2\/42wp_author?post=112239"}],"curies":[{"name":"wp","href":"https:\/\/api.w.org\/{rel}","templated":true}]}}