{"id":112240,"date":"2022-05-17T04:30:00","date_gmt":"2022-05-17T07:30:00","guid":{"rendered":"https:\/\/grandepremio.com\/br\/noticias\/quartararo-se-ve-longe-de-ser-favorito-e-aponta-para-bastianini-e-o-cara-agora\/"},"modified":"2022-05-16T17:55:31","modified_gmt":"2022-05-16T20:55:31","slug":"quartararo-se-ve-longe-de-ser-favorito-e-aponta-para-bastianini-e-o-cara-agora","status":"publish","type":"post","link":"https:\/\/grandepremio.com\/br\/motogp\/quartararo-se-ve-longe-de-ser-favorito-e-aponta-para-bastianini-e-o-cara-agora\/","title":{"rendered":"Quartararo se v\u00ea longe de ser favorito e aponta para Bastianini: \u201c\u00c9 o cara agora\u201d"},"content":{"rendered":"\n<figure class=\"wp-block-embed is-type-video is-provider-youtube wp-block-embed-youtube wp-embed-aspect-16-9 wp-has-aspect-ratio\"><div class=\"wp-block-embed__wrapper\">\n<iframe loading=\"lazy\" title=\"BASTIANINI, MART\u00cdN OU MILLER: QUEM FICA COM A VAGA NA DUCATI NA MOTOGP EM 2023?\" width=\"500\" height=\"281\" src=\"https:\/\/www.youtube.com\/embed\/DTO8yM7y8T8?feature=oembed\" frameborder=\"0\" allow=\"accelerometer; autoplay; clipboard-write; encrypted-media; gyroscope; picture-in-picture; web-share\" referrerpolicy=\"strict-origin-when-cross-origin\" allowfullscreen><\/iframe>\n<\/div><figcaption>BASTIANINI, MART\u00cdN OU MILLER: QUEM FICA COM A VAGA NA DUCATI NA MOTOGP EM 2023?<\/figcaption><\/figure>\n\n\n\n<p class=\"wp-block-paragraph\">Fabio Quartararo apontou Enea Bastianini como favorito ao t\u00edtulo da MotoGP na temporada 2022. L\u00edder do Mundial de Pilotos, o piloto da Yamaha considerou que o fato de estar sempre no limite faz com que ele esteja longe de ser o principal candidato \u00e0 vit\u00f3ria no campeonato, mas avaliou que o piloto da Gresini tem mais chances, j\u00e1 que al\u00e9m de ter repetido vit\u00f3ria, subiu ao topo do p\u00f3dio em tr\u00eas oportunidades.<\/p>\n\n\n\n<p class=\"wp-block-paragraph\">No GP da Fran\u00e7a de domingo (15), Bastianini levou a melhor em cima de Francesco Bagnaia e conquistou a terceira vit\u00f3ria no ano. O italiano \u00e9 o \u00fanico piloto a ter vencido mais de uma corrida em 2022.<\/p>\n\n\n\n<p class=\"wp-block-paragraph\"><strong>CLASSIFICA\u00c7\u00c3O DA MOTOGP<\/strong><br><strong>\u25b6\ufe0f<\/strong> <strong><a href=\"https:\/\/www.grandepremio.com\/br\/motogp\/noticias\/aleix-espargaro-diminui-vantagem-fabio-quartararo-motogp-confira-classificacao\/\"><\/a><a href=\"https:\/\/www.grandepremio.com\/br\/piloto\/aleix-espargaro\/\" target=\"_blank\" rel=\"noreferrer noopener\"><\/a><a href=\"https:\/\/www.grandepremio.com\/br\/piloto\/aleix-espargaro\/\" target=\"_blank\" rel=\"noreferrer noopener\"><\/a><a href=\"https:\/\/www.grandepremio.com\/br\/piloto\/aleix-espargaro\/\" target=\"_blank\" rel=\"noreferrer noopener\"><\/a><a href=\"https:\/\/www.grandepremio.com\/br\/piloto\/aleix-espargaro\/\" target=\"_blank\" rel=\"noreferrer noopener\">Aleix Espargar\u00f3<\/a><a href=\"https:\/\/www.grandepremio.com\/br\/motogp\/noticias\/aleix-espargaro-diminui-vantagem-fabio-quartararo-motogp-confira-classificacao\/\"> diminui vantagem de Quartararo<\/a><\/strong><\/p>\n\n\n\n<figure class=\"wp-block-image size-large\"><img decoding=\"async\" src=\"https:\/\/www.grandepremio.com\/br\/wp-content\/uploads\/2022\/05\/DS_5079-1024x683.jpg\" alt=\"\" class=\"wp-image-568684\"\/><figcaption>Fabio Quartararo considera que n\u00e3o \u00e9 favorito ao t\u00edtulo (Foto: Divulga\u00e7\u00e3o\/MotoGP)<\/figcaption><\/figure>\n\n\n\n<p class=\"wp-block-paragraph\"><strong>O BRASIL EM DUAS RODAS<\/strong><br><strong><a href=\"https:\/\/grandepremium.grandepremio.com\/br\/10\/motogp\/materias\/o-brasil-em-duas-rodas\/\">Dez pilotos brasileiros para acompanhar nas categorias do exterior<\/a><\/strong><\/p>\n\n\n\n<p class=\"wp-block-paragraph\">\u201cEnea \u00e9 o \u00fanico cara a ter vencido mais de uma corrida este ano e ele venceu tr\u00eas\u201d, disse Quartararo. \u201cEnt\u00e3o ele \u00e9 o cara agora\u201d, avaliou,<\/p>\n\n\n\n<p class=\"wp-block-paragraph\">Cumprido um ter\u00e7o do campeonato, Fabio tem a lideran\u00e7a do Mundial, com quatro pontos de vantagem para Aleix Espargar\u00f3, mas acredita que anda demais no limite para poder ser considerado um favorito ao t\u00edtulo.<\/p>\n\n\n\n<p class=\"wp-block-paragraph\">\u201cN\u00e3o, n\u00e3o sou um favorito. Longe disso\u201d, afirmou. \u201cA \u00fanica coisa que posso fazer \u00e9 n\u00e3o cometer erros. Se n\u00e3o cometer erros, posso estar l\u00e1, pois olhando para o nosso ritmo de Jerez, fomos os mais r\u00e1pidos junto com Pecco. Aqui, acho que fui o mais r\u00e1pido, mas assim que cometo um pequeno erro, acabou\u201d, apontou.<\/p>\n\n\n\n<p class=\"wp-block-paragraph\">A corrida da Fran\u00e7a contou com casa lotada, com mais de 110 mil pessoas em Le Mas para ver o primeiro franc\u00eas campe\u00e3o da MotoGP. O que ajudou a aumentar a decep\u00e7\u00e3o de \u2018El Diablo\u2019 por ficar de fora do top-3 por s\u00f3 0s106 de atraso para Aleix Espargar\u00f3, o terceiro colocado.<\/p>\n\n\n\n<p class=\"wp-block-paragraph\">\u201cPara ser sincero, n\u00e3o sei o que posso fazer, pois estou me for\u00e7ando ao limite. Estou no limite em todas as \u00e1reas. Mas n\u00e3o consigo \u2015 n\u00e3o posso sequer tentar \u2015 [ultrapassar]\u201d, pontuou. \u201cIsso \u00e9 o mais frustrante. Voc\u00ea est\u00e1 na \u00faltima volta, d\u00e1 100% de voc\u00ea, mas se est\u00e1 um cent\u00edmetro para tr\u00e1s na curva, eles aceleram e escapam um d\u00e9cimo. \u00c9 por isso que n\u00e3o me sinto favorito neste ano\u201d, justificou.<\/p>\n\n\n\n<p class=\"wp-block-paragraph\">Chefe da Yamaha, Massimo Meregalli reconheceu que a equipe precisa de perfei\u00e7\u00e3o para poder obter um resultado positivo, o que n\u00e3o aconteceu com Quartararo em Le Mans.<\/p>\n\n\n\n<p class=\"wp-block-paragraph\">\u201cPara podermos lutar pela vit\u00f3ria, temos de preparar a corrida perfeitamente: fazer uma classifica\u00e7\u00e3o perfeita e tamb\u00e9m ter uma largada perfeita. Quando voc\u00ea n\u00e3o consegue uma largada perfeita, como foi o caso de Fabio hoje, fica dif\u00edcil, ainda que a velocidade de Fabio o permitisse alcan\u00e7ar uma posi\u00e7\u00e3o diferente hoje\u201d, afirmou. \u201cUltrapassar em uma pista como esta, com este layout, \u00e9 muito complicado para n\u00f3s. Temos de lidar com esta situa\u00e7\u00e3o corrida a corrida\u201d, completou.<\/p>\n\n\n\n<p class=\"wp-block-paragraph\">A <a href=\"https:\/\/grandepremio.com\/motovelocidade\/\" target=\"_blank\" rel=\"noreferrer noopener\"><\/a><a href=\"https:\/\/grandepremio.com\/motovelocidade\/\" target=\"_blank\" rel=\"noreferrer noopener\"><\/a><a href=\"https:\/\/grandepremio.com\/motovelocidade\/\" target=\"_blank\" rel=\"noreferrer noopener\">MotoGP<\/a> volta \u00e0s pistas no pr\u00f3ximo dia 29 de maio para o GP da It\u00e1lia, em <a href=\"https:\/\/www.grandepremio.com\/br\/etapa\/f1\/gp-da-toscana-formula-1-2020\/\" target=\"_blank\" rel=\"noreferrer noopener\">Mugello<\/a>, oitava etapa da temporada 2022. O&nbsp;<strong>GRANDE PR\u00caMIO<\/strong>&nbsp;acompanha todas as atividades&nbsp;do Mundial de&nbsp;<strong><a href=\"https:\/\/www.grandepremio.com\/motovelocidade\/\" target=\"_blank\" rel=\"noreferrer noopener\"><\/a><a href=\"https:\/\/www.grandepremio.com\/motovelocidade\/\" target=\"_blank\" rel=\"noreferrer noopener\"><\/a><a href=\"https:\/\/www.grandepremio.com\/motovelocidade\/\" target=\"_blank\" rel=\"noreferrer noopener\"><\/a><a href=\"https:\/\/www.grandepremio.com\/motovelocidade\/\" target=\"_blank\" rel=\"noreferrer noopener\">Motovelocidade<\/a><\/strong>&nbsp;2022.<\/p>\n\n\n\n<p class=\"wp-block-paragraph\"><strong>\u25b6\ufe0f&nbsp;Inscreva-se nos dois canais do GRANDE PR\u00caMIO no YouTube:&nbsp;<a href=\"https:\/\/www.youtube.com\/channel\/UC9OlHEgxoaY6QY6nWPoiqQg?sub_confirmation=1\" target=\"_blank\" rel=\"noreferrer noopener\">GP<\/a>&nbsp;|&nbsp;<a href=\"https:\/\/www.youtube.com\/channel\/UC9csiS6q_C3C0FYhyr1rnFA?sub_confirmation=1\" target=\"_blank\" rel=\"noreferrer noopener\">GP2<\/a><\/strong><\/p>\n\n\n\n<p class=\"wp-block-paragraph\"><strong>LEIA TAMB\u00c9M<\/strong><br>#&nbsp;<strong><a href=\"https:\/\/www.grandepremio.com\/br\/motogp\/noticias\/suzuki-quebra-silencio-discute-dorna-possibilidade-deixar-motogp-22\/\"><\/a><a href=\"https:\/\/www.grandepremio.com\/br\/equipe\/motogp\/2021\/team-suzuki-ecstar\/\" target=\"_blank\" rel=\"noreferrer noopener\"><\/a><a href=\"https:\/\/www.grandepremio.com\/br\/equipe\/motogp\/2021\/team-suzuki-ecstar\/\" target=\"_blank\" rel=\"noreferrer noopener\"><\/a><a href=\"https:\/\/www.grandepremio.com\/br\/equipe\/motogp\/2021\/team-suzuki-ecstar\/\" target=\"_blank\" rel=\"noreferrer noopener\"><\/a><a href=\"https:\/\/www.grandepremio.com\/br\/equipe\/motogp\/2021\/team-suzuki-ecstar\/\" target=\"_blank\" rel=\"noreferrer noopener\"><\/a><a href=\"https:\/\/www.grandepremio.com\/br\/equipe\/motogp\/2021\/team-suzuki-ecstar\/\" target=\"_blank\" rel=\"noreferrer noopener\"><\/a><a href=\"https:\/\/www.grandepremio.com\/br\/equipe\/motogp\/2021\/team-suzuki-ecstar\/\" target=\"_blank\" rel=\"noreferrer noopener\"><\/a><a href=\"https:\/\/www.grandepremio.com\/br\/equipe\/motogp\/2021\/team-suzuki-ecstar\/\" target=\"_blank\" rel=\"noreferrer noopener\"><\/a><a href=\"https:\/\/www.grandepremio.com\/br\/equipe\/motogp\/2021\/team-suzuki-ecstar\/\" target=\"_blank\" rel=\"noreferrer noopener\"><\/a><a href=\"https:\/\/www.grandepremio.com\/br\/equipe\/motogp\/2021\/team-suzuki-ecstar\/\" target=\"_blank\" rel=\"noreferrer noopener\"><\/a><a href=\"https:\/\/www.grandepremio.com\/br\/equipe\/motogp\/2021\/team-suzuki-ecstar\/\" target=\"_blank\" rel=\"noreferrer noopener\"><\/a><a href=\"https:\/\/www.grandepremio.com\/br\/equipe\/motogp\/2021\/team-suzuki-ecstar\/\" target=\"_blank\" rel=\"noreferrer noopener\"><\/a><a href=\"https:\/\/www.grandepremio.com\/br\/equipe\/motogp\/2021\/team-suzuki-ecstar\/\" target=\"_blank\" rel=\"noreferrer noopener\"><\/a><a href=\"https:\/\/www.grandepremio.com\/br\/equipe\/motogp\/2021\/team-suzuki-ecstar\/\" target=\"_blank\" rel=\"noreferrer noopener\"><\/a><a href=\"https:\/\/www.grandepremio.com\/br\/equipe\/motogp\/2021\/team-suzuki-ecstar\/\" target=\"_blank\" rel=\"noreferrer noopener\">Suzuki<\/a><a href=\"https:\/\/www.grandepremio.com\/br\/motogp\/noticias\/suzuki-quebra-silencio-discute-dorna-possibilidade-deixar-motogp-22\/\">&nbsp;quebra sil\u00eancio e diz que \u201cdiscute com Dorna possibilidade\u201d de deixar MotoGP em 22<\/a><\/strong><br>#&nbsp;<strong><a href=\"https:\/\/www.grandepremio.com\/br\/motogp\/noticias\/leopard-assume-interesse-ocupar-vaga-suzuki-motogp\/\">Leopard assume interesse em ocupar vaga da Suzuki na MotoGP: \u201cFicar\u00edamos muito felizes\u201d<\/a><\/strong><br>#&nbsp;<strong><a href=\"https:\/\/www.grandepremio.com\/br\/motogp\/noticias\/motogp-muda-regra-permite-motor-extra-calendario-21-corridas\/\">MotoGP modifica regra e permite motor extra ap\u00f3s aumento de calend\u00e1rio para 21 corridas<\/a><\/strong><br># <strong><a href=\"https:\/\/www.grandepremio.com\/br\/motogp\/noticias\/lusail-passa-reformas-deixa-sediar-abertura-motogp-1a-vez-2007\/\"><\/a><a href=\"https:\/\/www.grandepremio.com\/br\/etapa\/f1\/gp-do-catar-formula-1-2021\/\" target=\"_blank\" rel=\"noreferrer noopener\">Lusail<\/a><a href=\"https:\/\/www.grandepremio.com\/br\/motogp\/noticias\/lusail-passa-reformas-deixa-sediar-abertura-motogp-1a-vez-2007\/\"> passa por reformas e deixa de sediar abertura da <\/a><a href=\"https:\/\/grandepremio.com\/motovelocidade\/\" target=\"_blank\" rel=\"noreferrer noopener\">MotoGP<\/a><a href=\"https:\/\/www.grandepremio.com\/br\/motogp\/noticias\/lusail-passa-reformas-deixa-sediar-abertura-motogp-1a-vez-2007\/\"> pela 1\u00aa vez desde 2007<\/a><\/strong><br># <strong><a href=\"https:\/\/www.grandepremio.com\/br\/motogp\/noticias\/honda-admite-conversas-joan-mir-alex-rins-mas-diz-vai-analisar-calma-situacao\/\"><\/a><a href=\"https:\/\/www.grandepremio.com\/br\/equipe\/motogp\/2021\/repsol-honda-team\/\" target=\"_blank\" rel=\"noreferrer noopener\">Honda admite conversas com Mir e Rins, mas diz que \u201cvai analisar com calma\u201d situa\u00e7\u00e3o<\/a><\/strong><br># <strong><a href=\"https:\/\/www.grandepremio.com\/br\/motogp\/noticias\/motogp-anuncia-aposentadoria-lendario-46-valentino-rossi-evento-mugello\/\"><\/a><a href=\"https:\/\/grandepremio.com\/motovelocidade\/\" target=\"_blank\" rel=\"noreferrer noopener\">MotoGP<\/a><a href=\"https:\/\/www.grandepremio.com\/br\/motogp\/noticias\/motogp-anuncia-aposentadoria-lendario-46-valentino-rossi-evento-mugello\/\"> anuncia aposentadoria do lend\u00e1rio #46 de Rossi em evento em <\/a><a href=\"https:\/\/www.grandepremio.com\/br\/etapa\/f1\/gp-da-toscana-formula-1-2020\/\" target=\"_blank\" rel=\"noreferrer noopener\"><\/a><a href=\"https:\/\/www.grandepremio.com\/br\/etapa\/f1\/gp-da-toscana-formula-1-2020\/\" target=\"_blank\" rel=\"noreferrer noopener\"><\/a><a href=\"https:\/\/www.grandepremio.com\/br\/etapa\/f1\/gp-da-toscana-formula-1-2020\/\" target=\"_blank\" rel=\"noreferrer noopener\"><\/a><a href=\"https:\/\/www.grandepremio.com\/br\/etapa\/f1\/gp-da-toscana-formula-1-2020\/\" target=\"_blank\" rel=\"noreferrer noopener\"><\/a><a href=\"https:\/\/www.grandepremio.com\/br\/etapa\/f1\/gp-da-toscana-formula-1-2020\/\" target=\"_blank\" rel=\"noreferrer noopener\"><\/a><a href=\"https:\/\/www.grandepremio.com\/br\/etapa\/f1\/gp-da-toscana-formula-1-2020\/\" target=\"_blank\" rel=\"noreferrer noopener\">Mugello<\/a><\/strong><br># <strong><a href=\"https:\/\/www.grandepremio.com\/br\/motogp\/noticias\/enea-bastianini-vence-desenha-ducati-merece-vaga-equipe-fabrica\/\">Bastianini vence de novo e desenha para <\/a><a href=\"https:\/\/www.grandepremio.com\/br\/equipe\/motogp\/2021\/ducati-lenovo-team\/\" target=\"_blank\" rel=\"noreferrer noopener\"><\/a><a href=\"https:\/\/www.grandepremio.com\/br\/equipe\/motogp\/2021\/ducati-lenovo-team\/\" target=\"_blank\" rel=\"noreferrer noopener\"><\/a><a href=\"https:\/\/www.grandepremio.com\/br\/equipe\/motogp\/2021\/ducati-lenovo-team\/\" target=\"_blank\" rel=\"noreferrer noopener\">Ducati<\/a><a href=\"https:\/\/www.grandepremio.com\/br\/motogp\/noticias\/enea-bastianini-vence-desenha-ducati-merece-vaga-equipe-fabrica\/\"> que merece vaga na equipe de f\u00e1brica<\/a><\/strong><\/p>\n\n\n\n<figure class=\"wp-block-embed is-type-video is-provider-youtube wp-block-embed-youtube wp-embed-aspect-16-9 wp-has-aspect-ratio\"><div class=\"wp-block-embed__wrapper\">\n<iframe loading=\"lazy\" title=\"SUZUKI DETONA BOMBA NA MOTOGP COM ANUNCIO DE SA\u00cdDA EM 2022\" width=\"500\" height=\"281\" src=\"https:\/\/www.youtube.com\/embed\/9PonEn3gXKU?feature=oembed\" frameborder=\"0\" allow=\"accelerometer; autoplay; clipboard-write; encrypted-media; gyroscope; picture-in-picture; web-share\" referrerpolicy=\"strict-origin-when-cross-origin\" allowfullscreen><\/iframe>\n<\/div><figcaption>SUZUKI DETONA BOMBA NA MOTOGP COM ANUNCIO DE SA\u00cdDA EM 2022<\/figcaption><\/figure>\n","protected":false},"excerpt":{"rendered":"<p>Franc\u00eas disse que, com as dificuldades que tem em 2022, n\u00e3o est\u00e1 nem perto de ser o favorito ao t\u00edtulo da MotoGP, ainda que tenha fechado o primeiro ter\u00e7o da temporada na lideran\u00e7a do Mundial. O piloto de Nice considerou que Enea Bastianini \u00e9 quem figura como mais forte candidato a levantar a ta\u00e7a da classe rainha<\/p>\n","protected":false},"author":0,"featured_media":1000568683,"comment_status":"closed","ping_status":"closed","sticky":false,"template":"","format":"standard","meta":{"42wp_featured_image_caption":"","42wp_featured_image_credits":"","42wp_featured_video":"","42wp_featured_image_hidden":false,"42wp_authors_list":[],"footnotes":""},"categories":[8],"tags":[31318,24979,1208,79,78,2997,30733,30728,30734,25819,28345,28766,26690],"42wp_author":[47113],"class_list":["post-112240","post","type-post","status-publish","format-standard","has-post-thumbnail","hentry","category-motogp","tag-fabio-quartararo-2","tag-franca","tag-le-mans","tag-moto-gp","tag-motogp","tag-motogp-2022","tag-motogp-2022-calendario","tag-motogp-calendario-2022","tag-motogp-classificacao-2022","tag-motogp-hoje","tag-motogp-horarios","tag-motogp-standings","tag-pilotos-motogp","42wp_author-juliana-tesser"],"_links":{"self":[{"href":"https:\/\/grandepremio.com\/br\/wp-json\/wp\/v2\/posts\/112240","targetHints":{"allow":["GET"]}}],"collection":[{"href":"https:\/\/grandepremio.com\/br\/wp-json\/wp\/v2\/posts"}],"about":[{"href":"https:\/\/grandepremio.com\/br\/wp-json\/wp\/v2\/types\/post"}],"replies":[{"embeddable":true,"href":"https:\/\/grandepremio.com\/br\/wp-json\/wp\/v2\/comments?post=112240"}],"version-history":[{"count":0,"href":"https:\/\/grandepremio.com\/br\/wp-json\/wp\/v2\/posts\/112240\/revisions"}],"wp:featuredmedia":[{"embeddable":true,"href":"https:\/\/grandepremio.com\/br\/wp-json\/wp\/v2\/media\/1000568683"}],"wp:attachment":[{"href":"https:\/\/grandepremio.com\/br\/wp-json\/wp\/v2\/media?parent=112240"}],"wp:term":[{"taxonomy":"category","embeddable":true,"href":"https:\/\/grandepremio.com\/br\/wp-json\/wp\/v2\/categories?post=112240"},{"taxonomy":"post_tag","embeddable":true,"href":"https:\/\/grandepremio.com\/br\/wp-json\/wp\/v2\/tags?post=112240"},{"taxonomy":"42wp_author","embeddable":true,"href":"https:\/\/grandepremio.com\/br\/wp-json\/wp\/v2\/42wp_author?post=112240"}],"curies":[{"name":"wp","href":"https:\/\/api.w.org\/{rel}","templated":true}]}}