{"id":112252,"date":"2022-05-16T10:59:01","date_gmt":"2022-05-16T13:59:01","guid":{"rendered":"https:\/\/grandepremio.com\/br\/noticias\/lucas-di-grassi-perda-ritmo-berlim-meta-formula-e-chegar-1000-pontos\/"},"modified":"2022-05-16T11:03:14","modified_gmt":"2022-05-16T14:03:14","slug":"lucas-di-grassi-perda-ritmo-berlim-meta-formula-e-chegar-1000-pontos","status":"publish","type":"post","link":"https:\/\/grandepremio.com\/br\/formula-e\/lucas-di-grassi-perda-ritmo-berlim-meta-formula-e-chegar-1000-pontos\/","title":{"rendered":"Di Grassi lamenta perda de ritmo em Berlim e tra\u00e7a meta na FE: &#8220;Chegar aos 1000 pontos&#8221;"},"content":{"rendered":"\n<figure class=\"wp-block-embed is-type-video is-provider-youtube wp-block-embed-youtube wp-embed-aspect-16-9 wp-has-aspect-ratio\"><div class=\"wp-block-embed__wrapper\">\n<iframe loading=\"lazy\" title=\"MUDAN\u00c7AS \u00c0 VISTA! MERCADO DE PILOTOS PEGA FOGO NA F\u00d3RMULA E \u00c0S VESPERAS DE BERLIM\" width=\"500\" height=\"281\" src=\"https:\/\/www.youtube.com\/embed\/RpMuShrLj7E?feature=oembed\" frameborder=\"0\" allow=\"accelerometer; autoplay; clipboard-write; encrypted-media; gyroscope; picture-in-picture; web-share\" referrerpolicy=\"strict-origin-when-cross-origin\" allowfullscreen><\/iframe>\n<\/div><figcaption>MUDAN\u00c7AS \u00c0 VISTA! MERCADO DE PILOTOS PEGA FOGO NA F\u00d3RMULA E \u00c0S VESPERAS DE BERLIM<\/figcaption><\/figure>\n\n\n\n<p class=\"wp-block-paragraph\">Lucas Di Grassi passou muito perto de seu segundo p\u00f3dio na temporada 2021\/2022 da F\u00f3rmula E no \u00faltimo domingo (15), <a href=\"https:\/\/www.grandepremio.com\/br\/formula-e\/noticias\/nyck-de-vries-edoardo-mortara-largada-corrida-2-berlim-formula-e\/\" target=\"_blank\" aria-label=\"quando saiu do sexto lugar na largada e acabou terminando em quarto na corrida 2 do eP de Berlim (opens in a new tab)\" rel=\"noreferrer noopener\" class=\"ek-link\">quando saiu do sexto lugar na largada e acabou terminando em quarto na corrida 2 do eP de Berlim<\/a>. O piloto da Venturi chegou a andar entre os tr\u00eas primeiros durante boa parte da disputa, mas n\u00e3o teve como segurar o ritmo da Mercedes de Stoffel Vandoorne na reta final.<\/p>\n\n\n\n<p class=\"wp-block-paragraph\">Ap\u00f3s a corrida, o brasileiro fez uma recapitula\u00e7\u00e3o dos momentos mais importantes da corrida \u2014 notadamente a largada, que foi boa para suas pretens\u00f5es \u2014, mas lamentou a perda de posi\u00e7\u00e3o para o belga j\u00e1 no fim da disputa.<\/p>\n\n\n\n<p class=\"wp-block-paragraph\">&#8220;Foi uma corrida boa, eu larguei em sexto e consegui subir para quinto na largada&#8221;, relembrou Di Grassi. &#8220;Depois, com as ativa\u00e7\u00f5es do modo de ataque, fui para terceiro. Consegui me manter em terceiro at\u00e9 quatro voltas para o final, mas meu carro come\u00e7ou a perder muita performance no fim da corrida e fui ultrapassado pelo Vandoorne&#8221;, explicou.<\/p>\n\n\n\n<p class=\"wp-block-paragraph\"><strong>\u25b6\ufe0f&nbsp;<a href=\"https:\/\/www.twitch.tv\/grandepremio\" target=\"_blank\" rel=\"noreferrer noopener\">Conhe\u00e7a o canal do GRANDE PR\u00caMIO na Twitch clicando aqui!<\/a><\/strong><\/p>\n\n\n\n<figure class=\"wp-block-image size-large\"><img decoding=\"async\" src=\"https:\/\/www.grandepremio.com\/br\/wp-content\/uploads\/2022\/01\/Di-Grassi-1024x682.jpg\" alt=\"\" class=\"wp-image-537703\"\/><figcaption>Di Grassi perdeu p\u00f3dio j\u00e1 na reta final da corrida em Berlim, ao ser ultrapassado por Vandoorne (Foto: Venturi)<\/figcaption><\/figure>\n\n\n\n<p class=\"wp-block-paragraph\"><strong>\u25b6\ufe0f&nbsp;Inscreva-se nos dois canais do GRANDE PR\u00caMIO no YouTube:&nbsp;<a href=\"https:\/\/www.youtube.com\/channel\/UC9OlHEgxoaY6QY6nWPoiqQg?sub_confirmation=1\" target=\"_blank\" rel=\"noreferrer noopener\">GP<\/a>&nbsp;|&nbsp;<a href=\"https:\/\/www.youtube.com\/channel\/UC9csiS6q_C3C0FYhyr1rnFA?sub_confirmation=1\" target=\"_blank\" rel=\"noreferrer noopener\">GP2<\/a><\/strong><\/p>\n\n\n\n<p class=\"wp-block-paragraph\">Al\u00e9m do resultado em Tempelhof, que manteve Di Grassi na nona posi\u00e7\u00e3o do Mundial de Pilotos da F\u00f3rmula E, o brasileiro destacou a quantidade de pontos que j\u00e1 conseguiu somar na categoria \u2014 da qual faz parte desde a estreia, em 2014, e possui um t\u00edtulo, em 2016\/2017. Agora, a meta do piloto da Venturi \u00e9 chegar no mil\u00e9simo ponto ainda este ano.<\/p>\n\n\n\n<p class=\"wp-block-paragraph\">&#8220;Terminei em quarto, s\u00e3o 12 pontos, [tenho] 930 ou 940 pontos na F\u00f3rmula E agora, ent\u00e3o \u00e9 chegar nos 1.000 pontos&#8221;, completou.<\/p>\n\n\n\n<p class=\"wp-block-paragraph\">Agora, a F\u00f3rmula E retorna apenas no pr\u00f3ximo m\u00eas para a estreia do eP de Jacarta, na Indon\u00e9sia, que faz sua disputa inaugural na categoria este ano. A corrida \u2014 desta vez em jornada \u00fanica \u2014 est\u00e1 marcada para o dia 4 de junho.<\/p>\n","protected":false},"excerpt":{"rendered":"<p>Lucas Di Grassi perdeu p\u00f3dio por pouco na corrida 2 do eP de Berlim, ao ser ultrapassado por Stoffel Vandoorne no final, e destacou marca que busca alcan\u00e7ar na F\u00f3rmula E ainda em 2022<\/p>\n","protected":false},"author":0,"featured_media":1000538135,"comment_status":"closed","ping_status":"closed","sticky":false,"template":"","format":"standard","meta":{"42wp_featured_image_caption":"","42wp_featured_image_credits":"","42wp_featured_video":"","42wp_featured_image_hidden":false,"42wp_authors_list":[],"footnotes":""},"categories":[19],"tags":[5050,4981,379,27903,840,28327,24836,28285,966,82,967,660],"42wp_author":[47142],"class_list":["post-112252","post","type-post","status-publish","format-standard","has-post-thumbnail","hentry","category-formula-e","tag-berlim","tag-ep-de-berlim","tag-fe","tag-fe-2022","tag-formula-e","tag-formula-e-2022","tag-grande-premio-2","tag-grandepremio","tag-lucas-di-grassi","tag-mercedes","tag-stoffel-vandoorne","tag-venturi","42wp_author-jp-nascimento"],"_links":{"self":[{"href":"https:\/\/grandepremio.com\/br\/wp-json\/wp\/v2\/posts\/112252","targetHints":{"allow":["GET"]}}],"collection":[{"href":"https:\/\/grandepremio.com\/br\/wp-json\/wp\/v2\/posts"}],"about":[{"href":"https:\/\/grandepremio.com\/br\/wp-json\/wp\/v2\/types\/post"}],"replies":[{"embeddable":true,"href":"https:\/\/grandepremio.com\/br\/wp-json\/wp\/v2\/comments?post=112252"}],"version-history":[{"count":0,"href":"https:\/\/grandepremio.com\/br\/wp-json\/wp\/v2\/posts\/112252\/revisions"}],"wp:featuredmedia":[{"embeddable":true,"href":"https:\/\/grandepremio.com\/br\/wp-json\/wp\/v2\/media\/1000538135"}],"wp:attachment":[{"href":"https:\/\/grandepremio.com\/br\/wp-json\/wp\/v2\/media?parent=112252"}],"wp:term":[{"taxonomy":"category","embeddable":true,"href":"https:\/\/grandepremio.com\/br\/wp-json\/wp\/v2\/categories?post=112252"},{"taxonomy":"post_tag","embeddable":true,"href":"https:\/\/grandepremio.com\/br\/wp-json\/wp\/v2\/tags?post=112252"},{"taxonomy":"42wp_author","embeddable":true,"href":"https:\/\/grandepremio.com\/br\/wp-json\/wp\/v2\/42wp_author?post=112252"}],"curies":[{"name":"wp","href":"https:\/\/api.w.org\/{rel}","templated":true}]}}