{"id":112279,"date":"2022-05-15T11:46:02","date_gmt":"2022-05-15T14:46:02","guid":{"rendered":"https:\/\/grandepremio.com\/br\/noticias\/edoardo-mortara-2o-lugar-formula-e-podio-duplo-berlim-stoffel-vandoorne-lider\/"},"modified":"2022-05-15T14:30:20","modified_gmt":"2022-05-15T17:30:20","slug":"edoardo-mortara-2o-lugar-formula-e-podio-duplo-berlim-stoffel-vandoorne-lider","status":"publish","type":"post","link":"https:\/\/grandepremio.com\/br\/formula-e\/edoardo-mortara-2o-lugar-formula-e-podio-duplo-berlim-stoffel-vandoorne-lider\/","title":{"rendered":"Mortara toma 2\u00ba lugar da F\u00f3rmula E ap\u00f3s p\u00f3dio duplo em Berlim. Vandoorne segue l\u00edder"},"content":{"rendered":"\n<figure class=\"wp-block-embed is-type-video is-provider-youtube wp-block-embed-youtube wp-embed-aspect-16-9 wp-has-aspect-ratio\"><div class=\"wp-block-embed__wrapper\">\n<iframe loading=\"lazy\" title=\"MUDAN\u00c7AS \u00c0 VISTA! MERCADO DE PILOTOS PEGA FOGO NA F\u00d3RMULA E \u00c0S VESPERAS DE BERLIM\" width=\"500\" height=\"281\" src=\"https:\/\/www.youtube.com\/embed\/RpMuShrLj7E?feature=oembed\" frameborder=\"0\" allow=\"accelerometer; autoplay; clipboard-write; encrypted-media; gyroscope; picture-in-picture; web-share\" referrerpolicy=\"strict-origin-when-cross-origin\" allowfullscreen><\/iframe>\n<\/div><figcaption>MUDAN\u00c7AS \u00c0 VISTA! MERCADO DE PILOTOS PEGA FOGO NA F\u00d3RMULA E \u00c0S VESPERAS DE BERLIM<\/figcaption><\/figure>\n\n\n\n<p class=\"wp-block-paragraph\">O final de semana da F\u00f3rmula E em Berlim decididamente foi especial para Edoardo Mortara. O piloto su\u00ed\u00e7o, que alcan\u00e7ou o vice-campeonato em uma temporada ca\u00f3tica no ano passado, se colocou de vez na briga pelo t\u00edtulo da categoria neste domingo (15), <a href=\"https:\/\/www.grandepremio.com\/br\/formula-e\/noticias\/nyck-de-vries-edoardo-mortara-largada-corrida-2-berlim-formula-e\/\" target=\"_blank\" aria-label=\"ap\u00f3s conseguir mais um p\u00f3dio com o segundo lugar em Tempelhof (opens in a new tab)\" rel=\"noreferrer noopener\" class=\"ek-link\">ap\u00f3s conseguir mais um p\u00f3dio com o segundo lugar em Tempelhof<\/a> \u2014 <a href=\"https:\/\/www.grandepremio.com\/br\/formula-e\/noticias\/edoardo-mortara-segura-lideranca-vence-corrida-1-formula-e-berlim\/\" target=\"_blank\" aria-label=\"j\u00e1 havia vencido no s\u00e1bado (opens in a new tab)\" rel=\"noreferrer noopener\" class=\"ek-link\">j\u00e1 havia vencido no s\u00e1bado<\/a> \u2014, o que o levou ao segundo lugar no Mundial de Pilotos.<\/p>\n\n\n\n<p class=\"wp-block-paragraph\">O l\u00edder da tabela de classifica\u00e7\u00e3o ainda \u00e9 Stoffel Vandoorne, da Mercedes, que busca seu primeiro t\u00edtulo da categoria e j\u00e1 chegou aos 111 pontos em 2022. Al\u00e9m de Mortara, que o segue com 99, Jean-\u00c8ric Vergne perdeu um posto e agora \u00e9 o terceiro, com 95 tentos. Outro a ser ultrapassado pelo piloto da Venturi, Mitch Evans ocupa a quarta coloca\u00e7\u00e3o com 83.<\/p>\n\n\n\n<p class=\"wp-block-paragraph\"><strong>\u25b6\ufe0f&nbsp;<a href=\"https:\/\/www.twitch.tv\/grandepremio\" target=\"_blank\" rel=\"noreferrer noopener\">Conhe\u00e7a o canal do GRANDE PR\u00caMIO na Twitch clicando aqui!<\/a><\/strong><\/p>\n\n\n\n<figure class=\"wp-block-image size-large\"><img decoding=\"async\" src=\"https:\/\/www.grandepremio.com\/br\/wp-content\/uploads\/2022\/05\/Vandoorne-5-1024x683.jpg\" alt=\"\" class=\"wp-image-568223\"\/><figcaption>Vandoorne segue na lideran\u00e7a da F\u00f3rmula E ap\u00f3s mais um p\u00f3dio (Foto: Mercedes)<\/figcaption><\/figure>\n\n\n\n<p class=\"wp-block-paragraph\"><strong>\u25b6\ufe0f&nbsp;Inscreva-se nos dois canais do GRANDE PR\u00caMIO no YouTube:&nbsp;<a href=\"https:\/\/www.youtube.com\/channel\/UC9OlHEgxoaY6QY6nWPoiqQg?sub_confirmation=1\" target=\"_blank\" rel=\"noreferrer noopener\">GP<\/a>&nbsp;|&nbsp;<a href=\"https:\/\/www.youtube.com\/channel\/UC9csiS6q_C3C0FYhyr1rnFA?sub_confirmation=1\" target=\"_blank\" rel=\"noreferrer noopener\">GP2<\/a><\/strong><\/p>\n\n\n\n<p class=\"wp-block-paragraph\">Vencedor da segunda corrida do final de semana, Nyck De Vries ainda precisa se recuperar de uma temporada fraca at\u00e9 aqui \u2014 foi apenas sua segunda vit\u00f3ria em 2022, a primeira desde a abertura do campeonato em Diriyah, sem nenhum p\u00f3dio entre as duas. Assim, \u00e9 apenas o sexto colocado com 65 pontos, 16 a menos do que Robin Frijns, o quinto.<\/p>\n\n\n\n<p class=\"wp-block-paragraph\">Para alcan\u00e7ar o sexto lugar, o piloto da Mercedes ultrapassou os dois carros da Porsche: agora, Andr\u00e9 Lotterer ocupa o s\u00e9timo lugar, com 59 pontos, enquanto Pascal Wehrlein aparece logo atr\u00e1s, com 51. Lucas Di Grassi, quarto colocado na corrida 2 de Berlim, \u00e9 o nono com 49, e Ant\u00f3nio F\u00e9lix da Costa fecha o top-10 com a DS Techeetah e 42 pontos conquistados.<\/p>\n\n\n\n<p class=\"wp-block-paragraph\">Fora do grupo dos dez primeiros, o destaque do dia ficou por conta de Oliver Rowland, da Mahindra. O brit\u00e2nico chegou a andar em quinto durante a corrida, mas finalizou com o s\u00e9timo lugar e somou seis pontos, ultrapassando Oliver Turvey e empatando com S\u00e9bastien Buemi no 14\u00ba lugar da tabela, com dez tentos conquistados.<\/p>\n\n\n\n<h2 class=\"wp-block-heading\" id=\"h-formula-e-2021-2022-ep-de-berlim-corrida-2-classificacao\">F\u00f3rmula E 2021\/2022, eP de Berlim, Corrida 2, Classifica\u00e7\u00e3o:<\/h2>\n\n\n\n<figure class=\"wp-block-table\"><table><tbody><tr><td><\/td><td><\/td><td><\/td><td><\/td><td>Poles<\/td><td>Vit\u00f3rias<\/td><td>PONTOS<\/td><\/tr><tr><td>1<\/td><td>S VANDOORNE<\/td><td>BEL<\/td><td>Mercedes<\/td><td>2<\/td><td>1<\/td><td>111<\/td><\/tr><tr><td>2<\/td><td>E MORTARA<\/td><td>SUI<\/td><td>Venturi Mercedes<\/td><td>2<\/td><td>2<\/td><td>99<\/td><\/tr><tr><td>3<\/td><td>J.E VERGNE<\/td><td>FRA<\/td><td>DS Techeetah<\/td><td>1<\/td><td>&#8211;<\/td><td>95<\/td><\/tr><tr><td>4<\/td><td>M EVANS<\/td><td>NZL<\/td><td>Jaguar<\/td><td>1<\/td><td>2<\/td><td>83<\/td><\/tr><tr><td>5<\/td><td>R FRIJNS<\/td><td>HOL<\/td><td>Envision<\/td><td>&#8211;<\/td><td>&#8211;<\/td><td>81<\/td><\/tr><tr><td>6<\/td><td>N DE VRIES<\/td><td>HOL<\/td><td>Mercedes<\/td><td>1<\/td><td>2<\/td><td>65<\/td><\/tr><tr><td>7<\/td><td>A LOTTERER<\/td><td>ALE<\/td><td>Porsche<\/td><td>&#8211;<\/td><td>&#8211;<\/td><td>59<\/td><\/tr><tr><td>8<\/td><td>P WEHRLEIN<\/td><td>ALE<\/td><td>Porsche<\/td><td>1<\/td><td>1<\/td><td>51<\/td><\/tr><tr><td>9<\/td><td>L DI GRASSI<\/td><td>BRA<\/td><td>Venturi Mercedes<\/td><td>&#8211;<\/td><td>&#8211;<\/td><td>49<\/td><\/tr><tr><td>10<\/td><td>A.F DA COSTA<\/td><td>POR<\/td><td>DS Techeetah<\/td><td>&#8211;<\/td><td>&#8211;<\/td><td>42<\/td><\/tr><tr><td>11<\/td><td>J DENNIS<\/td><td>ING<\/td><td>Andretti<\/td><td>&#8211;<\/td><td>&#8211;<\/td><td>28<\/td><\/tr><tr><td>12<\/td><td>S BIRD<\/td><td>ING<\/td><td>Jaguar<\/td><td>&#8211;<\/td><td>&#8211;<\/td><td>28<\/td><\/tr><tr><td>13<\/td><td>N CASSIDY<\/td><td>NZL<\/td><td>Envision<\/td><td>&#8211;<\/td><td>&#8211;<\/td><td>16<\/td><\/tr><tr><td>14<\/td><td>O ROWLAND<\/td><td>ING<\/td><td>Mahindra<\/td><td>&#8211;<\/td><td>&#8211;<\/td><td>10<\/td><\/tr><tr><td>15<\/td><td>S BUEMI<\/td><td>SUI<\/td><td>Nissan<\/td><td>&#8211;<\/td><td>&#8211;<\/td><td>10<\/td><\/tr><tr><td>16<\/td><td>O TURVEY<\/td><td>ING<\/td><td>NIO<\/td><td>&#8211;<\/td><td>&#8211;<\/td><td>6<\/td><\/tr><tr><td>17<\/td><td>M G\u00dcNTHER<\/td><td>ALE<\/td><td>Nissan<\/td><td>&#8211;<\/td><td>&#8211;<\/td><td>2<\/td><\/tr><tr><td>18<\/td><td>A SIMS<\/td><td>ING<\/td><td>Mahindra<\/td><td>&#8211;<\/td><td>&#8211;<\/td><td>2<\/td><\/tr><tr><td>19<\/td><td>O ASKEW<\/td><td>EUA<\/td><td>Andretti<\/td><td>&#8211;<\/td><td>&#8211;<\/td><td>2<\/td><\/tr><tr><td>20<\/td><td>D TICKTUM<\/td><td>ING<\/td><td>NIO<\/td><td>&#8211;<\/td><td>&#8211;<\/td><td>1<\/td><\/tr><tr><td>21<\/td><td>S SETTE C\u00c2MARA<\/td><td>BRA<\/td><td>Dragon Penske<\/td><td>&#8211;<\/td><td>&#8211;<\/td><td>0<\/td><\/tr><tr><td>22<\/td><td>A GIOVINAZZI<\/td><td>ITA<\/td><td>Dragon Penske<\/td><td>&#8211;<\/td><td>&#8211;<\/td><td>0<\/td><\/tr><\/tbody><\/table><\/figure>\n","protected":false},"excerpt":{"rendered":"<p>Stoffel Vandoorne permanece na lideran\u00e7a do Mundial de Pilotos da F\u00f3rmula E ap\u00f3s eP de Berlim, mas Edoardo Mortara tomou segundo lugar de Jean-\u00c8ric Vergne e se colocou na briga pelo t\u00edtulo<\/p>\n","protected":false},"author":0,"featured_media":1000568386,"comment_status":"closed","ping_status":"closed","sticky":false,"template":"","format":"standard","meta":{"42wp_featured_image_caption":"","42wp_featured_image_credits":"","42wp_featured_video":"","42wp_featured_image_hidden":false,"42wp_authors_list":[],"footnotes":""},"categories":[19],"tags":[5050,949,4981,379,27903,840,28327,24836,28285,82,967,660],"42wp_author":[47142],"class_list":["post-112279","post","type-post","status-publish","format-standard","has-post-thumbnail","hentry","category-formula-e","tag-berlim","tag-edoardo-mortara","tag-ep-de-berlim","tag-fe","tag-fe-2022","tag-formula-e","tag-formula-e-2022","tag-grande-premio-2","tag-grandepremio","tag-mercedes","tag-stoffel-vandoorne","tag-venturi","42wp_author-jp-nascimento"],"_links":{"self":[{"href":"https:\/\/grandepremio.com\/br\/wp-json\/wp\/v2\/posts\/112279","targetHints":{"allow":["GET"]}}],"collection":[{"href":"https:\/\/grandepremio.com\/br\/wp-json\/wp\/v2\/posts"}],"about":[{"href":"https:\/\/grandepremio.com\/br\/wp-json\/wp\/v2\/types\/post"}],"replies":[{"embeddable":true,"href":"https:\/\/grandepremio.com\/br\/wp-json\/wp\/v2\/comments?post=112279"}],"version-history":[{"count":0,"href":"https:\/\/grandepremio.com\/br\/wp-json\/wp\/v2\/posts\/112279\/revisions"}],"wp:featuredmedia":[{"embeddable":true,"href":"https:\/\/grandepremio.com\/br\/wp-json\/wp\/v2\/media\/1000568386"}],"wp:attachment":[{"href":"https:\/\/grandepremio.com\/br\/wp-json\/wp\/v2\/media?parent=112279"}],"wp:term":[{"taxonomy":"category","embeddable":true,"href":"https:\/\/grandepremio.com\/br\/wp-json\/wp\/v2\/categories?post=112279"},{"taxonomy":"post_tag","embeddable":true,"href":"https:\/\/grandepremio.com\/br\/wp-json\/wp\/v2\/tags?post=112279"},{"taxonomy":"42wp_author","embeddable":true,"href":"https:\/\/grandepremio.com\/br\/wp-json\/wp\/v2\/42wp_author?post=112279"}],"curies":[{"name":"wp","href":"https:\/\/api.w.org\/{rel}","templated":true}]}}