{"id":112312,"date":"2022-05-14T13:54:26","date_gmt":"2022-05-14T16:54:26","guid":{"rendered":"https:\/\/grandepremio.com\/br\/noticias\/fia-demora-para-tomar-decisao-em-berlim-e-provoca-novo-incomodo-na-formula-e\/"},"modified":"2022-05-14T13:57:24","modified_gmt":"2022-05-14T16:57:24","slug":"fia-demora-para-tomar-decisao-em-berlim-e-provoca-novo-incomodo-na-formula-e","status":"publish","type":"post","link":"https:\/\/grandepremio.com\/br\/formula-e\/fia-demora-para-tomar-decisao-em-berlim-e-provoca-novo-incomodo-na-formula-e\/","title":{"rendered":"FIA demora para tomar decis\u00e3o em Berlim e provoca novo inc\u00f4modo na F\u00f3rmula E"},"content":{"rendered":"\n<figure class=\"wp-block-embed is-type-video is-provider-youtube wp-block-embed-youtube wp-embed-aspect-16-9 wp-has-aspect-ratio\"><div class=\"wp-block-embed__wrapper\">\n<iframe loading=\"lazy\" title=\"MUDAN\u00c7AS \u00c0 VISTA! MERCADO DE PILOTOS PEGA FOGO NA F\u00d3RMULA E \u00c0S VESPERAS DE BERLIM\" width=\"500\" height=\"281\" src=\"https:\/\/www.youtube.com\/embed\/RpMuShrLj7E?feature=oembed\" frameborder=\"0\" allow=\"accelerometer; autoplay; clipboard-write; encrypted-media; gyroscope; picture-in-picture; web-share\" referrerpolicy=\"strict-origin-when-cross-origin\" allowfullscreen><\/iframe>\n<\/div><figcaption>MUDAN\u00c7AS \u00c0 VISTA! MERCADO DE PILOTOS PEGA FOGO NA F\u00d3RMULA E \u00c0S VESPERAS DE BERLIM<\/figcaption><\/figure>\n\n\n\n<p class=\"wp-block-paragraph\">A vit\u00f3ria de Edoardo Mortara neste s\u00e1bado (14), na corrida 1 do eP de Berlim, ficou amea\u00e7ada durante toda a prova. E n\u00e3o por qualquer advers\u00e1rio \u2014 <a aria-label=\"j\u00e1 que o su\u00ed\u00e7o da Venturi venceu quase que de ponta a ponta em Tempelhof (opens in a new tab)\" href=\"https:\/\/www.grandepremio.com\/br\/formula-e\/noticias\/edoardo-mortara-alexander-sims-final-inesperada-pole-formula-e-berlim\/\" target=\"_blank\" rel=\"noreferrer noopener\" class=\"ek-link\">j\u00e1 que o su\u00ed\u00e7o da Venturi venceu quase que de ponta a ponta em Tempelhof<\/a> \u2014, mas pela FIA. Ainda na primeira parte da disputa, a entidade anunciou que o piloto estava em investiga\u00e7\u00e3o \u2014 no entanto, atrasou a decis\u00e3o at\u00e9 depois da cerim\u00f4nia do p\u00f3dio e causou novo inc\u00f4modo.<\/p>\n\n\n\n<p class=\"wp-block-paragraph\">O motivo: Mortara ultrapassou o limite de velocidade permitida no pit-lane quando se encaminhava para o grid de largada, ainda antes da apresenta\u00e7\u00e3o. Ou seja, o incidente registrado pelo piloto da Venturi aconteceu antes sequer da corrida come\u00e7ar, mas o resultado s\u00f3 foi anunciado mais de uma hora depois do encerramento.<\/p>\n\n\n\n<p class=\"wp-block-paragraph\">\u00c9 claro que o fantasma da puni\u00e7\u00e3o pairou sobre o su\u00ed\u00e7o, que evitou fazer qualquer tipo de celebra\u00e7\u00e3o efusiva na sa\u00edda do carro, durante a entrevista ou at\u00e9 mesmo no lugar mais alto do p\u00f3dio. A demora na decis\u00e3o da FIA dava esperan\u00e7as aos demais concorrentes, cientes da possibilidade de herdarem a vit\u00f3ria mesmo sem cruzarem a linha de chegada no primeiro lugar.<\/p>\n\n\n\n<p class=\"wp-block-paragraph\"><strong>\u25b6\ufe0f&nbsp;<a href=\"https:\/\/www.twitch.tv\/grandepremio\" target=\"_blank\" rel=\"noreferrer noopener\">Conhe\u00e7a o canal do GRANDE PR\u00caMIO na Twitch clicando aqui!<\/a><\/strong><\/p>\n\n\n\n<figure class=\"wp-block-image size-large\"><img decoding=\"async\" src=\"https:\/\/www.grandepremio.com\/br\/wp-content\/uploads\/2020\/05\/EPS807_100015_W6I2031-2048x2048-1-1024x683.jpg\" alt=\"\" class=\"wp-image-567903\"\/><figcaption>Tens\u00e3o durou at\u00e9 depois da corrida, mas vit\u00f3ria de Mortara em Berlim foi confirmada (Foto: F\u00f3rmula E)<\/figcaption><\/figure>\n\n\n\n<p class=\"wp-block-paragraph\">Ap\u00f3s a corrida, depois de todo o mist\u00e9rio \u2014 at\u00e9 porque durante a disputa n\u00e3o houve sequer um momento pol\u00eamico ou que necessitasse de aten\u00e7\u00e3o extrema da dire\u00e7\u00e3o de prova \u2014, foi anunciado que o piloto receber\u00e1 apenas uma puni\u00e7\u00e3o financeira de \u20ac 1.200 (aproximadamente R$ 6.320), mantendo a posi\u00e7\u00e3o em que terminou a disputa.<\/p>\n\n\n\n<p class=\"wp-block-paragraph\">A reflex\u00e3o que fica \u00e9: ser\u00e1 que n\u00e3o faria mais sentido para a pr\u00f3pria categoria anunciar a puni\u00e7\u00e3o enquanto a corrida estava em andamento? Deixar todos cientes de qual seria o resultado \u00e9 sempre a melhor op\u00e7\u00e3o, j\u00e1 que permite uma festa justa no p\u00f3dio e a sensa\u00e7\u00e3o de que a corrida foi definida dentro da pista, ainda mais no caso de uma puni\u00e7\u00e3o financeira.<\/p>\n\n\n\n<p class=\"wp-block-paragraph\">Se a puni\u00e7\u00e3o j\u00e1 estava prevista em regulamento, n\u00e3o faz absolutamente nenhum sentido que a decis\u00e3o seja postergada at\u00e9 depois da corrida. Caso n\u00e3o estivesse, a disputa em Berlim n\u00e3o requisitou tanta aten\u00e7\u00e3o dos comiss\u00e1rios a ponto de n\u00e3o poderem avaliar a situa\u00e7\u00e3o ainda no in\u00edcio \u2014 ou at\u00e9 mesmo na metade \u2014 da disputa.<\/p>\n\n\n\n<p class=\"wp-block-paragraph\"><strong>\u25b6\ufe0f&nbsp;Inscreva-se nos dois canais do GRANDE PR\u00caMIO no YouTube:&nbsp;<a href=\"https:\/\/www.youtube.com\/channel\/UC9OlHEgxoaY6QY6nWPoiqQg?sub_confirmation=1\" target=\"_blank\" rel=\"noreferrer noopener\">GP<\/a>&nbsp;|&nbsp;<a href=\"https:\/\/www.youtube.com\/channel\/UC9csiS6q_C3C0FYhyr1rnFA?sub_confirmation=1\" target=\"_blank\" rel=\"noreferrer noopener\">GP2<\/a><\/strong><\/p>\n\n\n\n<figure class=\"wp-block-image size-large is-resized\"><img loading=\"lazy\" decoding=\"async\" src=\"https:\/\/www.grandepremio.com\/br\/wp-content\/uploads\/2022\/01\/Trator-Formula-E-Diriyah-1024x573.jpg\" alt=\"\" class=\"wp-image-538112\" width=\"840\" height=\"470\"\/><figcaption>Guindaste na pista de Diriyah amea\u00e7ou seguran\u00e7a da corrida e exp\u00f4s dificuldade da FIA em tomar decis\u00f5es de forma r\u00e1pida (Foto: Reprodu\u00e7\u00e3o\/Twitter)<\/figcaption><\/figure>\n\n\n\n<p class=\"wp-block-paragraph\">Diretor de provas da FIA na F\u00f3rmula E, Scot Elkins vem se notabilizando cada vez mais por acompanhar a dificuldade da entidade em tomar algumas decis\u00f5es rapidamente: em destaque, a demora na puni\u00e7\u00e3o de Mortara neste s\u00e1bado e a dificuldade com a remo\u00e7\u00e3o da Mahindra de Alexander Sims ainda na primeira etapa da temporada, em Diriyah \u2014 quando at\u00e9 mesmo um guindaste chegou a estar presente na pista ao mesmo tempo em que os carros.<\/p>\n\n\n\n<p class=\"wp-block-paragraph\">No caso de uma corrida extremamente movimentada, em que a dire\u00e7\u00e3o de prova \u00e9 requisitada a todo momento, \u00e9 perfeitamente compreens\u00edvel que certas decis\u00f5es \u2014 que possuem um grau menor de import\u00e2ncia \u2014 demorem um pouco mais. Em um incidente registrado antes mesmo da largada e que poderia influenciar diretamente no vencedor da disputa, n\u00e3o. Bola fora da FIA \u2014 mais uma vez.<\/p>\n","protected":false},"excerpt":{"rendered":"<p>Edoardo Mortara passou a ser investigado por desrespeitar velocidade do pit-lane ainda antes da largada, mas decis\u00e3o foi adiada para depois da corrida e causou anticl\u00edmax na cerim\u00f4nia do p\u00f3dio<\/p>\n","protected":false},"author":0,"featured_media":1000567927,"comment_status":"closed","ping_status":"closed","sticky":false,"template":"","format":"standard","meta":{"42wp_featured_image_caption":"","42wp_featured_image_credits":"","42wp_featured_video":"","42wp_featured_image_hidden":false,"42wp_authors_list":[],"footnotes":""},"categories":[19],"tags":[1188,25117,5050,949,4981,379,27903,103,840,28327,24836,28285,29766,1172,2477,660],"42wp_author":[47142],"class_list":["post-112312","post","type-post","status-publish","format-standard","has-post-thumbnail","hentry","category-formula-e","tag-alexander-sims","tag-analise-2","tag-berlim","tag-edoardo-mortara","tag-ep-de-berlim","tag-fe","tag-fe-2022","tag-fia","tag-formula-e","tag-formula-e-2022","tag-grande-premio-2","tag-grandepremio","tag-jp-nascimento","tag-mahindra","tag-punicao","tag-venturi","42wp_author-jp-nascimento"],"_links":{"self":[{"href":"https:\/\/grandepremio.com\/br\/wp-json\/wp\/v2\/posts\/112312","targetHints":{"allow":["GET"]}}],"collection":[{"href":"https:\/\/grandepremio.com\/br\/wp-json\/wp\/v2\/posts"}],"about":[{"href":"https:\/\/grandepremio.com\/br\/wp-json\/wp\/v2\/types\/post"}],"replies":[{"embeddable":true,"href":"https:\/\/grandepremio.com\/br\/wp-json\/wp\/v2\/comments?post=112312"}],"version-history":[{"count":0,"href":"https:\/\/grandepremio.com\/br\/wp-json\/wp\/v2\/posts\/112312\/revisions"}],"wp:featuredmedia":[{"embeddable":true,"href":"https:\/\/grandepremio.com\/br\/wp-json\/wp\/v2\/media\/1000567927"}],"wp:attachment":[{"href":"https:\/\/grandepremio.com\/br\/wp-json\/wp\/v2\/media?parent=112312"}],"wp:term":[{"taxonomy":"category","embeddable":true,"href":"https:\/\/grandepremio.com\/br\/wp-json\/wp\/v2\/categories?post=112312"},{"taxonomy":"post_tag","embeddable":true,"href":"https:\/\/grandepremio.com\/br\/wp-json\/wp\/v2\/tags?post=112312"},{"taxonomy":"42wp_author","embeddable":true,"href":"https:\/\/grandepremio.com\/br\/wp-json\/wp\/v2\/42wp_author?post=112312"}],"curies":[{"name":"wp","href":"https:\/\/api.w.org\/{rel}","templated":true}]}}