{"id":112347,"date":"2022-05-13T11:25:17","date_gmt":"2022-05-13T14:25:17","guid":{"rendered":"https:\/\/grandepremio.com\/br\/noticias\/sebastian-vettel-revela-esta-questionando-sobre-seguir-formula-1-meio-crise-climatica\/"},"modified":"2022-05-13T11:47:35","modified_gmt":"2022-05-13T14:47:35","slug":"sebastian-vettel-revela-esta-questionando-sobre-seguir-formula-1-meio-crise-climatica","status":"publish","type":"post","link":"https:\/\/grandepremio.com\/br\/f1\/sebastian-vettel-revela-esta-questionando-sobre-seguir-formula-1-meio-crise-climatica\/","title":{"rendered":"Vettel revela que &#8220;est\u00e1 se questionando&#8221; sobre seguir na F1 em meio a crise clim\u00e1tica"},"content":{"rendered":"\n<figure class=\"wp-block-embed is-type-video is-provider-youtube wp-block-embed-youtube wp-embed-aspect-16-9 wp-has-aspect-ratio\"><div class=\"wp-block-embed__wrapper\">\n<iframe loading=\"lazy\" title=\"F\u00d3RMULA 1 2022: VERSTAPPEN ATROPELA EM MIAMI. COMO FERRARI RESPONDE? | Paddock GP #286\" width=\"500\" height=\"281\" src=\"https:\/\/www.youtube.com\/embed\/rBk5fbal6WI?feature=oembed\" frameborder=\"0\" allow=\"accelerometer; autoplay; clipboard-write; encrypted-media; gyroscope; picture-in-picture; web-share\" referrerpolicy=\"strict-origin-when-cross-origin\" allowfullscreen><\/iframe>\n<\/div><figcaption>F\u00d3RMULA 1 2022: VERSTAPPEN ATROPELA EM MIAMI. COMO FERRARI RESPONDE? | Paddock GP #286<\/figcaption><\/figure>\n\n\n\n<p class=\"wp-block-paragraph\">A F\u00f3rmula 1 est\u00e1 parada nesta semana, mas os atores do campeonato seguem bastante ativos. Sebastian Vettel participou do programa de televis\u00e3o &#8216;Question Time&#8217;, da emissora inglesa BBC, na noite da \u00faltima quinta-feira. Durante a atra\u00e7\u00e3o, deixou de lado as an\u00e1lises mais quentes sobre a F\u00f3rmula 1, temporada atual e Aston Martin. O debate era sobre quest\u00f5es importantes na sociedade atual e, quando tocou na vida na F1, foi para tra\u00e7ar um paralelo com o que pensa sobre outros pontos. A quest\u00e3o clim\u00e1tica, por exemplo.<\/p>\n\n\n\n<p class=\"wp-block-paragraph\"><strong>\u25b6\ufe0f\u00a0Inscreva-se nos dois canais do GRANDE PR\u00caMIO no YouTube:\u00a0<a href=\"https:\/\/www.youtube.com\/channel\/UC9OlHEgxoaY6QY6nWPoiqQg?sub_confirmation=1\" target=\"_blank\" rel=\"noreferrer noopener\">GP<\/a>\u00a0|\u00a0<a href=\"https:\/\/www.youtube.com\/channel\/UC9csiS6q_C3C0FYhyr1rnFA?sub_confirmation=1\" target=\"_blank\" rel=\"noreferrer noopener\">GP2<\/a><\/strong><br><strong>+ Russell se esbalda no sofrimento pela Williams <a href=\"https:\/\/www.grandepremio.com\/br\/f1\/noticias\/george-russell-esbalda-sofrimento-williams-entender-problematico-mercedes-w13\/\" class=\"ek-link\">para entender problem\u00e1tico<\/a> Mercedes W13<\/strong><\/p>\n\n\n\n<p class=\"wp-block-paragraph\">Vettel falou sobre a dubiedade que \u00e9 ser um piloto de carros de corrida da F1 e, ao mesmo tempo, t\u00e3o vocal defensor da sustentabilidade energ\u00e9tica. O piloto n\u00e3o se escondeu e admitiu que existe, sim, uma linha de hipocrisia entre o que defende e a ocupa\u00e7\u00e3o que tem.<\/p>\n\n\n\n<p class=\"wp-block-paragraph\">&#8220;Sim e s\u00e3o perguntas que eu mesmo me fa\u00e7o todos os dias. N\u00e3o sou um santo. Estou muito preocupado com o futuro, ent\u00e3o esses t\u00f3picos relacionados a energia, depend\u00eancia energ\u00e9tica e para onde vamos [s\u00e3o coisas que ficam na cabe\u00e7a]&#8221;, disse.<\/p>\n\n\n\n<figure class=\"wp-block-image size-large\"><img decoding=\"async\" src=\"https:\/\/www.grandepremio.com\/br\/wp-content\/uploads\/2022\/05\/GPF2-1024x683.jpg\" alt=\"\" class=\"wp-image-567403\"\/><figcaption>Sebastian Vettel, \u00e0 direita da tela, durante o &#8216;Question Time&#8217;, da BBC (Foto: Reprodu\u00e7\u00e3o\/BBC)<\/figcaption><\/figure>\n\n\n\n<figure class=\"wp-block-embed is-type-rich is-provider-spotify wp-block-embed-spotify wp-embed-aspect-21-9 wp-has-aspect-ratio\"><div class=\"wp-block-embed__wrapper\">\n<iframe title=\"Spotify Embed: Paddockast #147: A Red Bull passou a Ferrari? O balan\u00e7o da 1\u00aa parte da F1 2022\" style=\"border-radius: 12px\" width=\"100%\" height=\"152\" frameborder=\"0\" allowfullscreen allow=\"autoplay; clipboard-write; encrypted-media; fullscreen; picture-in-picture\" loading=\"lazy\" src=\"https:\/\/open.spotify.com\/embed\/episode\/1CyeZEXSW5jNDrEAPNtTEm?utm_source=oembed\"><\/iframe>\n<\/div><figcaption>Paddockast #147: A Red Bull passou a Ferrari? O balan\u00e7o da 1\u00aa parte da F1 2022<\/figcaption><\/figure>\n\n\n\n<p class=\"wp-block-paragraph\">&#8220;H\u00e1 algumas coisas que est\u00e3o sob meu controle e outras que certamente n\u00e3o est\u00e3o. Guiar carros de corrida \u00e9 minha paix\u00e3o, eu amo, e cada vez que entro num carro eu amo. Quando saio do carro, claro, tamb\u00e9m penso se \u00e9 algo que devo fazer ajudando a desperdi\u00e7ar recursos&#8221;, revelou.<\/p>\n\n\n\n<p class=\"wp-block-paragraph\">Na sequ\u00eancia, afirmou que &#8220;est\u00e1 se perguntando&#8221; se deveria estar na F1 e &#8220;viajando o mundo&#8221;. Entretanto, partindo do princ\u00edpio de que controla o que \u00e9 poss\u00edvel, lembrou do que faz para tentar aplacar o efeito que tem no meio ambiente ao estar na F1.<\/p>\n\n\n\n<p class=\"wp-block-paragraph\">&#8220;Tem muita coisa que pergunto a mim mesmo e muitas coisas que eu fa\u00e7o porque acredito que posso melhorar. Preciso pegar um avi\u00e3o todas as vezes? N\u00e3o, ent\u00e3o pego o carro. Algumas coisas est\u00e3o sob o meu controle&#8221;, apontou. O tetracampe\u00e3o ainda lembrou que a F1 e o esporte tamb\u00e9m funcionam como entretenimento e que as pessoas &#8220;enlouqueceriam&#8221; caso n\u00e3o tivesse maneiras de passar tempo.<\/p>\n\n\n\n<p class=\"wp-block-paragraph\">O &#8216;Question Time&#8217; est\u00e1 no ar desde 1979 e recebe sempre um painel formado por cinco personalidades importantes, a maior delas do campo pol\u00edtico, mas gente de outras \u00e1reas com relev\u00e2ncia intelectual tamb\u00e9m s\u00e3o convidados. Nesta edi\u00e7\u00e3o, Vettel tinha a companhia da procuradora-geral e parlamentar do Partido Conservador do Reino Unido, a parlamentar do Partido Trabalhista Shabana Mahmood, a economista Miatta Fahnbulleh e o comediante Geoff Norcott. A apresentadora \u00e9 a jornalista Fiona Bruce.<\/p>\n\n\n\n<figure class=\"wp-block-embed is-type-video is-provider-youtube wp-block-embed-youtube wp-embed-aspect-16-9 wp-has-aspect-ratio\"><div class=\"wp-block-embed__wrapper\">\n<iframe loading=\"lazy\" title=\"COMO ALONSO ABRIU AS PORTAS PARA O AZAR EM MIAMI NA F\u00d3RMULA 1 2022\" width=\"500\" height=\"281\" src=\"https:\/\/www.youtube.com\/embed\/lvTWGgdI9Jo?feature=oembed\" frameborder=\"0\" allow=\"accelerometer; autoplay; clipboard-write; encrypted-media; gyroscope; picture-in-picture; web-share\" referrerpolicy=\"strict-origin-when-cross-origin\" allowfullscreen><\/iframe>\n<\/div><figcaption>COMO ALONSO ABRIU AS PORTAS PARA O AZAR EM MIAMI NA F\u00d3RMULA 1 2022<\/figcaption><\/figure>\n","protected":false},"excerpt":{"rendered":"<p>Durante participa\u00e7\u00e3o em programa de TV, Sebastian Vettel admitiu a incompatibilidade entre o que pensa com rela\u00e7\u00e3o ao meio ambiente e o que faz da vida<\/p>\n","protected":false},"author":0,"featured_media":1000567404,"comment_status":"closed","ping_status":"closed","sticky":false,"template":"","format":"standard","meta":{"42wp_featured_image_caption":"","42wp_featured_image_credits":"","42wp_featured_video":"","42wp_featured_image_hidden":false,"42wp_authors_list":[],"footnotes":""},"categories":[2],"tags":[1357,31064,24836,28285,210],"42wp_author":[47120],"class_list":["post-112347","post","type-post","status-publish","format-standard","has-post-thumbnail","hentry","category-f1","tag-f1-2022","tag-formula-1-2022-3","tag-grande-premio-2","tag-grandepremio","tag-sebastian-vettel","42wp_author-pedro-henrique-marum"],"_links":{"self":[{"href":"https:\/\/grandepremio.com\/br\/wp-json\/wp\/v2\/posts\/112347","targetHints":{"allow":["GET"]}}],"collection":[{"href":"https:\/\/grandepremio.com\/br\/wp-json\/wp\/v2\/posts"}],"about":[{"href":"https:\/\/grandepremio.com\/br\/wp-json\/wp\/v2\/types\/post"}],"replies":[{"embeddable":true,"href":"https:\/\/grandepremio.com\/br\/wp-json\/wp\/v2\/comments?post=112347"}],"version-history":[{"count":0,"href":"https:\/\/grandepremio.com\/br\/wp-json\/wp\/v2\/posts\/112347\/revisions"}],"wp:featuredmedia":[{"embeddable":true,"href":"https:\/\/grandepremio.com\/br\/wp-json\/wp\/v2\/media\/1000567404"}],"wp:attachment":[{"href":"https:\/\/grandepremio.com\/br\/wp-json\/wp\/v2\/media?parent=112347"}],"wp:term":[{"taxonomy":"category","embeddable":true,"href":"https:\/\/grandepremio.com\/br\/wp-json\/wp\/v2\/categories?post=112347"},{"taxonomy":"post_tag","embeddable":true,"href":"https:\/\/grandepremio.com\/br\/wp-json\/wp\/v2\/tags?post=112347"},{"taxonomy":"42wp_author","embeddable":true,"href":"https:\/\/grandepremio.com\/br\/wp-json\/wp\/v2\/42wp_author?post=112347"}],"curies":[{"name":"wp","href":"https:\/\/api.w.org\/{rel}","templated":true}]}}