{"id":112371,"date":"2022-05-12T11:31:55","date_gmt":"2022-05-12T14:31:55","guid":{"rendered":"https:\/\/grandepremio.com\/br\/noticias\/colton-herta-valoriza-final-de-semana-formula-1-mclaren-miami-aprendi-muito\/"},"modified":"2022-05-12T11:33:47","modified_gmt":"2022-05-12T14:33:47","slug":"colton-herta-valoriza-final-de-semana-formula-1-mclaren-miami-aprendi-muito","status":"publish","type":"post","link":"https:\/\/grandepremio.com\/br\/indy\/colton-herta-valoriza-final-de-semana-formula-1-mclaren-miami-aprendi-muito\/","title":{"rendered":"Herta valoriza primeiro final de semana na F1 com McLaren em Miami: &#8220;Aprendi muito&#8221;"},"content":{"rendered":"\n<figure class=\"wp-block-embed is-type-video is-provider-youtube wp-block-embed-youtube wp-embed-aspect-16-9 wp-has-aspect-ratio\"><div class=\"wp-block-embed__wrapper\">\n<iframe loading=\"lazy\" title=\"POR QUE COLTON HERTA N\u00c3O ENGRENOU NA INDY EM 2022?\" width=\"500\" height=\"281\" src=\"https:\/\/www.youtube.com\/embed\/3-PAz1QnsmM?feature=oembed\" frameborder=\"0\" allow=\"accelerometer; autoplay; clipboard-write; encrypted-media; gyroscope; picture-in-picture; web-share\" referrerpolicy=\"strict-origin-when-cross-origin\" allowfullscreen><\/iframe>\n<\/div><figcaption>POR QUE COLTON HERTA N\u00c3O ENGRENOU NA INDY EM 2022?<\/figcaption><\/figure>\n\n\n\n<p class=\"wp-block-paragraph\">O americano Colton Herta teve sua primeira experi\u00eancia como membro de uma equipe de F\u00f3rmula 1 no \u00faltimo final de semana em Miami. <a href=\"https:\/\/www.grandepremio.com\/br\/f1\/noticias\/colton-herta-fecha-acordo-vira-piloto-desenvolvimento-mclaren-f1\/\" class=\"ek-link\">Anunciado como piloto de testes e desenvolvimento da McLaren no in\u00edcio do ano<\/a>, Herta passou bastante tempo com os funcion\u00e1rios da equipe brit\u00e2nica, e, por mais que desejasse ir para a pista, valorizou o aprendizado.<\/p>\n\n\n\n<p class=\"wp-block-paragraph\">&#8220;Foi muito divertido, mas \u00e9 sempre a pior sensa\u00e7\u00e3o do mundo para um piloto ir para uma pista e n\u00e3o poder pilotar. Obviamente, com os la\u00e7os com a McLaren, pude ver muito mais e nunca tive essa oportunidade em que realmente podia ver tudo, todos os dados dos pilotos, ver os tra\u00e7os e como eles fazer coisas. Ent\u00e3o foi muito interessante. Eu aprendi muito&#8221;, afirmou Colton.<\/p>\n\n\n\n<p class=\"wp-block-paragraph\">Acostumado a trabalhar em uma equipe com quatro pilotos na Andrreti, o jovem de 22 anos se surpreendeu com as semelhan\u00e7as na forma de operar dos times, mesmo com as grandes diferen\u00e7as de ajustes poss\u00edveis entre um carro da F\u00f3rmula 1 e da Indy.<\/p>\n\n\n\n<p class=\"wp-block-paragraph\"><strong>\u25b6\ufe0f\u00a0Inscreva-se nos dois canais do GRANDE PR\u00caMIO no YouTube:\u00a0<a href=\"https:\/\/www.youtube.com\/channel\/UC9OlHEgxoaY6QY6nWPoiqQg?sub_confirmation=1\" target=\"_blank\" rel=\"noreferrer noopener\">GP<\/a>\u00a0|\u00a0<a href=\"https:\/\/www.youtube.com\/channel\/UC9csiS6q_C3C0FYhyr1rnFA?sub_confirmation=1\" target=\"_blank\" rel=\"noreferrer noopener\">GP2<\/a><\/strong><\/p>\n\n\n\n<figure class=\"wp-block-image size-large\"><img decoding=\"async\" src=\"https:\/\/www.grandepremio.com\/br\/wp-content\/uploads\/2022\/04\/Colton-Herta-Acura-Grand-Prix-of-Long-Beach-By_-Chris-Owens_Large-Image-Without-Watermark_m53482-1024x683.jpg\" alt=\"\" class=\"wp-image-557015\"\/><figcaption>Colton Herta \u00e9 uma das jovens estrelas da Indy (Foto: Indycar)<\/figcaption><\/figure>\n\n\n\n<p class=\"wp-block-paragraph\">&#8220;Isso para mim foi a coisa mais surpreendente: o que eles fazem \u00e9 o mesmo que n\u00f3s. N\u00e3o havia nada que eles fizessem que fosse realmente diferente de como fazemos as coisas, exceto que eles t\u00eam muito mais pessoas porque t\u00eam muito mais coisas para se preocupar do que n\u00f3s&#8221;, explicou Herta. <\/p>\n\n\n\n<p class=\"wp-block-paragraph\">&#8220;Os carros deles t\u00eam tantas coisas diferentes que voc\u00ea pode mudar, tantos sensores e computadores para cuidar, enquanto a maioria dessas coisas s\u00e3o regulamentadas em nossos carros. Mas, operacionalmente, quando a equipe se re\u00fane ap\u00f3s uma sess\u00e3o, \u00e9 surpreendente como \u00e9 semelhante. Todo mundo estava muito aberto comigo e explicaram muitas coisas boas. Foi sensacional poder ver como tudo funciona&#8221;, valorizou o americano.<\/p>\n\n\n\n<p class=\"wp-block-paragraph\">Como piloto de testes e desenvolvimento da McLaren, <a href=\"https:\/\/www.grandepremio.com\/br\/f1\/noticias\/mclaren-considera-pato-oward-colton-herta-treinos-livres-formula-1-2022\/\" class=\"ek-link\">Colton dever\u00e1 participar de uma sess\u00e3o de treinos livres com a equipe brit\u00e2ncia ao longo da temporada<\/a>. O americano aproveitou o final de semana para rever velhos conhecidos e fazer novas conex\u00f5es, e <a href=\"https:\/\/www.grandepremio.com\/br\/f1\/noticias\/lando-norris-colton-herta-estrela-indy-revela-apelido-hooligan\/\" class=\"ek-link\">chegou a ser elogiado por Lando Norris como &#8220;estrela da Indy&#8221;<\/a>.<\/p>\n\n\n\n<figure class=\"wp-block-embed is-type-rich is-provider-twitter wp-block-embed-twitter\"><div class=\"wp-block-embed__wrapper\">\n<blockquote class=\"twitter-tweet\" data-width=\"500\" data-dnt=\"true\"><p lang=\"en\" dir=\"ltr\">Awesome to be hanging out in the <a href=\"https:\/\/x.com\/F1?ref_src=twsrc%5Etfw\">@F1<\/a> paddock this weekend. Seeing some familiar faces and meeting some new ones. Let\u2019s see what the weekend brings\ud83d\udd25\ud83d\udd25 <a href=\"https:\/\/t.co\/8J6HAwlszK\">pic.twitter.com\/8J6HAwlszK<\/a><\/p>&mdash; Colton Herta (@ColtonHerta) <a href=\"https:\/\/x.com\/ColtonHerta\/status\/1522349733796274180?ref_src=twsrc%5Etfw\">May 5, 2022<\/a><\/blockquote><script async src=\"https:\/\/platform.x.com\/widgets.js\" charset=\"utf-8\"><\/script>\n<\/div><\/figure>\n\n\n\n<p class=\"wp-block-paragraph\">&#8220;Eu acabei tendo contato com muitas pessoas na verdade. Dentre os pilotos, conheci Daniel Ricciardo, realmente extrovertido, um cara ador\u00e1vel. Obviamente, conversei bastante com o Lando [Norris]. Eu n\u00e3o o via h\u00e1 muito tempo. Falei com o Mike Krack [chefe da Aston Martin], que eu conhe\u00e7o do nosso tempo na BMW, ent\u00e3o foi bom v\u00ea-lo. Falei com o [Sebastian] Vettel, que eu conhe\u00e7o da Corrida dos Campe\u00f5es. Foi bom poder ver todo mundo&#8221;, disse Colton.<\/p>\n\n\n\n<p class=\"wp-block-paragraph\">Herta volta \u00e0s pistas neste s\u00e1bado, no dia 14 de maio, para o GP de Indian\u00e1polis 1, que acontece no circuito misto do Brickyard.<\/p>\n\n\n\n<figure class=\"wp-block-embed is-type-video is-provider-youtube wp-block-embed-youtube wp-embed-aspect-16-9 wp-has-aspect-ratio\"><div class=\"wp-block-embed__wrapper\">\n<iframe loading=\"lazy\" title=\"McLAREN OU ANDRETTI? \u00c9 HORA DE ALEXANDER ROSSI ANALISAR FUTURO PELA INDY\" width=\"500\" height=\"281\" src=\"https:\/\/www.youtube.com\/embed\/72_xFXFTHdM?feature=oembed\" frameborder=\"0\" allow=\"accelerometer; autoplay; clipboard-write; encrypted-media; gyroscope; picture-in-picture; web-share\" referrerpolicy=\"strict-origin-when-cross-origin\" allowfullscreen><\/iframe>\n<\/div><figcaption>MCLAREN OU ANDRETTI? \u00c9 HORA DE ROSSI ANALISAR FUTURO PELA INDY<\/figcaption><\/figure>\n","protected":false},"excerpt":{"rendered":"<p>Colton Herta participou do final de semana da F\u00f3rmula 1 em Miami com a McLaren e se surpreendeu com a semelhan\u00e7a da opera\u00e7\u00e3o da equipe brit\u00e2nica com o funcionamento de um time na Indy<\/p>\n","protected":false},"author":0,"featured_media":1000510708,"comment_status":"closed","ping_status":"closed","sticky":false,"template":"","format":"standard","meta":{"42wp_featured_image_caption":"","42wp_featured_image_credits":"","42wp_featured_video":"","42wp_featured_image_hidden":false,"42wp_authors_list":[],"footnotes":""},"categories":[3],"tags":[1579,147,24837,31064,619,873,31363,93,2209,94,90],"42wp_author":[47144],"class_list":["post-112371","post","type-post","status-publish","format-standard","has-post-thumbnail","hentry","category-indy","tag-colton-herta","tag-f1","tag-formula-1-2","tag-formula-1-2022-3","tag-formula-indy","tag-gp-de-miami","tag-gp-de-miami-2022","tag-indy","tag-indy-2022","tag-indycar","tag-mclaren","42wp_author-andre-netto"],"_links":{"self":[{"href":"https:\/\/grandepremio.com\/br\/wp-json\/wp\/v2\/posts\/112371","targetHints":{"allow":["GET"]}}],"collection":[{"href":"https:\/\/grandepremio.com\/br\/wp-json\/wp\/v2\/posts"}],"about":[{"href":"https:\/\/grandepremio.com\/br\/wp-json\/wp\/v2\/types\/post"}],"replies":[{"embeddable":true,"href":"https:\/\/grandepremio.com\/br\/wp-json\/wp\/v2\/comments?post=112371"}],"version-history":[{"count":0,"href":"https:\/\/grandepremio.com\/br\/wp-json\/wp\/v2\/posts\/112371\/revisions"}],"wp:featuredmedia":[{"embeddable":true,"href":"https:\/\/grandepremio.com\/br\/wp-json\/wp\/v2\/media\/1000510708"}],"wp:attachment":[{"href":"https:\/\/grandepremio.com\/br\/wp-json\/wp\/v2\/media?parent=112371"}],"wp:term":[{"taxonomy":"category","embeddable":true,"href":"https:\/\/grandepremio.com\/br\/wp-json\/wp\/v2\/categories?post=112371"},{"taxonomy":"post_tag","embeddable":true,"href":"https:\/\/grandepremio.com\/br\/wp-json\/wp\/v2\/tags?post=112371"},{"taxonomy":"42wp_author","embeddable":true,"href":"https:\/\/grandepremio.com\/br\/wp-json\/wp\/v2\/42wp_author?post=112371"}],"curies":[{"name":"wp","href":"https:\/\/api.w.org\/{rel}","templated":true}]}}