{"id":112389,"date":"2022-05-11T15:30:00","date_gmt":"2022-05-11T18:30:00","guid":{"rendered":"https:\/\/grandepremio.com\/br\/noticias\/tt-gp-52-red-bull-sobra-quando-nao-quebra-choro-alpine\/"},"modified":"2022-05-11T15:59:54","modified_gmt":"2022-05-11T18:59:54","slug":"tt-gp-52-red-bull-sobra-quando-nao-quebra-choro-alpine","status":"publish","type":"post","link":"https:\/\/grandepremio.com\/br\/f1\/tt-gp-52-red-bull-sobra-quando-nao-quebra-choro-alpine\/","title":{"rendered":"TT GP #52 | Red Bull sobra quando n\u00e3o quebra + Choro da Alpine"},"content":{"rendered":"\n<figure class=\"wp-block-embed is-type-video is-provider-youtube wp-block-embed-youtube wp-embed-aspect-16-9 wp-has-aspect-ratio\"><div class=\"wp-block-embed__wrapper\">\n<iframe loading=\"lazy\" title=\"RED BULL SOBRA NA F\u00d3RMULA 1 QUANDO N\u00c3O QUEBRA + O CHORO DA ALPINE | TT GP #52\" width=\"500\" height=\"281\" src=\"https:\/\/www.youtube.com\/embed\/Cpe-NEW1ZLw?feature=oembed\" frameborder=\"0\" allow=\"accelerometer; autoplay; clipboard-write; encrypted-media; gyroscope; picture-in-picture; web-share\" referrerpolicy=\"strict-origin-when-cross-origin\" allowfullscreen><\/iframe>\n<\/div><\/figure>\n\n\n\n<p class=\"wp-block-paragraph\">Mais uma corrida em que a Red Bull n\u00e3o quebrou chegou ao fim com vit\u00f3ria de Max Verstappen. At\u00e9 agora, nas cinco corridas do campeonato, o holand\u00eas venceu as tr\u00eas em que terminou e come\u00e7a a se aproximar de Charles Leclerc na classifica\u00e7\u00e3o do Mundial de Pilotos. Se ficar na pista, a equipe rubro-taurina \u00e9 imbat\u00edvel? \u00c9 uma das discuss\u00f5es do TT GP desta semana.<\/p>\n\n\n\n<p class=\"wp-block-paragraph\">Mesmo com o bom momento, os problemas de confiabilidade n\u00e3o est\u00e3o no passado. A equipe admitiu que considerou a ideia de ter de abandonar com Sergio P\u00e9rez <strong><a href=\"https:\/\/www.grandepremio.com\/br\/f1\/noticias\/max-verstappen-atropela-ferrari-primeiras-voltas-vence-gp-de-miami-formula-1\/\" class=\"ek-link\">em Miami<\/a><\/strong>, enquanto o pr\u00f3prio Verstappen faz quest\u00e3o de pedir que a quest\u00e3o seja cuidado com carinho pela equipe.<\/p>\n\n\n\n<p class=\"wp-block-paragraph\">Al\u00e9m de Red Bull e Ferrari, est\u00e1 em debate tamb\u00e9m o evento como um todo que a F\u00f3rmula 1 apresentou em Miami. Foi cafona demais e passou dos limites do pastel\u00e3o ou ficou de bom tom para o que a categoria pretende fazer nos Estados Unidos?<\/p>\n\n\n\n<p class=\"wp-block-paragraph\">Pedro Henrique Marum apresenta o TT GP e conta com os coment\u00e1rios de Renato Ribeiro, Gulherme Bloisi e Jo\u00e3o Pedro Nascimento.<\/p>\n\n\n\n<p class=\"wp-block-paragraph\"><strong>\u25b6\ufe0f&nbsp;Inscreva-se nos dois canais do GRANDE PR\u00caMIO no YouTube:&nbsp;<a href=\"https:\/\/www.youtube.com\/channel\/UC9OlHEgxoaY6QY6nWPoiqQg?sub_confirmation=1\" target=\"_blank\" rel=\"noreferrer noopener\">GP<\/a>&nbsp;|&nbsp;<a href=\"https:\/\/www.youtube.com\/channel\/UC9csiS6q_C3C0FYhyr1rnFA?sub_confirmation=1\" target=\"_blank\" rel=\"noreferrer noopener\">GP2<\/a><\/strong><\/p>\n","protected":false},"excerpt":{"rendered":"<p>Edi\u00e7\u00e3o #52 do TT GP debate o dom\u00ednio de Max Verstappen quando a Red Bull fica na pista e o evento como um todo do GP de Miami<\/p>\n","protected":false},"author":0,"featured_media":1000567046,"comment_status":"closed","ping_status":"closed","sticky":false,"template":"","format":"standard","meta":{"42wp_featured_image_caption":"","42wp_featured_image_credits":"","42wp_featured_video":"","42wp_featured_image_hidden":false,"42wp_authors_list":[],"footnotes":""},"categories":[2],"tags":[1357,31064,873,24836,28285,1541,30267,203,570,204,1494,27402],"42wp_author":[47120],"class_list":["post-112389","post","type-post","status-publish","format-standard","has-post-thumbnail","hentry","category-f1","tag-f1-2022","tag-formula-1-2022-3","tag-gp-de-miami","tag-grande-premio-2","tag-grandepremio","tag-guilherme-bloisi","tag-joao-pedro-nascimento","tag-max-verstappen","tag-pedro-henrique-marum","tag-red-bull","tag-renato-ribeiro","tag-tt-gp","42wp_author-pedro-henrique-marum"],"_links":{"self":[{"href":"https:\/\/grandepremio.com\/br\/wp-json\/wp\/v2\/posts\/112389","targetHints":{"allow":["GET"]}}],"collection":[{"href":"https:\/\/grandepremio.com\/br\/wp-json\/wp\/v2\/posts"}],"about":[{"href":"https:\/\/grandepremio.com\/br\/wp-json\/wp\/v2\/types\/post"}],"replies":[{"embeddable":true,"href":"https:\/\/grandepremio.com\/br\/wp-json\/wp\/v2\/comments?post=112389"}],"version-history":[{"count":0,"href":"https:\/\/grandepremio.com\/br\/wp-json\/wp\/v2\/posts\/112389\/revisions"}],"wp:featuredmedia":[{"embeddable":true,"href":"https:\/\/grandepremio.com\/br\/wp-json\/wp\/v2\/media\/1000567046"}],"wp:attachment":[{"href":"https:\/\/grandepremio.com\/br\/wp-json\/wp\/v2\/media?parent=112389"}],"wp:term":[{"taxonomy":"category","embeddable":true,"href":"https:\/\/grandepremio.com\/br\/wp-json\/wp\/v2\/categories?post=112389"},{"taxonomy":"post_tag","embeddable":true,"href":"https:\/\/grandepremio.com\/br\/wp-json\/wp\/v2\/tags?post=112389"},{"taxonomy":"42wp_author","embeddable":true,"href":"https:\/\/grandepremio.com\/br\/wp-json\/wp\/v2\/42wp_author?post=112389"}],"curies":[{"name":"wp","href":"https:\/\/api.w.org\/{rel}","templated":true}]}}