{"id":112401,"date":"2022-05-11T09:01:58","date_gmt":"2022-05-11T12:01:58","guid":{"rendered":"https:\/\/grandepremio.com\/br\/noticias\/gunther-steiner-haas-mick-schumacher-erro-miami\/"},"modified":"2022-05-11T10:51:32","modified_gmt":"2022-05-11T13:51:32","slug":"gunther-steiner-haas-mick-schumacher-erro-miami","status":"publish","type":"post","link":"https:\/\/grandepremio.com\/br\/f1\/gunther-steiner-haas-mick-schumacher-erro-miami\/","title":{"rendered":"Haas puxa orelha de Schumacher e lamenta sair zerada de Miami: &#8220;Temos carro para mais&#8221;"},"content":{"rendered":"\n<p class=\"wp-block-paragraph\">A Haas saiu de Miami com os mesmos 15 pontos \u2014 todos conquistados por Kevin Magnussen \u2014 que tinha na classifica\u00e7\u00e3o, e G\u00fcnther Steiner fez quest\u00e3o de n\u00e3o apontar nenhum culpado al\u00e9m da pr\u00f3pria equipe por outro resultado ruim. Mas o italiano chamou especialmente a aten\u00e7\u00e3o de Mick Schumacher, que p\u00f4s seus primeiros pontos na F\u00f3rmula 1 a perder por conta de uma batida boba em Sebastian Vettel.<\/p>\n\n\n\n<p class=\"wp-block-paragraph\">Na corrida disputada no \u00faltimo domingo (8), tanto Schumacher quanto Magnussen flertaram com a zona de pontua\u00e7\u00e3o. O alem\u00e3o, ali\u00e1s, vinha com uma boa performance, at\u00e9 bater no compatriota da Aston Martin e acabar com a corrida de ambos. J\u00e1 o dinamarqu\u00eas se enroscou com Lance Stroll a duas voltas do fim e n\u00e3o viu a bandeira quadriculada.<\/p>\n\n\n\n<p class=\"wp-block-paragraph\"><strong>\u25b6\ufe0f\u00a0Inscreva-se nos dois canais do GRANDE PR\u00caMIO no YouTube:\u00a0<a href=\"https:\/\/www.youtube.com\/channel\/UC9OlHEgxoaY6QY6nWPoiqQg?sub_confirmation=1\" target=\"_blank\" rel=\"noreferrer noopener\">GP<\/a>\u00a0|\u00a0<a href=\"https:\/\/www.youtube.com\/channel\/UC9csiS6q_C3C0FYhyr1rnFA?sub_confirmation=1\" target=\"_blank\" rel=\"noreferrer noopener\">GP2<\/a><\/strong><\/p>\n\n\n\n<figure class=\"wp-block-image size-large\"><img decoding=\"async\" src=\"https:\/\/www.grandepremio.com\/br\/wp-content\/uploads\/2022\/05\/F1-2022-Miami-Domingo-Sebastian-Vettel-Mick-Schumacher-1024x576.jpg\" alt=\"\" class=\"wp-image-566345\"\/><figcaption>Sebastian Vettel e Mick Schumacher se encontraram j\u00e1 na reta final da corrida em Miami (Foto: Reprodu\u00e7\u00e3o\/F1)<\/figcaption><\/figure>\n\n\n\n<p class=\"wp-block-paragraph\">&#8220;Quem n\u00e3o fica decepcionado depois de um fim de semana como esse? Acho que n\u00e3o temos ningu\u00e9m a culpar al\u00e9m de n\u00f3s mesmos&#8221;, declarou Steiner \u00e0 Autosport. &#8220;Est\u00e1vamos nos pontos, talvez fosse poss\u00edvel at\u00e9 com os dois carros, e a\u00ed perdemos tudo na relargada. Os pilotos se reagruparam muito bem, e depois cometemos erros e terminamos sem nada \u2014 ali\u00e1s, n\u00e3o com nada, terminamos com pe\u00e7as quebradas&#8221;, acrescentou, sem esconder a frustra\u00e7\u00e3o com o abandono de sua dupla.<\/p>\n\n\n\n<p class=\"wp-block-paragraph\"><strong>LEIA MAIS<\/strong><br><strong>Ferrari toma arrocho da Red Bull <a href=\"https:\/\/www.grandepremio.com\/br\/f1\/noticias\/ferrari-arrocho-red-bull-mostrar-cartas-atualizacoes-barcelona\/\" class=\"ek-link\">e tem de mostrar cartas com atualiza\u00e7\u00f5es<\/a> de Barcelona<\/strong><\/p>\n\n\n\n<p class=\"wp-block-paragraph\">Steiner foi anda mais firme sobre o erro de Mick, que est\u00e1 em seu segundo ano de F1 e ainda n\u00e3o pontuou na temporada. O chef\u00e3o da Haas n\u00e3o chegou a falar diretamente com o seu piloto, mas foi categ\u00f3rico ao dizer que ele deveria ter tomado mais cuidado para garantir o posto at\u00e9 o fim.<\/p>\n\n\n\n<p class=\"wp-block-paragraph\">&#8220;N\u00e3o sou o piloto. Quero dizer, precisamos passar por isso. N\u00e3o falei com ele, mas, obviamente, n\u00e3o podemos perder pontos assim&#8221;. Ele falou ainda que n\u00e3o basta apenas o VF-22 ter potencial para brigar por boas posi\u00e7\u00f5es. &#8220;\u00c9 algo positivo, mas voc\u00ea tem de usar seu potencial. Ter um carro como esse, basicamente, \u00e9 perder oportunidades. Estou muito decepcionado depois dessa corrida.&#8221;<\/p>\n\n\n\n<p class=\"wp-block-paragraph\">A Haas retorna \u00e0 pista a partir do dia 20 deste m\u00eas, nos treinos livres para o GP da Espanha, sexta etapa do Mundial 2022. E Steiner j\u00e1 sabe o que tem de ser feito. &#8220;Precisamos voltar \u00e0 prancheta e ver o que faremos na Espanha e em Monte Carlo. E precisa ser melhor do que isso, porque temos carro para tal.&#8221;<\/p>\n\n\n\n<p class=\"wp-block-paragraph\">\u201cToda a equipe acabou sem nada. Quer dizer, para mim, a equipe \u00e9 a coisa mais importante. N\u00e3o podemos continuar dizendo &#8216;Vamos voltar a correr no pr\u00f3ximo fim de semana&#8217;, porque de repente chega o final do ano e ainda estamos esperando pela 24\u00aa corrida, mas ela n\u00e3o chega\u201d, encerrou.<\/p>\n\n\n\n<figure class=\"wp-block-embed is-type-video is-provider-youtube wp-block-embed-youtube wp-embed-aspect-16-9 wp-has-aspect-ratio\"><div class=\"wp-block-embed__wrapper\">\n<iframe loading=\"lazy\" title=\"POR QUE HAMILTON PEITA FIA E CONFRONTA &amp;apos;REGRA DAS JOIAS&amp;apos;\" width=\"500\" height=\"281\" src=\"https:\/\/www.youtube.com\/embed\/F4ffCli7L-4?feature=oembed\" frameborder=\"0\" allow=\"accelerometer; autoplay; clipboard-write; encrypted-media; gyroscope; picture-in-picture; web-share\" referrerpolicy=\"strict-origin-when-cross-origin\" allowfullscreen><\/iframe>\n<\/div><\/figure>\n","protected":false},"excerpt":{"rendered":"<p>G\u00fcnther Steiner n\u00e3o escondeu a frustra\u00e7\u00e3o por sair de Miami apenas &#8220;com pe\u00e7as quebradas&#8221; e afirmou que a Haas precisa fazer valer nas corridas o potencial que o carro j\u00e1 demonstrou possuir<\/p>\n","protected":false},"author":0,"featured_media":1000566087,"comment_status":"closed","ping_status":"closed","sticky":false,"template":"","format":"standard","meta":{"42wp_featured_image_caption":"","42wp_featured_image_credits":"","42wp_featured_video":"","42wp_featured_image_hidden":false,"42wp_authors_list":[],"footnotes":""},"categories":[2],"tags":[309,873,1256,119,117,485,1294,210],"42wp_author":[47147],"class_list":["post-112401","post","type-post","status-publish","format-standard","has-post-thumbnail","hentry","category-f1","tag-aston-martin","tag-gp-de-miami","tag-gunther-steiner","tag-haas","tag-kevin-magnussen","tag-lance-stroll","tag-mick-schumacher","tag-sebastian-vettel","42wp_author-luana-marino"],"_links":{"self":[{"href":"https:\/\/grandepremio.com\/br\/wp-json\/wp\/v2\/posts\/112401","targetHints":{"allow":["GET"]}}],"collection":[{"href":"https:\/\/grandepremio.com\/br\/wp-json\/wp\/v2\/posts"}],"about":[{"href":"https:\/\/grandepremio.com\/br\/wp-json\/wp\/v2\/types\/post"}],"replies":[{"embeddable":true,"href":"https:\/\/grandepremio.com\/br\/wp-json\/wp\/v2\/comments?post=112401"}],"version-history":[{"count":0,"href":"https:\/\/grandepremio.com\/br\/wp-json\/wp\/v2\/posts\/112401\/revisions"}],"wp:featuredmedia":[{"embeddable":true,"href":"https:\/\/grandepremio.com\/br\/wp-json\/wp\/v2\/media\/1000566087"}],"wp:attachment":[{"href":"https:\/\/grandepremio.com\/br\/wp-json\/wp\/v2\/media?parent=112401"}],"wp:term":[{"taxonomy":"category","embeddable":true,"href":"https:\/\/grandepremio.com\/br\/wp-json\/wp\/v2\/categories?post=112401"},{"taxonomy":"post_tag","embeddable":true,"href":"https:\/\/grandepremio.com\/br\/wp-json\/wp\/v2\/tags?post=112401"},{"taxonomy":"42wp_author","embeddable":true,"href":"https:\/\/grandepremio.com\/br\/wp-json\/wp\/v2\/42wp_author?post=112401"}],"curies":[{"name":"wp","href":"https:\/\/api.w.org\/{rel}","templated":true}]}}