{"id":112413,"date":"2022-05-10T14:01:55","date_gmt":"2022-05-10T17:01:55","guid":{"rendered":"https:\/\/grandepremio.com\/br\/noticias\/eduardo-freitas-enfim-estreia-diretor-prova-formula-1-espanha-apos-cinco-corridas\/"},"modified":"2022-05-10T14:04:12","modified_gmt":"2022-05-10T17:04:12","slug":"eduardo-freitas-enfim-estreia-diretor-prova-formula-1-espanha-apos-cinco-corridas","status":"publish","type":"post","link":"https:\/\/grandepremio.com\/br\/f1\/eduardo-freitas-enfim-estreia-diretor-prova-formula-1-espanha-apos-cinco-corridas\/","title":{"rendered":"Eduardo Freitas enfim estreia como diretor de prova da F1 na Espanha ap\u00f3s cinco corridas"},"content":{"rendered":"\n<figure class=\"wp-block-embed is-type-video is-provider-youtube wp-block-embed-youtube wp-embed-aspect-16-9 wp-has-aspect-ratio\"><div class=\"wp-block-embed__wrapper\">\n<iframe loading=\"lazy\" title=\"F\u00d3RMULA 1 2022: VERSTAPPEN ATROPELA EM MIAMI. COMO FERRARI RESPONDE? | Paddock GP #286\" width=\"500\" height=\"281\" src=\"https:\/\/www.youtube.com\/embed\/rBk5fbal6WI?feature=oembed\" frameborder=\"0\" allow=\"accelerometer; autoplay; clipboard-write; encrypted-media; gyroscope; picture-in-picture; web-share\" referrerpolicy=\"strict-origin-when-cross-origin\" allowfullscreen><\/iframe>\n<\/div><figcaption>F\u00d3RMULA 1 2022: VERSTAPPEN ATROPELA EM MIAMI. COMO FERRARI RESPONDE? | Paddock GP\u00a0<a href=\"https:\/\/www.youtube.com\/hashtag\/286\">#286<\/a><\/figcaption><\/figure>\n\n\n\n<p class=\"wp-block-paragraph\">Eduardo Freitas far\u00e1 sua estreia como diretor de prova da F\u00f3rmula 1 no GP da Espanha. Depois de Niels Wittich assumir o posto nas cinco primeiras corridas da temporada, o portugu\u00eas enfim estar\u00e1 no comando da fun\u00e7\u00e3o em Barcelona, entre os dias 20 e 22 de maio.<\/p>\n\n\n\n<p class=\"wp-block-paragraph\">De acordo com a revista <em>Autosport<\/em>, Freitas ser\u00e1 o diretor tamb\u00e9m no GP de M\u00f4naco, antes de voltar suas aten\u00e7\u00f5es \u00e0s 24 Horas de Le Mans &#8211; evento que acontecer\u00e1 no mesmo fim de semana que a disputa da F1 no Azerbaij\u00e3o. <\/p>\n\n\n\n<p class=\"wp-block-paragraph\"><strong>LEIA TAMB\u00c9M<br>+ <a href=\"https:\/\/www.grandepremio.com\/br\/f1\/noticias\/fia-sugere-f1-evite-conflito-datas-24-horas-le-mans-2023\/\" class=\"ek-link\">FIA sugere que F1 evite conflito de datas com 24 Horas de Le Mans em 2023<\/a><\/strong><\/p>\n\n\n\n<figure class=\"wp-block-embed is-type-rich is-provider-spotify wp-block-embed-spotify wp-embed-aspect-21-9 wp-has-aspect-ratio\"><div class=\"wp-block-embed__wrapper\">\n<iframe title=\"Spotify Embed: Paddockast #146 | O que significa para a F1 ter Audi e Porsche em 2026?\" style=\"border-radius: 12px\" width=\"100%\" height=\"152\" frameborder=\"0\" allowfullscreen allow=\"autoplay; clipboard-write; encrypted-media; fullscreen; picture-in-picture\" loading=\"lazy\" src=\"https:\/\/open.spotify.com\/embed\/episode\/6NjBuA5R3fscxyLFpvc7Va?utm_source=oembed\"><\/iframe>\n<\/div><\/figure>\n\n\n\n<p class=\"wp-block-paragraph\">Ap\u00f3s a pol\u00eamica sa\u00edda de Michael Masi do cargo de diretor de prova da F\u00f3rmula 1, o presidente da FIA (Federa\u00e7\u00e3o Internacional de Automobilismo) Mohammed Bem Sulayem determinou os nomes de Wittich e Freitas para assumirem o posto, em esquema de revezamento. Al\u00e9m deles, Herbie Blash atua como conselheiro-s\u00eanior permanente para a dupla.<\/p>\n\n\n\n<p class=\"wp-block-paragraph\">Como Eduardo Freitas ainda tem compromissos com o WEC (Mundial de Rali), Niels Wittich ficou respons\u00e1vel pelo posto durante os primeiros GPs da temporada da F1. O cumprimento fiel \u00e0s regras do alem\u00e3o tem, em geral, sido aprovado pela categoria.<\/p>\n\n\n\n<p class=\"wp-block-paragraph\">&#8220;Niels \u00e9 bastante direto em termos de garantir que as regras sejam aplicadas. Ele tamb\u00e9m \u00e9 bastante direto em termos de transmitir o que est\u00e1 esperando de n\u00f3s. E \u00e9 disso que eu pessoalmente gosto&#8221;, revelou o chefe da McLaren, Andreas Seidl.<\/p>\n\n\n\n<p class=\"wp-block-paragraph\"><strong>\u25b6\ufe0f\u00a0Inscreva-se nos dois canais do GRANDE PR\u00caMIO no YouTube:\u00a0<a href=\"https:\/\/www.youtube.com\/channel\/UC9OlHEgxoaY6QY6nWPoiqQg?sub_confirmation=1\" target=\"_blank\" rel=\"noreferrer noopener\">GP<\/a>\u00a0|\u00a0<a href=\"https:\/\/www.youtube.com\/channel\/UC9csiS6q_C3C0FYhyr1rnFA?sub_confirmation=1\" target=\"_blank\" rel=\"noreferrer noopener\">GP2<\/a><\/strong><br><strong>+ <a href=\"https:\/\/www.grandepremio.com\/br\/f1\/noticias\/quem-sao-niels-wittich-e-eduardo-freitas-novos-diretores-de-prova-da-f1\/\" class=\"ek-link\">Quem s\u00e3o Niels Wittich e Eduardo Freitas, novos diretores de prova da F1?<\/a><\/strong><\/p>\n\n\n\n<figure class=\"wp-block-image size-large\"><img decoding=\"async\" src=\"https:\/\/www.grandepremio.com\/br\/wp-content\/uploads\/2022\/05\/FOTO-02-Niels-Wittich-FIA-1024x682.jpg\" alt=\"\" class=\"wp-image-566812\"\/><figcaption>Niels Wittich foi diretor de prova da F1 nas cinco primeiras corridas do ano (Foto: FIA)<\/figcaption><\/figure>\n\n\n\n<p class=\"wp-block-paragraph\">&#8220;Ao mesmo tempo, ele est\u00e1 sempre dispon\u00edvel para di\u00e1logo e tamb\u00e9m para contribui\u00e7\u00f5es construtivas, se voc\u00ea acha que as coisas precisam ser reconsideradas. E desse ponto de vista, quando olho agora como foram essas primeiras corridas, acho que estamos em um bom lugar&#8221;, completou.<\/p>\n\n\n\n<p class=\"wp-block-paragraph\">Nem tudo s\u00e3o flores, no entanto. A insistente escolha em acionar primeiramente o safety-car virtual em claras situa\u00e7\u00f5es de imediato carro de seguran\u00e7a &#8211; como em Miami, ap\u00f3s a colis\u00e3o entre Lando Norris e Pierre Gasly -, al\u00e9m de toda a pol\u00eamica envolvendo a &#8216;regra das joias&#8217; tem irritado os pilotos.<\/p>\n\n\n\n<p class=\"wp-block-paragraph\">Recentemente, tanto Freitas quando Wittich testaram positivo para a Covid-19 e tornaram-se d\u00favidas para o GP de Miami &#8211; no entanto, o alem\u00e3o logo negativou para a doen\u00e7a e a corrida seguiu sem problemas. O portugu\u00eas, portanto, estreia na Espanha &#8211; mas o verdadeiro desafio deve estar mesmo na etapa de M\u00f4naco.<\/p>\n\n\n\n<figure class=\"wp-block-embed is-type-video is-provider-youtube wp-block-embed-youtube wp-embed-aspect-16-9 wp-has-aspect-ratio\"><div class=\"wp-block-embed__wrapper\">\n<iframe loading=\"lazy\" title=\"F\u00d3RMULA 1 2022: MAX VERSTAPPEN VENCE GP DE MIAMI DE F1 | Briefing\" width=\"500\" height=\"281\" src=\"https:\/\/www.youtube.com\/embed\/iDm48d7gdEU?feature=oembed\" frameborder=\"0\" allow=\"accelerometer; autoplay; clipboard-write; encrypted-media; gyroscope; picture-in-picture; web-share\" referrerpolicy=\"strict-origin-when-cross-origin\" allowfullscreen><\/iframe>\n<\/div><figcaption>F\u00d3RMULA 1 2022: MAX VERSTAPPEN VENCE GP DE MIAMI DE F1 | Briefing<\/figcaption><\/figure>\n","protected":false},"excerpt":{"rendered":"<p>Ap\u00f3s sa\u00edda de Michael Masi, FIA determinou rod\u00edzio entre Niels Wittich e Eduardo Freitas como diretores de prova da F\u00f3rmula 1. Ocupado com o WEC, o portugu\u00eas enfim far\u00e1 sua estreia na categoria em Barcelona<\/p>\n","protected":false},"author":0,"featured_media":1000562873,"comment_status":"closed","ping_status":"closed","sticky":false,"template":"","format":"standard","meta":{"42wp_featured_image_caption":"","42wp_featured_image_credits":"","42wp_featured_video":"","42wp_featured_image_hidden":false,"42wp_authors_list":[],"footnotes":""},"categories":[2],"tags":[30908,147,1357,103,24837,24836,28285,1385,30907],"42wp_author":[47143],"class_list":["post-112413","post","type-post","status-publish","format-standard","has-post-thumbnail","hentry","category-f1","tag-eduardo-freitas","tag-f1","tag-f1-2022","tag-fia","tag-formula-1-2","tag-grande-premio-2","tag-grandepremio","tag-michael-masi","tag-niels-wittich","42wp_author-felipe-leite"],"_links":{"self":[{"href":"https:\/\/grandepremio.com\/br\/wp-json\/wp\/v2\/posts\/112413","targetHints":{"allow":["GET"]}}],"collection":[{"href":"https:\/\/grandepremio.com\/br\/wp-json\/wp\/v2\/posts"}],"about":[{"href":"https:\/\/grandepremio.com\/br\/wp-json\/wp\/v2\/types\/post"}],"replies":[{"embeddable":true,"href":"https:\/\/grandepremio.com\/br\/wp-json\/wp\/v2\/comments?post=112413"}],"version-history":[{"count":0,"href":"https:\/\/grandepremio.com\/br\/wp-json\/wp\/v2\/posts\/112413\/revisions"}],"wp:featuredmedia":[{"embeddable":true,"href":"https:\/\/grandepremio.com\/br\/wp-json\/wp\/v2\/media\/1000562873"}],"wp:attachment":[{"href":"https:\/\/grandepremio.com\/br\/wp-json\/wp\/v2\/media?parent=112413"}],"wp:term":[{"taxonomy":"category","embeddable":true,"href":"https:\/\/grandepremio.com\/br\/wp-json\/wp\/v2\/categories?post=112413"},{"taxonomy":"post_tag","embeddable":true,"href":"https:\/\/grandepremio.com\/br\/wp-json\/wp\/v2\/tags?post=112413"},{"taxonomy":"42wp_author","embeddable":true,"href":"https:\/\/grandepremio.com\/br\/wp-json\/wp\/v2\/42wp_author?post=112413"}],"curies":[{"name":"wp","href":"https:\/\/api.w.org\/{rel}","templated":true}]}}