{"id":112444,"date":"2022-05-09T07:40:01","date_gmt":"2022-05-09T10:40:01","guid":{"rendered":"https:\/\/grandepremio.com\/br\/noticias\/sebastian-vettel-mick-schumacher-lamentam-pontos-perdidos-minimizam-incidente-miami\/"},"modified":"2022-05-09T07:42:14","modified_gmt":"2022-05-09T10:42:14","slug":"sebastian-vettel-mick-schumacher-lamentam-pontos-perdidos-minimizam-incidente-miami","status":"publish","type":"post","link":"https:\/\/grandepremio.com\/br\/f1\/sebastian-vettel-mick-schumacher-lamentam-pontos-perdidos-minimizam-incidente-miami\/","title":{"rendered":"Vettel e Schumacher lamentam pontos perdidos, mas minimizam incidente em Miami"},"content":{"rendered":"\n<figure class=\"wp-block-embed is-type-video is-provider-youtube wp-block-embed-youtube wp-embed-aspect-16-9 wp-has-aspect-ratio\"><div class=\"wp-block-embed__wrapper\">\n<iframe loading=\"lazy\" title=\"F\u00d3RMULA 1 2022: MAX VERSTAPPEN VENCE GP DE MIAMI DE F1 | Briefing\" width=\"500\" height=\"281\" src=\"https:\/\/www.youtube.com\/embed\/iDm48d7gdEU?feature=oembed\" frameborder=\"0\" allow=\"accelerometer; autoplay; clipboard-write; encrypted-media; gyroscope; picture-in-picture; web-share\" referrerpolicy=\"strict-origin-when-cross-origin\" allowfullscreen><\/iframe>\n<\/div><figcaption>F\u00d3RMULA 1 2022: MAX VERSTAPPEN VENCE GP DE MIAMI DE F1 | Briefing<\/figcaption><\/figure>\n\n\n\n<p class=\"wp-block-paragraph\">Sebastian Vettel e Mick Schumacher trataram de colocar panos quentes e minimizar o incidente que deixou os dois fora dos pontos no <a href=\"https:\/\/www.grandepremio.com\/br\/f1\/noticias\/max-verstappen-atropela-ferrari-primeiras-voltas-vence-gp-de-miami-formula-1\/\" class=\"ek-link\">GP de Miami de F\u00f3rmula 1 de domingo (8)<\/a>. Os dois pilotos evitaram apontar um ao outro e falaram apenas em assistir as imagens para entender exatamente o que aconteceu na volta 53.<\/p>\n\n\n\n<p class=\"wp-block-paragraph\">Restando apenas tr\u00eas voltas para o fim da corrida, Vettel n\u00e3o viu Schumacher tentar uma ultrapassagem por dentro na curva 1 pela nona coloca\u00e7\u00e3o e colidiu com o carro da Haas. O incidente danificou a asa dianteira do carro do Mick e for\u00e7ou o abandono do tetracampe\u00e3o, acabando com as chances de ambos pontuarem.<\/p>\n\n\n\n<figure class=\"wp-block-image size-large\"><img decoding=\"async\" src=\"https:\/\/www.grandepremio.com\/br\/wp-content\/uploads\/2022\/05\/GP2205_141134_54I3307-1024x683.jpg\" alt=\"\" class=\"wp-image-566208\"\/><figcaption>Mick Schumacher e Sebastian Vettel antes do in\u00edcio do GP; pilotos colidiram na volta 54 (Foto: Aston Martin)<\/figcaption><\/figure>\n\n\n\n<p class=\"wp-block-paragraph\"><strong>\u25b6\ufe0f\u00a0Inscreva-se nos dois canais do GRANDE PR\u00caMIO no YouTube:\u00a0<a href=\"https:\/\/www.youtube.com\/channel\/UC9OlHEgxoaY6QY6nWPoiqQg?sub_confirmation=1\" target=\"_blank\" rel=\"noreferrer noopener\">GP<\/a>\u00a0|\u00a0<a href=\"https:\/\/www.youtube.com\/channel\/UC9csiS6q_C3C0FYhyr1rnFA?sub_confirmation=1\" target=\"_blank\" rel=\"noreferrer noopener\">GP2<\/a><\/strong><\/p>\n\n\n\n<p class=\"wp-block-paragraph\">\u201cEu n\u00e3o esperava, digamos assim\u201d, disse Vettel. \u201cObviamente, \u00e9 uma pena que tenhamos tido um contato e ambos abandonado a corrida, fora dos pontos. \u00c9 uma pena\u201d, seguiu.<\/p>\n\n\n\n<p class=\"wp-block-paragraph\">\u201cEstou desapontado por Mick e por mim mesmo, obviamente, de que n\u00f3s dois tenhamos perdido uma oportunidade de marcar pontos hoje\u201d, lamentou. \u201cN\u00e3o sei, n\u00e3o estava esperando ele. Preciso dar uma olhada outra vez. Quando o vi, j\u00e1 era, obviamente, tarde demais, ent\u00e3o tivemos um contato\u201d, completou.<\/p>\n\n\n\n<p class=\"wp-block-paragraph\">Mick, por sua vez, se disse ansioso para conversar com Vettel sobre o incidente que causou o duplo abandono no GP de Miami.<\/p>\n\n\n\n<p class=\"wp-block-paragraph\">\u201cObviamente, \u00e9 dif\u00edcil dizer e dif\u00edcil julgar de dentro do carro. Ent\u00e3o tenho de esperar e ver como foi de fora. Mas, com certeza, tamb\u00e9m ser\u00e1 bom ver o que Seb acha. Temos de seguir adiante a partir da\u00ed\u201d, declarou Schumacher.<\/p>\n\n\n\n<p class=\"wp-block-paragraph\">Informado de que, ao falar com a imprensa, Vettel n\u00e3o mostrou estar com raiva, Mick reagiu: \u201cN\u00e3o, \u00e9 a mesma coisa do meu lado. \u00c9 bom que possa aprender com ele, ele \u00e9 muito valioso para mim como amigo, ent\u00e3o, sim, vamos ver. Obviamente, somos todos pilotos\u201d.<\/p>\n\n\n\n<p class=\"wp-block-paragraph\">Por conta do incidente, Schumacher saiu de Miami sem os primeiros pontos na F\u00f3rmula 1, mas confiante de que a Haas pode extrair muitas coisas positivas da corrida nos Estados Unidos.<\/p>\n\n\n\n<p class=\"wp-block-paragraph\">\u201cAcho que o ritmo estava l\u00e1\u201d, avaliou Mick. \u201cAt\u00e9 mesmo manter Estaban [Ocon] e a Alpine atr\u00e1s com os C4 definitivamente mostrou que t\u00ednhamos um \u00f3timo ritmo. E tamb\u00e9m com o C2 conseguimos ficar com os caras \u00e0 frente, especialmente com Fernando [Alonso]\u201d, apontou.<\/p>\n\n\n\n<p class=\"wp-block-paragraph\">\u201cEstava indo bem, mas, infelizmente, as \u00faltimas foram um pouco ca\u00f3ticas\u201d, concluiu.<\/p>\n\n\n\n<figure class=\"wp-block-embed is-type-video is-provider-youtube wp-block-embed-youtube wp-embed-aspect-16-9 wp-has-aspect-ratio\"><div class=\"wp-block-embed__wrapper\">\n<iframe loading=\"lazy\" title=\"ASTON MARTIN D\u00c1 AS CARAS EM \u00cdMOLA, MAS D\u00c1 PARA TER ALGUMA EXPECTATIVA NA F\u00d3RMULA 1 2022?\" width=\"500\" height=\"281\" src=\"https:\/\/www.youtube.com\/embed\/mA9YyG7lAK8?feature=oembed\" frameborder=\"0\" allow=\"accelerometer; autoplay; clipboard-write; encrypted-media; gyroscope; picture-in-picture; web-share\" referrerpolicy=\"strict-origin-when-cross-origin\" allowfullscreen><\/iframe>\n<\/div><figcaption>ASTON MARTIN D\u00c1 AS CARAS EM \u00cdMOLA, MAS D\u00c1 PARA TER ALGUMA EXPECTATIVA NA F\u00d3RMULA 1 2022?<\/figcaption><\/figure>\n","protected":false},"excerpt":{"rendered":"<p>Amigos, os dois evitaram cr\u00edticas um ao outro e se limitaram a lamentar o rev\u00e9s na corrida nos Estados Unidos. Os dois manifestaram desejo de assistir as imagens para entender exatamente o que aconteceu<\/p>\n","protected":false},"author":0,"featured_media":1000566345,"comment_status":"closed","ping_status":"closed","sticky":false,"template":"","format":"standard","meta":{"42wp_featured_image_caption":"","42wp_featured_image_credits":"","42wp_featured_video":"","42wp_featured_image_hidden":false,"42wp_authors_list":[],"footnotes":""},"categories":[2],"tags":[147,1357,24837,31064,30732,2470,1294,210],"42wp_author":[47113],"class_list":["post-112444","post","type-post","status-publish","format-standard","has-post-thumbnail","hentry","category-f1","tag-f1","tag-f1-2022","tag-formula-1-2","tag-formula-1-2022-3","tag-formula-1-classificacao-2022","tag-miami","tag-mick-schumacher","tag-sebastian-vettel","42wp_author-juliana-tesser"],"_links":{"self":[{"href":"https:\/\/grandepremio.com\/br\/wp-json\/wp\/v2\/posts\/112444","targetHints":{"allow":["GET"]}}],"collection":[{"href":"https:\/\/grandepremio.com\/br\/wp-json\/wp\/v2\/posts"}],"about":[{"href":"https:\/\/grandepremio.com\/br\/wp-json\/wp\/v2\/types\/post"}],"replies":[{"embeddable":true,"href":"https:\/\/grandepremio.com\/br\/wp-json\/wp\/v2\/comments?post=112444"}],"version-history":[{"count":0,"href":"https:\/\/grandepremio.com\/br\/wp-json\/wp\/v2\/posts\/112444\/revisions"}],"wp:featuredmedia":[{"embeddable":true,"href":"https:\/\/grandepremio.com\/br\/wp-json\/wp\/v2\/media\/1000566345"}],"wp:attachment":[{"href":"https:\/\/grandepremio.com\/br\/wp-json\/wp\/v2\/media?parent=112444"}],"wp:term":[{"taxonomy":"category","embeddable":true,"href":"https:\/\/grandepremio.com\/br\/wp-json\/wp\/v2\/categories?post=112444"},{"taxonomy":"post_tag","embeddable":true,"href":"https:\/\/grandepremio.com\/br\/wp-json\/wp\/v2\/tags?post=112444"},{"taxonomy":"42wp_author","embeddable":true,"href":"https:\/\/grandepremio.com\/br\/wp-json\/wp\/v2\/42wp_author?post=112444"}],"curies":[{"name":"wp","href":"https:\/\/api.w.org\/{rel}","templated":true}]}}