{"id":112490,"date":"2022-05-07T20:34:28","date_gmt":"2022-05-07T23:34:28","guid":{"rendered":"https:\/\/grandepremio.com\/br\/noticias\/vettel-se-diz-decepcionado-culpa-oscilacao-eliminacao-q2-miami\/"},"modified":"2022-05-07T20:36:58","modified_gmt":"2022-05-07T23:36:58","slug":"vettel-se-diz-decepcionado-culpa-oscilacao-eliminacao-q2-miami","status":"publish","type":"post","link":"https:\/\/grandepremio.com\/br\/f1\/vettel-se-diz-decepcionado-culpa-oscilacao-eliminacao-q2-miami\/","title":{"rendered":"Vettel se diz decepcionado e culpa &#8220;oscila\u00e7\u00e3o&#8221; por elimina\u00e7\u00e3o do Q2 em Miami"},"content":{"rendered":"\n<figure class=\"wp-block-embed is-type-video is-provider-youtube wp-block-embed-youtube wp-embed-aspect-16-9 wp-has-aspect-ratio\"><div class=\"wp-block-embed__wrapper\">\n<iframe loading=\"lazy\" title=\"F\u00d3RMULA 1 2022 AO VIVO: CLASSIFICA\u00c7\u00c3O GP DE MIAMI DE F1 | Briefing\" width=\"500\" height=\"281\" src=\"https:\/\/www.youtube.com\/embed\/R1ER4KlROxM?feature=oembed\" frameborder=\"0\" allow=\"accelerometer; autoplay; clipboard-write; encrypted-media; gyroscope; picture-in-picture; web-share\" referrerpolicy=\"strict-origin-when-cross-origin\" allowfullscreen><\/iframe>\n<\/div><\/figure>\n\n\n\n<p class=\"wp-block-paragraph\">Sebastian Vettel n\u00e3o gostou da performance do seu carro na classifica\u00e7\u00e3o do GP de Miami neste s\u00e1bado (7). Na vis\u00e3o do tetracampe\u00e3o mundial,<a href=\"https:\/\/www.grandepremio.com\/br\/f1\/noticias\/charles-leclerc-volta-cima-bate-max-verstappen-conquista-pole-miami-formula-1\/\" class=\"ek-link\"> o 13\u00ba lugar obtido<\/a> n\u00e3o reflete a posi\u00e7\u00e3o que sua Aston Martin deveria ocupar.<\/p>\n\n\n\n<p class=\"wp-block-paragraph\">&#8220;Acredito que t\u00ednhamos mais ritmo hoje, estou desapontado por sair no Q2&#8221;, disse Seb. O alem\u00e3o sofreu no \u00faltimo ter\u00e7o da pista norte-americana e isso custou a chance de ir ao Q3. &#8220;Essa pequena oscila\u00e7\u00e3o na minha \u00faltima tentativa me prejudicou&#8221;, completou.<\/p>\n\n\n\n<p class=\"wp-block-paragraph\">Vettel est\u00e1 no centro das aten\u00e7\u00f5es de todos em Miami. Primeiro, pelo protesto feito por ele <a href=\"https:\/\/www.grandepremio.com\/br\/f1\/noticias\/sebastian-vettel-super-homem-cueca-cima-macacao-protesto-fia\/\" class=\"ek-link\">usando uma cueca por cima do macac\u00e3o<\/a>, em alus\u00e3o \u00e0s proibi\u00e7\u00f5es da FIA sobre o uso de j\u00f3ias e cuecas anti-inflam\u00e1veis. E <a href=\"https:\/\/www.grandepremio.com\/br\/f1\/noticias\/sebastian-vettel-proibicao-joias-formula-1-particular-feita-contra-lewis-hamilton\/\" class=\"ek-link\">por apoiar Lewis Hamilton<\/a>, que fez quest\u00e3o de utilizar adere\u00e7os durante a coletiva de imprensa promovida pela FIA na sexta.<\/p>\n\n\n\n<figure class=\"wp-block-image size-large\"><img decoding=\"async\" src=\"https:\/\/www.grandepremio.com\/br\/wp-content\/uploads\/2022\/05\/astonmartin-sebastianvettel-03-1024x683.jpg\" alt=\"\" class=\"wp-image-565336\"\/><figcaption>Sebastian Vettel sai em 13\u00ba no GP de Miami neste domingo (Foto: Aston Martin)<\/figcaption><\/figure>\n\n\n\n<p class=\"wp-block-paragraph\">Fora isso, o AMR22 pareceu ter uma boa performance no circuito norte-americano, que sofre cr\u00edticas de todos os lados pela falta de ader\u00eancia. &#8220;Amanh\u00e3 \u00e9 o que conta, mas parece que temos uma boa chance por aqui&#8221;, falou o alem\u00e3o.<\/p>\n\n\n\n<p class=\"wp-block-paragraph\"><strong>\u25b6\ufe0f&nbsp;Inscreva-se nos dois canais do GRANDE PR\u00caMIO no YouTube:&nbsp;<a href=\"https:\/\/www.youtube.com\/channel\/UC9OlHEgxoaY6QY6nWPoiqQg?sub_confirmation=1\" target=\"_blank\" rel=\"noreferrer noopener\">GP<\/a>&nbsp;|&nbsp;<a href=\"https:\/\/www.youtube.com\/channel\/UC9csiS6q_C3C0FYhyr1rnFA?sub_confirmation=1\" target=\"_blank\" rel=\"noreferrer noopener\">GP2<\/a><\/strong><\/p>\n\n\n\n<p class=\"wp-block-paragraph\">A corrida deste domingo ser\u00e1 de recupera\u00e7\u00e3o para Vettel, que n\u00e3o joga a toalha e espera obter um grande resultado. &#8220;Espero que possamos estar l\u00e1 em cima marcando alguns pontos&#8221;.<\/p>\n\n\n\n<p class=\"wp-block-paragraph\">O&nbsp;<strong>GRANDE PR\u00caMIO<\/strong>&nbsp;acompanha todas as atividades do GP de&nbsp;<a href=\"https:\/\/www.grandepremio.com\/br\/etapa\/f1\/gp-de-miami-formula-1-2022\/\" target=\"_blank\" rel=\"noreferrer noopener\">Miami<\/a>&nbsp;<strong><a href=\"https:\/\/www.grandepremio.com\/br\/f1\/ao-vivo\">AO VIVO E EM&nbsp;<\/a><a href=\"https:\/\/www.grandepremio.com\/br\/ao-vivo\/\" target=\"_blank\" rel=\"noreferrer noopener\">TEMPO REAL<\/a><\/strong>. No domingo, a largada est\u00e1 marcada para as 16h30 [de Bras\u00edlia, GMT-3].<\/p>\n\n\n\n<figure class=\"wp-block-embed is-type-video is-provider-youtube wp-block-embed-youtube wp-embed-aspect-16-9 wp-has-aspect-ratio\"><div class=\"wp-block-embed__wrapper\">\n<iframe loading=\"lazy\" title=\"POR QUE COLTON HERTA N\u00c3O ENGRENOU NA INDY EM 2022?\" width=\"500\" height=\"281\" src=\"https:\/\/www.youtube.com\/embed\/3-PAz1QnsmM?feature=oembed\" frameborder=\"0\" allow=\"accelerometer; autoplay; clipboard-write; encrypted-media; gyroscope; picture-in-picture; web-share\" referrerpolicy=\"strict-origin-when-cross-origin\" allowfullscreen><\/iframe>\n<\/div><\/figure>\n","protected":false},"excerpt":{"rendered":"<p>Alem\u00e3o da Aston Martin lamentou o 13\u00ba lugar conquistado na classifica\u00e7\u00e3o no GP de Miami e acredita que pode ir al\u00e9m e somar pontos na corrida de domingo<\/p>\n","protected":false},"author":0,"featured_media":1000565795,"comment_status":"closed","ping_status":"closed","sticky":false,"template":"","format":"standard","meta":{"42wp_featured_image_caption":"","42wp_featured_image_credits":"","42wp_featured_video":"","42wp_featured_image_hidden":false,"42wp_authors_list":[],"footnotes":""},"categories":[2],"tags":[30815,309,1357,31064,873,87,2470,210],"42wp_author":[47128],"class_list":["post-112490","post","type-post","status-publish","format-standard","has-post-thumbnail","hentry","category-f1","tag-amr22","tag-aston-martin","tag-f1-2022","tag-formula-1-2022-3","tag-gp-de-miami","tag-lewis-hamilton","tag-miami","tag-sebastian-vettel","42wp_author-guilherme-bloisi"],"_links":{"self":[{"href":"https:\/\/grandepremio.com\/br\/wp-json\/wp\/v2\/posts\/112490","targetHints":{"allow":["GET"]}}],"collection":[{"href":"https:\/\/grandepremio.com\/br\/wp-json\/wp\/v2\/posts"}],"about":[{"href":"https:\/\/grandepremio.com\/br\/wp-json\/wp\/v2\/types\/post"}],"replies":[{"embeddable":true,"href":"https:\/\/grandepremio.com\/br\/wp-json\/wp\/v2\/comments?post=112490"}],"version-history":[{"count":0,"href":"https:\/\/grandepremio.com\/br\/wp-json\/wp\/v2\/posts\/112490\/revisions"}],"wp:featuredmedia":[{"embeddable":true,"href":"https:\/\/grandepremio.com\/br\/wp-json\/wp\/v2\/media\/1000565795"}],"wp:attachment":[{"href":"https:\/\/grandepremio.com\/br\/wp-json\/wp\/v2\/media?parent=112490"}],"wp:term":[{"taxonomy":"category","embeddable":true,"href":"https:\/\/grandepremio.com\/br\/wp-json\/wp\/v2\/categories?post=112490"},{"taxonomy":"post_tag","embeddable":true,"href":"https:\/\/grandepremio.com\/br\/wp-json\/wp\/v2\/tags?post=112490"},{"taxonomy":"42wp_author","embeddable":true,"href":"https:\/\/grandepremio.com\/br\/wp-json\/wp\/v2\/42wp_author?post=112490"}],"curies":[{"name":"wp","href":"https:\/\/api.w.org\/{rel}","templated":true}]}}