{"id":112514,"date":"2022-05-07T05:00:00","date_gmt":"2022-05-07T08:00:00","guid":{"rendered":"https:\/\/grandepremio.com\/br\/noticias\/formula-1-busca-novas-equipes-mas-reconhece-nao-prioridade-imediata\/"},"modified":"2022-05-07T01:07:39","modified_gmt":"2022-05-07T04:07:39","slug":"formula-1-busca-novas-equipes-mas-reconhece-nao-prioridade-imediata","status":"publish","type":"post","link":"https:\/\/grandepremio.com\/br\/f1\/formula-1-busca-novas-equipes-mas-reconhece-nao-prioridade-imediata\/","title":{"rendered":"F\u00f3rmula 1 busca novas equipes, mas reconhece que &#8220;n\u00e3o \u00e9 prioridade imediata&#8221;"},"content":{"rendered":"\n<figure class=\"wp-block-embed is-type-video is-provider-youtube wp-block-embed-youtube wp-embed-aspect-16-9 wp-has-aspect-ratio\"><div class=\"wp-block-embed__wrapper\">\n<iframe loading=\"lazy\" title=\"F\u00d3RMULA 1 2022 AO VIVO: TREINOS LIVRES GP DE MIAMI DE F1 | Briefing\" width=\"500\" height=\"281\" src=\"https:\/\/www.youtube.com\/embed\/yThkbULHiV0?feature=oembed\" frameborder=\"0\" allow=\"accelerometer; autoplay; clipboard-write; encrypted-media; gyroscope; picture-in-picture; web-share\" referrerpolicy=\"strict-origin-when-cross-origin\" allowfullscreen><\/iframe>\n<\/div><\/figure>\n\n\n\n<p class=\"wp-block-paragraph\">O presidente do grupo Liberty Media, Greg Maffei, admitiu pela primeira vez, em evento realizado nesta sexta-feira (06) em Miami, que a F\u00f3rmula 1 pode, sim, adicionar mais equipes nas pr\u00f3ximas temporadas. Apesar de deixar claro que isso n\u00e3o \u00e9 uma prioridade imediata, \u00e9 sabido que houve diversas declara\u00e7\u00f5es p\u00fablicas de poss\u00edveis participantes nos \u00faltimos anos, com <a href=\"https:\/\/www.grandepremio.com\/br\/f1\/noticias\/michael-andretti-fia-licitacao-entrar-formula-1-vamos-vencer-todos\/\" class=\"ek-link\">a Andretti, liderada pelo ex-piloto Michael Andretti<\/a>, quem mais se aproximou de entrar na categoria ao tentar adquirir a Sauber no fim de 2021 e que deseja publicamente oportunizar sua entrada no grid a partir de 2024.<\/p>\n\n\n\n<p class=\"wp-block-paragraph\">A FIA, at\u00e9 o momento, n\u00e3o respondeu ao pedido da Andretti. Enquanto isso, v\u00e1rias equipes manifestaram interesse em manter o grid com dez times sob a alega\u00e7\u00e3o de proteger a receita e a sa\u00fade do Mundial de F\u00f3rmula 1. Maffei deixou as portas abertas para o aumento do grid em breve. &#8220;Temos potencial para a expans\u00e3o das equipes na F1, apesar de n\u00e3o achar que isso seja prioridade agora. Tem muita gente interessada, compradores interessantes, por\u00e9m, n\u00e3o sentimos essa necessidade.\u201d<\/p>\n\n\n\n<p class=\"wp-block-paragraph\"><strong>\u25b6\ufe0f&nbsp;Inscreva-se nos dois canais do GRANDE PR\u00caMIO no YouTube:&nbsp;<a href=\"https:\/\/www.youtube.com\/channel\/UC9OlHEgxoaY6QY6nWPoiqQg?sub_confirmation=1\" target=\"_blank\" rel=\"noreferrer noopener\">GP<\/a>&nbsp;|&nbsp;<a href=\"https:\/\/www.youtube.com\/channel\/UC9csiS6q_C3C0FYhyr1rnFA?sub_confirmation=1\" target=\"_blank\" rel=\"noreferrer noopener\">GP2<\/a><\/strong><\/p>\n\n\n\n<p class=\"wp-block-paragraph\">Al\u00e9m disso, Maffei afirmou que quest\u00f5es log\u00edsticas poderiam ser um obst\u00e1culo, pois h\u00e1 circuitos que n\u00e3o t\u00eam mais de dez garagens. Mas o aporte financeiro est\u00e1 no centro da discuss\u00e3o. A Andretti estaria disposta a pagar at\u00e9 US$ 200 milh\u00f5es, que seria compartilhada entre todas as atuais equipes do grid para cobrir temporariamente os custos caso outra equipe ficasse com uma fatia do pr\u00eamio da F\u00f3rmula 1.<\/p>\n\n\n\n<figure class=\"wp-block-image size-full\"><img decoding=\"async\" src=\"https:\/\/www.grandepremio.com\/br\/wp-content\/uploads\/2022\/05\/Captura-de-tela-2022-05-06-235700.jpg\" alt=\"\" class=\"wp-image-565604\"\/><figcaption>Greg Maffei, CEO da Liberty Media (Foto: Getty Images)<\/figcaption><\/figure>\n\n\n\n<p class=\"wp-block-paragraph\">Al\u00e9m da Andretti, <a href=\"https:\/\/www.grandepremio.com\/br\/f1\/noticias\/grupo-volkswagen-confirma-entrada-audi-porsche-formula-1-2026\/\" class=\"ek-link\">o grupo Wolkswagen anunciou as entradas de Audi e Porsche na categoria em 2026 nesta semana<\/a>, por\u00e9m, ambos devem fazer parcerias com as equipes j\u00e1 existentes no grid da F1. Especula-se que a Porsche fa\u00e7a um acordo com a Red Bull, enquanto a Audi at\u00e9 agora n\u00e3o conseguiu encontrar um parceiro e mant\u00e9m reuni\u00f5es com McLaren e Williams.<\/p>\n\n\n\n<p class=\"wp-block-paragraph\">Maffei quer evitar o que aconteceu com a Manor, a \u00faltima equipe a entrar na F\u00f3rmula 1 e que saiu em 2017. &#8220;V\u00edamos 15, at\u00e9 20 equipes no grid, mas o n\u00famero caiu para uma dezena. Hoje, as franquias valem, no m\u00ednimo, US$ 400 milh\u00f5es, talvez mais. Isso atrai investimento e interesse. Queremos tornar as equipes menores mais competitivas. O teto or\u00e7ament\u00e1rio veio para isso e estamos, neste ano, no come\u00e7o de ver isso acontecer. Olha o que est\u00e1 sendo a Haas neste in\u00edcio de temporada, a recupera\u00e7\u00e3o da Ferrari&#8221;, disse o CEO. O Pacto da Conc\u00f3rdia, assinado em 2020, permitiu que a receita comercial concedida \u00e0s equipes, equilibrem os pagamentos de equipes consideradas prioridade e aumentou o valor pago aos times menores.<\/p>\n\n\n\n<p class=\"wp-block-paragraph\">O \u00fanico chefe de equipe que, at\u00e9 o momento, defende a entrada de novos times como a Andretti, \u00e9 Zak Brown. O diretor-t\u00e9cnico da McLaren, sempre deixou claro que ap\u00f3ia a entrada de um 11\u00ba competidor de alta qualidade, desde que esta agregue valor \u00e0 F1 para ser aceita. &#8220;A rea\u00e7\u00e3o de algumas equipes tem sido mais uma rea\u00e7\u00e3o fiscal, porque, em \u00faltima an\u00e1lise, eles mastigam o fundo de pr\u00eamios. Se voc\u00ea acredita que eles s\u00e3o aditivos ao esporte, acho que eles dar\u00e3o mais para ajudar a construir o esporte, talvez um aumento no contrato de televis\u00e3o nos Estados Unidos, mais patroc\u00ednio. Acho que temos uma vis\u00e3o de longo prazo sobre essas coisas, que economicamente acho que as coisas ficariam bem.\u201d<\/p>\n\n\n\n<figure class=\"wp-block-image size-large\"><img decoding=\"async\" src=\"https:\/\/www.grandepremio.com\/br\/wp-content\/uploads\/2022\/02\/Team-Owner-Michael-Andretti-looks-down-pit-lane-during-practice-for-the-GMR-Grand-Prix-on-the-Indianapolis-Motor-Speedway-Road-Course_Ref-Image-Without-Watermark_m32287-1024x683.jpg\" alt=\"\" class=\"wp-image-542842\"\/><figcaption>Andretti indicou candidatura \u00e0 F1 em 2024, mas equipes demonstram resist\u00eancia (Foto: Indycar)<\/figcaption><\/figure>\n\n\n\n<p class=\"wp-block-paragraph\">O&nbsp;<strong>GRANDE PR\u00caMIO<\/strong>&nbsp;acompanha todas as atividades do GP de&nbsp;<a href=\"https:\/\/www.grandepremio.com\/br\/etapa\/f1\/gp-de-miami-formula-1-2022\/\" target=\"_blank\" rel=\"noreferrer noopener\">Miami<\/a>&nbsp;<strong><a href=\"https:\/\/www.grandepremio.com\/br\/f1\/ao-vivo\" target=\"_blank\" rel=\"noreferrer noopener\">AO VIVO E EM&nbsp;<\/a><a href=\"https:\/\/www.grandepremio.com\/br\/ao-vivo\/\" target=\"_blank\" rel=\"noreferrer noopener\"><\/a><a href=\"https:\/\/www.grandepremio.com\/br\/ao-vivo\/\" target=\"_blank\" rel=\"noreferrer noopener\"><\/a><a href=\"https:\/\/www.grandepremio.com\/br\/ao-vivo\/\" target=\"_blank\" rel=\"noreferrer noopener\"><\/a><a href=\"https:\/\/www.grandepremio.com\/br\/ao-vivo\/\" target=\"_blank\" rel=\"noreferrer noopener\"><\/a><a href=\"https:\/\/www.grandepremio.com\/br\/ao-vivo\/\" target=\"_blank\" rel=\"noreferrer noopener\">TEMPO REAL<\/a><\/strong>. O TL3 est\u00e1 marcado para este s\u00e1bado (07), a partir das 14h (de Bras\u00edlia, GMT-3).<\/p>\n\n\n\n<figure class=\"wp-block-embed is-type-video is-provider-youtube wp-block-embed-youtube wp-embed-aspect-16-9 wp-has-aspect-ratio\"><div class=\"wp-block-embed__wrapper\">\n<iframe loading=\"lazy\" title=\"F\u00d3RMULA 1 RESISTE \u00c0 POSS\u00cdVEL ENTRADA DA ANDRETTI EM 2024. POR QUE?\" width=\"500\" height=\"281\" src=\"https:\/\/www.youtube.com\/embed\/fRd1ZDUV_tM?feature=oembed\" frameborder=\"0\" allow=\"accelerometer; autoplay; clipboard-write; encrypted-media; gyroscope; picture-in-picture; web-share\" referrerpolicy=\"strict-origin-when-cross-origin\" allowfullscreen><\/iframe>\n<\/div><\/figure>\n","protected":false},"excerpt":{"rendered":"<p>O CEO do Liberty Media, Greg Maffei, disse, durante o fim de semana do GP de Miami de F\u00f3rmula 1, que a organiza\u00e7\u00e3o pensa, sim, em novas equipes para o grid, mas age com cautela para que a categoria n\u00e3o tenha uma nova Manor<\/p>\n","protected":false},"author":0,"featured_media":1000565608,"comment_status":"closed","ping_status":"closed","sticky":false,"template":"","format":"standard","meta":{"42wp_featured_image_caption":"","42wp_featured_image_credits":"","42wp_featured_video":"","42wp_featured_image_hidden":false,"42wp_authors_list":[],"footnotes":""},"categories":[2],"tags":[417,1357,31064,5992,714,90,215],"42wp_author":[47128],"class_list":["post-112514","post","type-post","status-publish","format-standard","has-post-thumbnail","hentry","category-f1","tag-andretti","tag-f1-2022","tag-formula-1-2022-3","tag-greg-maffei","tag-liberty-media","tag-mclaren","tag-williams","42wp_author-guilherme-bloisi"],"_links":{"self":[{"href":"https:\/\/grandepremio.com\/br\/wp-json\/wp\/v2\/posts\/112514","targetHints":{"allow":["GET"]}}],"collection":[{"href":"https:\/\/grandepremio.com\/br\/wp-json\/wp\/v2\/posts"}],"about":[{"href":"https:\/\/grandepremio.com\/br\/wp-json\/wp\/v2\/types\/post"}],"replies":[{"embeddable":true,"href":"https:\/\/grandepremio.com\/br\/wp-json\/wp\/v2\/comments?post=112514"}],"version-history":[{"count":0,"href":"https:\/\/grandepremio.com\/br\/wp-json\/wp\/v2\/posts\/112514\/revisions"}],"wp:featuredmedia":[{"embeddable":true,"href":"https:\/\/grandepremio.com\/br\/wp-json\/wp\/v2\/media\/1000565608"}],"wp:attachment":[{"href":"https:\/\/grandepremio.com\/br\/wp-json\/wp\/v2\/media?parent=112514"}],"wp:term":[{"taxonomy":"category","embeddable":true,"href":"https:\/\/grandepremio.com\/br\/wp-json\/wp\/v2\/categories?post=112514"},{"taxonomy":"post_tag","embeddable":true,"href":"https:\/\/grandepremio.com\/br\/wp-json\/wp\/v2\/tags?post=112514"},{"taxonomy":"42wp_author","embeddable":true,"href":"https:\/\/grandepremio.com\/br\/wp-json\/wp\/v2\/42wp_author?post=112514"}],"curies":[{"name":"wp","href":"https:\/\/api.w.org\/{rel}","templated":true}]}}