{"id":112515,"date":"2022-05-07T04:00:00","date_gmt":"2022-05-07T07:00:00","guid":{"rendered":"https:\/\/grandepremio.com\/br\/noticias\/sebastian-vettel-proibicao-joias-formula-1-particular-feita-contra-lewis-hamilton\/"},"modified":"2022-05-07T01:01:55","modified_gmt":"2022-05-07T04:01:55","slug":"sebastian-vettel-proibicao-joias-formula-1-particular-feita-contra-lewis-hamilton","status":"publish","type":"post","link":"https:\/\/grandepremio.com\/br\/f1\/sebastian-vettel-proibicao-joias-formula-1-particular-feita-contra-lewis-hamilton\/","title":{"rendered":"Vettel v\u00ea proibi\u00e7\u00e3o a joias na F\u00f3rmula 1 como &#8220;particular&#8221; e &#8220;feita contra Hamilton&#8221;"},"content":{"rendered":"\n<figure class=\"wp-block-embed is-type-video is-provider-youtube wp-block-embed-youtube wp-embed-aspect-16-9 wp-has-aspect-ratio\"><div class=\"wp-block-embed__wrapper\">\n<iframe loading=\"lazy\" title=\"F\u00d3RMULA 1 2022 AO VIVO: TREINOS LIVRES GP DE MIAMI DE F1 | Briefing\" width=\"500\" height=\"281\" src=\"https:\/\/www.youtube.com\/embed\/yThkbULHiV0?feature=oembed\" frameborder=\"0\" allow=\"accelerometer; autoplay; clipboard-write; encrypted-media; gyroscope; picture-in-picture; web-share\" referrerpolicy=\"strict-origin-when-cross-origin\" allowfullscreen><\/iframe>\n<\/div><figcaption>F\u00d3RMULA 1 2022 AO VIVO: TREINOS LIVRES GP DE MIAMI DE F1 | Briefing<\/figcaption><\/figure>\n\n\n\n<p class=\"wp-block-paragraph\"><a aria-label=\"A obriga\u00e7\u00e3o imposta na Austr\u00e1lia pelo novo diretor de prova da F\u00f3rmula 1, Niels Wittich (opens in a new tab)\" href=\"https:\/\/www.grandepremio.com\/br\/f1\/noticias\/fia-segue-rigor-vestimenta-pilotos-corridas-cuecas-usadas-formula-1\/\" target=\"_blank\" rel=\"noreferrer noopener\" class=\"ek-link\">A obriga\u00e7\u00e3o imposta na Austr\u00e1lia pelo novo diretor de prova da F\u00f3rmula 1, Niels Wittich<\/a>, sobre os acess\u00f3rios dos pilotos \u2014 que devem ser completamente removidos antes das corridas \u2014 segue dando o que falar. Ap\u00f3s Lewis Hamilton <a href=\"https:\/\/www.grandepremio.com\/br\/f1\/noticias\/lewis-hamilton-peita-fia-regra-boba-sobre-uso-joias\/\" class=\"ek-link\">protestar na coletiva de imprensa utilizando um n\u00famero exagerado de adere\u00e7os<\/a> \u2014 como tr\u00eas rel\u00f3gios, por exemplo \u2014, Sebastian Vettel tamb\u00e9m foi pelo mesmo caminho e chegou a andar pelo paddock com uma cueca por cima do macac\u00e3o. S\u00f3 que o alem\u00e3o foi al\u00e9m. <\/p>\n\n\n\n<p class=\"wp-block-paragraph\">Perguntado pelos jornalistas sobre as determina\u00e7\u00f5es \u2014 que j\u00e1 est\u00e3o em vigor h\u00e1 algum tempo na F\u00f3rmula 1, mas s\u00f3 agora est\u00e3o recebendo uma cobran\u00e7a s\u00e9ria \u2014, Vettel considerou o assunto de menor import\u00e2ncia, al\u00e9m de questionar se n\u00e3o seria algo particular e direcionado ao heptacampe\u00e3o da Mercedes \u2014 conhecido por seu jeito vaidoso e extravagante de se vestir.<\/p>\n\n\n\n<p class=\"wp-block-paragraph\">&#8220;Acho que \u00e9 desnecess\u00e1rio dar holofotes para um assunto desses&#8221;, disse Seb, externando todo seu inc\u00f4modo com a situa\u00e7\u00e3o. &#8220;Provavelmente, nessa altura, \u00e9 mais pessoal e sinto que est\u00e1 mirando especialmente em Lewis [Hamilton]&#8221;, opinou o tetracampe\u00e3o mundial.<\/p>\n\n\n\n<p class=\"wp-block-paragraph\"><strong>\u25b6\ufe0f\u00a0<a href=\"https:\/\/www.twitch.tv\/grandepremio\" target=\"_blank\" rel=\"noreferrer noopener\">Conhe\u00e7a o canal do GRANDE PR\u00caMIO na Twitch clicando aqui!<\/a><\/strong><\/p>\n\n\n\n<p class=\"wp-block-paragraph\"><a href=\"https:\/\/www.grandepremio.com\/br\/f1\/noticias\/mercedes-aproveita-calor-e-caos-de-miami-para-se-dar-bem-ferrari-segue-e-red-bull-sofre\/\" class=\"ek-link\"><strong>Mercedes aproveita calor e caos de Miami para<\/strong> <strong>se dar bem. Ferrari segue e Red Bull sofre<\/strong><\/a><\/p>\n\n\n\n<div class=\"wp-block-image\"><figure class=\"aligncenter size-large\"><img decoding=\"async\" src=\"https:\/\/www.grandepremio.com\/br\/wp-content\/uploads\/2022\/05\/vettel-cueca-603x1024.png\" alt=\"\" class=\"wp-image-565309\"\/><figcaption>Sebastian Vettel e seu protesto contra a determina\u00e7\u00e3o da FIA sobre as cuecas (Foto:  Reprodu\u00e7\u00e3o)<\/figcaption><\/figure><\/div>\n\n\n\n<p class=\"wp-block-paragraph\"><strong>\u25b6\ufe0f&nbsp;Inscreva-se nos dois canais do GRANDE PR\u00caMIO no YouTube:&nbsp;<a href=\"https:\/\/www.youtube.com\/channel\/UC9OlHEgxoaY6QY6nWPoiqQg?sub_confirmation=1\" target=\"_blank\" rel=\"noreferrer noopener\">GP<\/a>&nbsp;|&nbsp;<a href=\"https:\/\/www.youtube.com\/channel\/UC9csiS6q_C3C0FYhyr1rnFA?sub_confirmation=1\" target=\"_blank\" rel=\"noreferrer noopener\">GP2<\/a><\/strong><\/p>\n\n\n\n<p class=\"wp-block-paragraph\">O alem\u00e3o ainda disse acreditar que a F\u00f3rmula 1 possui assuntos mais importantes que precisa lidar nos dias atuais e tamb\u00e9m comentou a regulamenta\u00e7\u00e3o das roupas \u00edntimas dos atletas \u2014 que devem ser obrigatoriamente anti-inflam\u00e1veis.<\/p>\n\n\n\n<p class=\"wp-block-paragraph\">&#8220;N\u00f3s tamb\u00e9m estamos falando sobre roupas \u00edntimas, esse \u00e9 o melhor assunto que podemos debater&#8221;, debochou Vettel. &#8220;Obviamente, existe uma preocupa\u00e7\u00e3o com a seguran\u00e7a. Se voc\u00ea tem joias e o carro pega fogo, seria inc\u00f4modo. Mas, por outro lado, de certo modo faz parte da liberdade individual de algu\u00e9m e se somos velhos o bastante para tomarmos decis\u00f5es fora do carro, dever\u00edamos ter idade o suficiente para tomar as decis\u00f5es dentro do carro&#8221;, encerrou.<\/p>\n\n\n\n<p class=\"wp-block-paragraph\">O\u00a0<strong>GRANDE PR\u00caMIO<\/strong>\u00a0acompanha todas as atividades do GP de\u00a0<a href=\"https:\/\/www.grandepremio.com\/br\/etapa\/f1\/gp-de-miami-formula-1-2022\/\" target=\"_blank\" rel=\"noreferrer noopener\">Miami<\/a>\u00a0<strong><a href=\"https:\/\/www.grandepremio.com\/br\/f1\/ao-vivo\">AO VIVO E EM\u00a0<\/a><a href=\"https:\/\/www.grandepremio.com\/br\/ao-vivo\/\" target=\"_blank\" rel=\"noreferrer noopener\">TEMPO REAL<\/a><\/strong>. No s\u00e1bado, o dia come\u00e7a com o TL3, marcado para as 14h (de Bras\u00edlia, GMT-3). A classifica\u00e7\u00e3o come\u00e7a \u00e0s 17h.<\/p>\n\n\n\n<p class=\"wp-block-paragraph\"><strong><a href=\"https:\/\/www.grandepremio.com\/formula-1\/\" target=\"_blank\" rel=\"noreferrer noopener\">F1\u00a0<\/a>TV <a href=\"https:\/\/www.grandepremio.com\/br\/f1\/noticias\/f1-tv-pro-mostra-toda-a-acao-da-estreia-do-gp-de-miami-na-temporada-2022\/\" class=\"ek-link\">Pro mostra toda a a\u00e7\u00e3o da estreia<\/a> do GP de\u00a0<a href=\"https:\/\/www.grandepremio.com\/br\/etapa\/f1\/gp-de-miami-formula-1-2022\/\" target=\"_blank\" rel=\"noreferrer noopener\">Miami<\/a>\u00a0na temporada 2022<\/strong><\/p>\n\n\n\n<figure class=\"wp-block-embed is-type-video is-provider-youtube wp-block-embed-youtube wp-embed-aspect-16-9 wp-has-aspect-ratio\"><div class=\"wp-block-embed__wrapper\">\n<iframe loading=\"lazy\" title=\"ASTON MARTIN D\u00c1 AS CARAS EM \u00cdMOLA, MAS D\u00c1 PARA TER ALGUMA EXPECTATIVA NA F\u00d3RMULA 1 2022?\" width=\"500\" height=\"281\" src=\"https:\/\/www.youtube.com\/embed\/mA9YyG7lAK8?feature=oembed\" frameborder=\"0\" allow=\"accelerometer; autoplay; clipboard-write; encrypted-media; gyroscope; picture-in-picture; web-share\" referrerpolicy=\"strict-origin-when-cross-origin\" allowfullscreen><\/iframe>\n<\/div><\/figure>\n","protected":false},"excerpt":{"rendered":"<p>Sebastian Vettel saiu em defesa de Lewis Hamilton e criticou regra da F\u00f3rmula 1 que obriga remo\u00e7\u00e3o de acess\u00f3rios dos pilotos e faz cobran\u00e7a sobre roupas \u00edntimas<\/p>\n","protected":false},"author":0,"featured_media":1000565320,"comment_status":"closed","ping_status":"closed","sticky":false,"template":"","format":"standard","meta":{"42wp_featured_image_caption":"","42wp_featured_image_credits":"","42wp_featured_video":"","42wp_featured_image_hidden":false,"42wp_authors_list":[],"footnotes":""},"categories":[2],"tags":[309,147,156,1357,24837,873,24836,28285,87,82,2470,30907,210],"42wp_author":[47142],"class_list":["post-112515","post","type-post","status-publish","format-standard","has-post-thumbnail","hentry","category-f1","tag-aston-martin","tag-f1","tag-f1-2021","tag-f1-2022","tag-formula-1-2","tag-gp-de-miami","tag-grande-premio-2","tag-grandepremio","tag-lewis-hamilton","tag-mercedes","tag-miami","tag-niels-wittich","tag-sebastian-vettel","42wp_author-jp-nascimento"],"_links":{"self":[{"href":"https:\/\/grandepremio.com\/br\/wp-json\/wp\/v2\/posts\/112515","targetHints":{"allow":["GET"]}}],"collection":[{"href":"https:\/\/grandepremio.com\/br\/wp-json\/wp\/v2\/posts"}],"about":[{"href":"https:\/\/grandepremio.com\/br\/wp-json\/wp\/v2\/types\/post"}],"replies":[{"embeddable":true,"href":"https:\/\/grandepremio.com\/br\/wp-json\/wp\/v2\/comments?post=112515"}],"version-history":[{"count":0,"href":"https:\/\/grandepremio.com\/br\/wp-json\/wp\/v2\/posts\/112515\/revisions"}],"wp:featuredmedia":[{"embeddable":true,"href":"https:\/\/grandepremio.com\/br\/wp-json\/wp\/v2\/media\/1000565320"}],"wp:attachment":[{"href":"https:\/\/grandepremio.com\/br\/wp-json\/wp\/v2\/media?parent=112515"}],"wp:term":[{"taxonomy":"category","embeddable":true,"href":"https:\/\/grandepremio.com\/br\/wp-json\/wp\/v2\/categories?post=112515"},{"taxonomy":"post_tag","embeddable":true,"href":"https:\/\/grandepremio.com\/br\/wp-json\/wp\/v2\/tags?post=112515"},{"taxonomy":"42wp_author","embeddable":true,"href":"https:\/\/grandepremio.com\/br\/wp-json\/wp\/v2\/42wp_author?post=112515"}],"curies":[{"name":"wp","href":"https:\/\/api.w.org\/{rel}","templated":true}]}}