{"id":112521,"date":"2022-05-06T22:12:39","date_gmt":"2022-05-07T01:12:39","guid":{"rendered":"https:\/\/grandepremio.com\/br\/noticias\/bottas-admite-erro-batida-causou-dano-lamentavel-tl1-miami\/"},"modified":"2022-05-07T01:40:24","modified_gmt":"2022-05-07T04:40:24","slug":"bottas-admite-erro-batida-causou-dano-lamentavel-tl1-miami","status":"publish","type":"post","link":"https:\/\/grandepremio.com\/br\/f1\/bottas-admite-erro-batida-causou-dano-lamentavel-tl1-miami\/","title":{"rendered":"Bottas admite erro em batida que causou &#8220;dano lament\u00e1vel&#8221; no TL1 em Miami"},"content":{"rendered":"\n<figure class=\"wp-block-embed is-type-video is-provider-youtube wp-block-embed-youtube wp-embed-aspect-16-9 wp-has-aspect-ratio\"><div class=\"wp-block-embed__wrapper\">\n<iframe loading=\"lazy\" title=\"F\u00d3RMULA 1 2022 AO VIVO: TREINOS LIVRES GP DE MIAMI DE F1 | Briefing\" width=\"500\" height=\"281\" src=\"https:\/\/www.youtube.com\/embed\/yThkbULHiV0?feature=oembed\" frameborder=\"0\" allow=\"accelerometer; autoplay; clipboard-write; encrypted-media; gyroscope; picture-in-picture; web-share\" referrerpolicy=\"strict-origin-when-cross-origin\" allowfullscreen><\/iframe>\n<\/div><\/figure>\n\n\n\n<p class=\"wp-block-paragraph\">Valtteri Bottas assumiu a responsabilidade <a href=\"https:\/\/www.grandepremio.com\/br\/f1\/noticias\/valtteri-bottas-treino-livre-1-primeiro-estrear-muro-circuito-miami\/\" class=\"ek-link\">pelo erro que cometeu durante o primeiro treino livre<\/a> desta sexta-feira (06) para o GP de Miami de F\u00f3rmula 1. <\/p>\n\n\n\n<p class=\"wp-block-paragraph\">O acidente do finland\u00eas custou qualquer possibilidade de, ao menos, dar uma volta durante o TL2 no per\u00edodo da tarde. O piloto da Alfa Romeo rodou na curva 7 e foi o respons\u00e1vel pela primeira das tr\u00eas bandeiras vermelhas aplicadas na sess\u00e3o de treinos.<\/p>\n\n\n\n<p class=\"wp-block-paragraph\"><strong>\u25b6\ufe0f&nbsp;Inscreva-se nos dois canais do GRANDE PR\u00caMIO no YouTube:&nbsp;<a href=\"https:\/\/www.youtube.com\/channel\/UC9OlHEgxoaY6QY6nWPoiqQg?sub_confirmation=1\" target=\"_blank\" rel=\"noreferrer noopener\">GP<\/a>&nbsp;|&nbsp;<a href=\"https:\/\/www.youtube.com\/channel\/UC9csiS6q_C3C0FYhyr1rnFA?sub_confirmation=1\" target=\"_blank\" rel=\"noreferrer noopener\">GP2<\/a><\/strong><\/p>\n\n\n\n<p class=\"wp-block-paragraph\">&#8220;Foi um erro muito caro de minha parte, chega a ser irritante&#8221;, disse Valtteri. Fora do TL2, Bottas explicou o que o equ\u00edvoco cometido em Miami fez com seu C42. <\/p>\n\n\n\n<figure class=\"wp-block-image size-large\"><img decoding=\"async\" src=\"https:\/\/www.grandepremio.com\/br\/wp-content\/uploads\/2022\/05\/bottas-miami-F1-1024x577.jpg\" alt=\"\" class=\"wp-image-565283\"\/><figcaption>Valtteri Bottas foi o respons\u00e1vel por estrear o muro do circuito de Miami (Foto: Reprodu\u00e7\u00e3o\/F1)<\/figcaption><\/figure>\n\n\n\n<p class=\"wp-block-paragraph\">&#8220;O dano foi lament\u00e1vel, o impacto na parte traseira danificou o escapamento e tamb\u00e9m o turbo do motor e, assim, tornou-se imposs\u00edvel participar dos treinos da tarde. Dei azar&#8221;.<\/p>\n\n\n\n<p class=\"wp-block-paragraph\">Apesar de andar apenas 13 voltas, Bottas gostou do que vi no circuito novo norte-americano. &#8220;A pista \u00e9 boa e bem desafiadora. O trecho sinuoso \u00e9 a parte mais dif\u00edcil de acertar, mas tivemos um bom aprendizado, acredito que tenho algo para amanh\u00e3&#8221;.<\/p>\n\n\n\n<p class=\"wp-block-paragraph\">O&nbsp;<strong>GRANDE PR\u00caMIO<\/strong>&nbsp;acompanha todas as atividades do GP de&nbsp;<a href=\"https:\/\/www.grandepremio.com\/br\/etapa\/f1\/gp-de-miami-formula-1-2022\/\" target=\"_blank\" rel=\"noreferrer noopener\">Miami<\/a>&nbsp;<strong><a href=\"https:\/\/www.grandepremio.com\/br\/f1\/ao-vivo\" target=\"_blank\" rel=\"noreferrer noopener\">AO VIVO E EM&nbsp;<\/a><a href=\"https:\/\/www.grandepremio.com\/br\/ao-vivo\/\" target=\"_blank\" rel=\"noreferrer noopener\"><\/a><a href=\"https:\/\/www.grandepremio.com\/br\/ao-vivo\/\" target=\"_blank\" rel=\"noreferrer noopener\"><\/a><a href=\"https:\/\/www.grandepremio.com\/br\/ao-vivo\/\" target=\"_blank\" rel=\"noreferrer noopener\"><\/a><a href=\"https:\/\/www.grandepremio.com\/br\/ao-vivo\/\" target=\"_blank\" rel=\"noreferrer noopener\">TEMPO REAL<\/a><\/strong>. O TL3 est\u00e1 marcado para este s\u00e1bado (07), a partir das 14h (de Bras\u00edlia, GMT-3).<\/p>\n\n\n\n<figure class=\"wp-block-embed is-type-video is-provider-youtube wp-block-embed-youtube wp-embed-aspect-16-9 wp-has-aspect-ratio\"><div class=\"wp-block-embed__wrapper\">\n<iframe loading=\"lazy\" title=\"ALFA ROMEO \u00c9 XOD\u00d3 DA F\u00d3RMULA 1 NO COME\u00c7O DE 2022. MAS POR QU\u00ca?\" width=\"500\" height=\"281\" src=\"https:\/\/www.youtube.com\/embed\/yC3mQscsSCw?feature=oembed\" frameborder=\"0\" allow=\"accelerometer; autoplay; clipboard-write; encrypted-media; gyroscope; picture-in-picture; web-share\" referrerpolicy=\"strict-origin-when-cross-origin\" allowfullscreen><\/iframe>\n<\/div><\/figure>\n","protected":false},"excerpt":{"rendered":"<p>Valtteri Bottas pegou a culpa para si o erro no TL1 em Miami e disse que os danos ao C42 foram lament\u00e1veis e impediram qualquer chance de participar do TL2<\/p>\n","protected":false},"author":0,"featured_media":1000565566,"comment_status":"closed","ping_status":"closed","sticky":false,"template":"","format":"standard","meta":{"42wp_featured_image_caption":"","42wp_featured_image_credits":"","42wp_featured_video":"","42wp_featured_image_hidden":false,"42wp_authors_list":[],"footnotes":""},"categories":[2],"tags":[457,2470,612],"42wp_author":[47128],"class_list":["post-112521","post","type-post","status-publish","format-standard","has-post-thumbnail","hentry","category-f1","tag-alfa-romeo","tag-miami","tag-valtteri-bottas","42wp_author-guilherme-bloisi"],"_links":{"self":[{"href":"https:\/\/grandepremio.com\/br\/wp-json\/wp\/v2\/posts\/112521","targetHints":{"allow":["GET"]}}],"collection":[{"href":"https:\/\/grandepremio.com\/br\/wp-json\/wp\/v2\/posts"}],"about":[{"href":"https:\/\/grandepremio.com\/br\/wp-json\/wp\/v2\/types\/post"}],"replies":[{"embeddable":true,"href":"https:\/\/grandepremio.com\/br\/wp-json\/wp\/v2\/comments?post=112521"}],"version-history":[{"count":0,"href":"https:\/\/grandepremio.com\/br\/wp-json\/wp\/v2\/posts\/112521\/revisions"}],"wp:featuredmedia":[{"embeddable":true,"href":"https:\/\/grandepremio.com\/br\/wp-json\/wp\/v2\/media\/1000565566"}],"wp:attachment":[{"href":"https:\/\/grandepremio.com\/br\/wp-json\/wp\/v2\/media?parent=112521"}],"wp:term":[{"taxonomy":"category","embeddable":true,"href":"https:\/\/grandepremio.com\/br\/wp-json\/wp\/v2\/categories?post=112521"},{"taxonomy":"post_tag","embeddable":true,"href":"https:\/\/grandepremio.com\/br\/wp-json\/wp\/v2\/tags?post=112521"},{"taxonomy":"42wp_author","embeddable":true,"href":"https:\/\/grandepremio.com\/br\/wp-json\/wp\/v2\/42wp_author?post=112521"}],"curies":[{"name":"wp","href":"https:\/\/api.w.org\/{rel}","templated":true}]}}