{"id":112525,"date":"2022-05-06T21:14:46","date_gmt":"2022-05-07T00:14:46","guid":{"rendered":"https:\/\/grandepremio.com\/br\/noticias\/verstappen-fala-dia-doloroso-apos-abandono-tl2-miami\/"},"modified":"2022-05-06T21:29:14","modified_gmt":"2022-05-07T00:29:14","slug":"verstappen-fala-dia-doloroso-apos-abandono-tl2-miami","status":"publish","type":"post","link":"https:\/\/grandepremio.com\/br\/f1\/verstappen-fala-dia-doloroso-apos-abandono-tl2-miami\/","title":{"rendered":"Verstappen fala em &#8220;dia doloroso&#8221; ap\u00f3s abandono no TL2 em Miami"},"content":{"rendered":"\n<figure class=\"wp-block-embed is-type-video is-provider-youtube wp-block-embed-youtube wp-embed-aspect-16-9 wp-has-aspect-ratio\"><div class=\"wp-block-embed__wrapper\">\n<iframe loading=\"lazy\" title=\"F\u00d3RMULA 1 2022 AO VIVO: TREINOS LIVRES GP DE MIAMI DE F1 | Briefing\" width=\"500\" height=\"281\" src=\"https:\/\/www.youtube.com\/embed\/yThkbULHiV0?feature=oembed\" frameborder=\"0\" allow=\"accelerometer; autoplay; clipboard-write; encrypted-media; gyroscope; picture-in-picture; web-share\" referrerpolicy=\"strict-origin-when-cross-origin\" allowfullscreen><\/iframe>\n<\/div><\/figure>\n\n\n\n<p class=\"wp-block-paragraph\">Max Verstappen teve uma sexta-feira para ser completamente esquecida, <a href=\"https:\/\/www.grandepremio.com\/br\/f1\/noticias\/nao-consigo-virar-max-verstappen-nova-quebra-principio-incendio-tl2-miami\/\" class=\"ek-link\">ap\u00f3s abandonar com seu RB18 em chamas<\/a> logo no in\u00edcio do TL2 em Miami, que teve George Russell, de Mercedes, na lideran\u00e7a da sess\u00e3o de treinos.<\/p>\n\n\n\n<p class=\"wp-block-paragraph\">O atual campe\u00e3o mundial n\u00e3o deu mais do que cinco voltas na pista norte-americana e saiu muito triste com mais um problema de confiabilidade da Red Bull na temporada. &#8220;N\u00e3o foi um bom dia para n\u00f3s, bem doloroso, afinal, quer\u00edamos entrar na pista e aprender, poder andar de p\u00e9 embaixo, mas as coisas n\u00e3o sa\u00edram como planejamos&#8221;, disse Max.<\/p>\n\n\n\n<p class=\"wp-block-paragraph\"><strong>\u25b6\ufe0f&nbsp;Inscreva-se nos dois canais do GRANDE PR\u00caMIO no YouTube:&nbsp;<a href=\"https:\/\/www.youtube.com\/channel\/UC9OlHEgxoaY6QY6nWPoiqQg?sub_confirmation=1\" target=\"_blank\" rel=\"noreferrer noopener\">GP<\/a>&nbsp;|&nbsp;<a href=\"https:\/\/www.youtube.com\/channel\/UC9csiS6q_C3C0FYhyr1rnFA?sub_confirmation=1\" target=\"_blank\" rel=\"noreferrer noopener\">GP2<\/a><\/strong><\/p>\n\n\n\n<p class=\"wp-block-paragraph\">O abandono do holand\u00eas surpreendeu e ele teve de dar explica\u00e7\u00f5es sobre o que houve com seu carro. &#8220;Tivemos alguns problemas hidr\u00e1ulicos, assim que sa\u00ed n\u00e3o consegui pilotar e meus freios pegaram fogo&#8221;.<\/p>\n\n\n\n<figure class=\"wp-block-image size-full\"><img decoding=\"async\" src=\"https:\/\/www.grandepremio.com\/br\/wp-content\/uploads\/2022\/05\/FSG3-M1XMAEljP2.jpg\" alt=\"\" class=\"wp-image-565431\"\/><figcaption>Red Bull de Verstappen chegou a pegar fogo em Miami (Foto: Reprodu\u00e7\u00e3o)<\/figcaption><\/figure>\n\n\n\n<p class=\"wp-block-paragraph\">Verstappen procurou n\u00e3o buscar desculpas pelos problemas no TL2 e, por isso, minimizou a import\u00e2ncia das bandeiras vermelhas que prejudicaram a busca por voltas mais r\u00e1pidas. &#8220;Temos de olhar para n\u00f3s mesmos e n\u00e3o nos importarmos com o que acontece na pista. Isso acaba se tornando uma muleta para tentar justificar o que aconteceu conosco hoje&#8221;.<\/p>\n\n\n\n<p class=\"wp-block-paragraph\">Para a classifica\u00e7\u00e3o de s\u00e1bado (07), Max n\u00e3o sabe o que esperar do circuito em Miami por ser a estreia da pista no calend\u00e1rio. &#8220;N\u00e3o temos uma grande quantidade de informa\u00e7\u00f5es e dados para o meu carro, o que pode ser dif\u00edcil para a classifica\u00e7\u00e3o e a corrida, mas faremos o nosso melhor. Claro, vou tentar recuperar o atraso, trabalhar muito duro como equipe para superar os problemas e espero que estejamos em um bom lugar&#8221;.<\/p>\n\n\n\n<p class=\"wp-block-paragraph\">O\u00a0<strong>GRANDE PR\u00caMIO<\/strong>\u00a0acompanha todas as atividades do GP de\u00a0<a href=\"https:\/\/www.grandepremio.com\/br\/etapa\/f1\/gp-de-miami-formula-1-2022\/\" target=\"_blank\" rel=\"noreferrer noopener\">Miami<\/a>\u00a0<strong><a href=\"https:\/\/www.grandepremio.com\/br\/f1\/ao-vivo\" target=\"_blank\" rel=\"noreferrer noopener\">AO VIVO E EM\u00a0<\/a><a href=\"https:\/\/www.grandepremio.com\/br\/ao-vivo\/\" target=\"_blank\" rel=\"noreferrer noopener\"><\/a><a href=\"https:\/\/www.grandepremio.com\/br\/ao-vivo\/\" target=\"_blank\" rel=\"noreferrer noopener\"><\/a><a href=\"https:\/\/www.grandepremio.com\/br\/ao-vivo\/\" target=\"_blank\" rel=\"noreferrer noopener\">TEMPO REAL<\/a><\/strong>. O TL3 est\u00e1 marcado para este s\u00e1bado (07), a partir das 14h (de Bras\u00edlia, GMT-3).<\/p>\n\n\n\n<figure class=\"wp-block-embed is-type-video is-provider-youtube wp-block-embed-youtube wp-embed-aspect-16-9 wp-has-aspect-ratio\"><div class=\"wp-block-embed__wrapper\">\n<iframe loading=\"lazy\" title=\"ASTON MARTIN D\u00c1 AS CARAS EM \u00cdMOLA, MAS D\u00c1 PARA TER ALGUMA EXPECTATIVA NA F\u00d3RMULA 1 2022?\" width=\"500\" height=\"281\" src=\"https:\/\/www.youtube.com\/embed\/mA9YyG7lAK8?feature=oembed\" frameborder=\"0\" allow=\"accelerometer; autoplay; clipboard-write; encrypted-media; gyroscope; picture-in-picture; web-share\" referrerpolicy=\"strict-origin-when-cross-origin\" allowfullscreen><\/iframe>\n<\/div><\/figure>\n","protected":false},"excerpt":{"rendered":"<p>Max Verstappen falou sobre os problemas vivenciados durante o TL2 em Miami e procurou n\u00e3o se lamentar com o abandono e recuperar o tempo perdido no treino deste s\u00e1bado (7)<\/p>\n","protected":false},"author":0,"featured_media":1000565356,"comment_status":"closed","ping_status":"closed","sticky":false,"template":"","format":"standard","meta":{"42wp_featured_image_caption":"","42wp_featured_image_credits":"","42wp_featured_video":"","42wp_featured_image_hidden":false,"42wp_authors_list":[],"footnotes":""},"categories":[2],"tags":[1357,31064,800,203,82,2470,204],"42wp_author":[47128],"class_list":["post-112525","post","type-post","status-publish","format-standard","has-post-thumbnail","hentry","category-f1","tag-f1-2022","tag-formula-1-2022-3","tag-george-russell","tag-max-verstappen","tag-mercedes","tag-miami","tag-red-bull","42wp_author-guilherme-bloisi"],"_links":{"self":[{"href":"https:\/\/grandepremio.com\/br\/wp-json\/wp\/v2\/posts\/112525","targetHints":{"allow":["GET"]}}],"collection":[{"href":"https:\/\/grandepremio.com\/br\/wp-json\/wp\/v2\/posts"}],"about":[{"href":"https:\/\/grandepremio.com\/br\/wp-json\/wp\/v2\/types\/post"}],"replies":[{"embeddable":true,"href":"https:\/\/grandepremio.com\/br\/wp-json\/wp\/v2\/comments?post=112525"}],"version-history":[{"count":0,"href":"https:\/\/grandepremio.com\/br\/wp-json\/wp\/v2\/posts\/112525\/revisions"}],"wp:featuredmedia":[{"embeddable":true,"href":"https:\/\/grandepremio.com\/br\/wp-json\/wp\/v2\/media\/1000565356"}],"wp:attachment":[{"href":"https:\/\/grandepremio.com\/br\/wp-json\/wp\/v2\/media?parent=112525"}],"wp:term":[{"taxonomy":"category","embeddable":true,"href":"https:\/\/grandepremio.com\/br\/wp-json\/wp\/v2\/categories?post=112525"},{"taxonomy":"post_tag","embeddable":true,"href":"https:\/\/grandepremio.com\/br\/wp-json\/wp\/v2\/tags?post=112525"},{"taxonomy":"42wp_author","embeddable":true,"href":"https:\/\/grandepremio.com\/br\/wp-json\/wp\/v2\/42wp_author?post=112525"}],"curies":[{"name":"wp","href":"https:\/\/api.w.org\/{rel}","templated":true}]}}