{"id":112553,"date":"2022-05-05T12:18:22","date_gmt":"2022-05-05T15:18:22","guid":{"rendered":"https:\/\/grandepremio.com\/br\/noticias\/confira-lista-inscritos-indy-500-2022-confirmacao-33o-carro\/"},"modified":"2022-05-05T12:38:06","modified_gmt":"2022-05-05T15:38:06","slug":"confira-lista-inscritos-indy-500-2022-confirmacao-33o-carro","status":"publish","type":"post","link":"https:\/\/grandepremio.com\/br\/indy\/confira-lista-inscritos-indy-500-2022-confirmacao-33o-carro\/","title":{"rendered":"Confira lista de inscritos para Indy 500 de 2022 ap\u00f3s confirma\u00e7\u00e3o do 33\u00ba carro"},"content":{"rendered":"\n<figure class=\"wp-block-embed is-type-video is-provider-youtube wp-block-embed-youtube wp-embed-aspect-16-9 wp-has-aspect-ratio\"><div class=\"wp-block-embed__wrapper\">\n<iframe loading=\"lazy\" title=\"F\u00d3RMULA INDY AMA O&amp;apos;WARD, E ELE TEM DE AM\u00c1-LA TAMB\u00c9M\" width=\"500\" height=\"281\" src=\"https:\/\/www.youtube.com\/embed\/alagIuiK584?feature=oembed\" frameborder=\"0\" allow=\"accelerometer; autoplay; clipboard-write; encrypted-media; gyroscope; picture-in-picture; web-share\" referrerpolicy=\"strict-origin-when-cross-origin\" allowfullscreen><\/iframe>\n<\/div><figcaption>F\u00d3RMULA INDY AMA O\u2019WARD, E ELE TEM DE AM\u00c1-LA TAMB\u00c9M<\/figcaption><\/figure>\n\n\n\n<p class=\"wp-block-paragraph\">Com pouco menos de um m\u00eas para a 106\u00aa edi\u00e7\u00e3o das 500 Milhas de Indian\u00e1polis, a Indy finalmente teve a confirma\u00e7\u00e3o de seu 33\u00ba participante, completando assim o n\u00famero m\u00ednimo de vagas para a prova. <a href=\"https:\/\/www.grandepremio.com\/br\/indy\/noticias\/dragonspeed-firma-parceria-cusick-alinha-stefan-wilson-indy-500-2022\/\" class=\"ek-link\">O brit\u00e2nico Stefan Wilson vai participar da prova com a equipe DragonSpeed em parceria com a Cusick Motorsports<\/a>.<\/p>\n\n\n\n<p class=\"wp-block-paragraph\">A Indy 500 ainda n\u00e3o soltou a rela\u00e7\u00e3o oficial dos participantes, mas o mais prov\u00e1vel \u00e9 que sejam novamente apenas 33 carros inscritos, assim como foi em 2020. Assim, n\u00e3o haver\u00e1 o tradicional Bump Day, e ningu\u00e9m ser\u00e1 eliminado antes da prova.<\/p>\n\n\n\n<p class=\"wp-block-paragraph\">Os dois \u00fanicos brasileiros seguem sendo os veteranos Helio Castroneves, que faz a temporada da completa da Indy pela Meyer Shank, e Tony Kanaan, que correr\u00e1 apenas as 500 Milhas de Indian\u00e1polis pela Ganassi. <\/p>\n\n\n\n<p class=\"wp-block-paragraph\"><strong>\u25b6\ufe0f&nbsp;Inscreva-se nos dois canais do GRANDE PR\u00caMIO no YouTube:&nbsp;<a href=\"https:\/\/www.youtube.com\/channel\/UC9OlHEgxoaY6QY6nWPoiqQg?sub_confirmation=1\" target=\"_blank\" rel=\"noreferrer noopener\">GP<\/a>&nbsp;|&nbsp;<a href=\"https:\/\/www.youtube.com\/channel\/UC9csiS6q_C3C0FYhyr1rnFA?sub_confirmation=1\" target=\"_blank\" rel=\"noreferrer noopener\">GP2<\/a><\/strong><\/p>\n\n\n\n<figure class=\"wp-block-image size-large\"><img decoding=\"async\" src=\"https:\/\/www.grandepremio.com\/br\/wp-content\/uploads\/2022\/05\/Cusick-Motorsports-1024x583.jpg\" alt=\"\" class=\"wp-image-565062\"\/><figcaption>Carro de Stefan Wilson para a Indy 500 2022 (Foto: Divulga\u00e7\u00e3o)<\/figcaption><\/figure>\n\n\n\n<p class=\"wp-block-paragraph\">Al\u00e9m de Kanaan, outros pilotos que n\u00e3o participam do restante das corridas da categoria e que v\u00e3o participar da Indy 500 s\u00e3o o pr\u00f3prio Stefan Wilson com a DragonSpeed, Juan Pablo Montoya, com a McLaren, Santino Ferrucci e Sage Karam, com a DRR, e Marco Andretti, com a Andretti.<\/p>\n\n\n\n<p class=\"wp-block-paragraph\">No total, s\u00e3o oito vencedores das 500 Milhas de Indian\u00e1polis entre os participantes anunciados: Os brasileiros Castroneves e Kanaan, o neozeland\u00eas Scott Dixon, o australiano Will Power, o franc\u00eas Simon Pagenaud, o colombiano Montoya, o japon\u00eas Takuma Sato e o americano Alexander Rossi. Romain Grosjean, Jimmie Johnson, Callum Ilott, Christian Lundgaard, Kyle Kirkwood, David Malukas e Devlin DeFrancesco fazem suas estreias na prova.<\/p>\n\n\n\n<p class=\"wp-block-paragraph\">O grid estar\u00e1 bem dividido entre carros com motores Honda (17) e Chevrolet (16). No total, ser\u00e3o 13 pilotos americanos e 20 estrangeiros de cinco continentes, Am\u00e9rica do Norte, Am\u00e9rica do Sul, Europa, \u00c1sia e Oceania.<\/p>\n\n\n\n<p class=\"wp-block-paragraph\">A 106\u00aa edi\u00e7\u00e3o das 500 Milhas de Indian\u00e1polis est\u00e1 marcada para o dia 29 de maio. A classifica\u00e7\u00e3o acontece uma semana antes, e <a href=\"https:\/\/www.grandepremio.com\/br\/indy\/noticias\/indy-nova-classificacao-indy-500-transforma-fast-nine-fast-six\/\" class=\"ek-link\">ter\u00e1 um formato diferente, com um Fast Six para decidir o pole-position<\/a>.<\/p>\n\n\n\n<p class=\"wp-block-paragraph\"><strong>Confira os 33 participantes anunciados para a 106\u00aa edi\u00e7\u00e3o das 500 Milhas de Indian\u00e1polis:<\/strong><\/p>\n\n\n\n<figure class=\"wp-block-table\"><table><tbody><tr><td>1<\/td><td>Tony Kanaan<\/td><td>Ganassi Honda<\/td><\/tr><tr><td>2<\/td><td>Josef Newgarden<\/td><td>Penske Chevrolet<\/td><\/tr><tr><td>3<\/td><td>Scott McLaughlin<\/td><td>Penske Chevrolet<\/td><\/tr><tr><td>4<\/td><td>Dalton Kellett<\/td><td>Foyt Chevrolet<\/td><\/tr><tr><td>5<\/td><td>Pato O&#8217;Ward<\/td><td>McLaren Chevrolet<\/td><\/tr><tr><td>6<\/td><td>Juan Pablo Montoya<\/td><td>McLaren Chevrolet<\/td><\/tr><tr><td>06<\/td><td>Helio Castroneves<\/td><td>Meyer Shank Honda<\/td><\/tr><tr><td>7<\/td><td>Felix Rosenqvist<\/td><td>McLaren Chevrolet<\/td><\/tr><tr><td>8<\/td><td>Marcus Ericsson<\/td><td>Ganassi Honda<\/td><\/tr><tr><td>9<\/td><td>Scott Dixon<\/td><td>Ganassi Honda<\/td><\/tr><tr><td>10<\/td><td>\u00c1lex Palou<\/td><td>Ganassi Honda<\/td><\/tr><tr><td>11<\/td><td>JR Hildebrand<\/td><td>Foyt Chevrolet<\/td><\/tr><tr><td>12<\/td><td>Will Power<\/td><td>Penske Chevrolet<\/td><\/tr><tr><td>14<\/td><td>Kyle Kirkwood <\/td><td>Foyt Chevrolet<\/td><\/tr><tr><td>15<\/td><td>Graham Rahal<\/td><td>RLL Honda<\/td><\/tr><tr><td>18<\/td><td>David Malukas<\/td><td>Dale Coyne Honda<\/td><\/tr><tr><td>20<\/td><td>Conor Daly<\/td><td>Carpenter Chevrolet<\/td><\/tr><tr><td>21<\/td><td>Rinus VeeKay<\/td><td>Carpenter Chevrolet<\/td><\/tr><tr><td>23<\/td><td>Santino Ferrucci<\/td><td>DRR Chevrolet<\/td><\/tr><tr><td>24<\/td><td>Sage Karam<\/td><td>DRR Chevrolet<\/td><\/tr><tr><td>25<\/td><td>Stefan Wilson<\/td><td>DragonSpeed Chevrolet<\/td><\/tr><tr><td>26<\/td><td>Colton Herta<\/td><td>Andretti Honda<\/td><\/tr><tr><td>27<\/td><td>Alexander Rossi<\/td><td>Andretti Honda<\/td><\/tr><tr><td>28<\/td><td>Romain Grosjean<\/td><td>Andretti Honda<\/td><\/tr><tr><td>29<\/td><td>Devlin DeFrancesco<\/td><td>Andretti Honda<\/td><\/tr><tr><td>30<\/td><td>Christian Lundgaard<\/td><td>RLL Honda<\/td><\/tr><tr><td>33<\/td><td>Ed Carpenter<\/td><td>Carpenter Chevrolet<\/td><\/tr><tr><td>45<\/td><td>Jack Harvey<\/td><td>RLL Honda<\/td><\/tr><tr><td>48<\/td><td>Jimmie Johnson<\/td><td>Ganassi Honda<\/td><\/tr><tr><td>51<\/td><td>Takuma Sato<\/td><td>Dale Coyne Honda<\/td><\/tr><tr><td>60<\/td><td>Simon Pagenaud<\/td><td>Meyer Shank Honda<\/td><\/tr><tr><td>77<\/td><td>Callum Ilott<\/td><td>Juncos Hollinger Chevrolet<\/td><\/tr><tr><td>98<\/td><td>Marco Andretti<\/td><td>Andretti Honda<\/td><\/tr><\/tbody><\/table><\/figure>\n","protected":false},"excerpt":{"rendered":"<p>Stefan Wilson confirmou sua participa\u00e7\u00e3o em parceria das equipes Cusick Motorsports e DragonSpeed e completou os 33 carros necess\u00e1rios para as 500 Milhas de Indian\u00e1polis<\/p>\n","protected":false},"author":0,"featured_media":1000478946,"comment_status":"closed","ping_status":"closed","sticky":false,"template":"","format":"standard","meta":{"42wp_featured_image_caption":"","42wp_featured_image_credits":"","42wp_featured_video":"","42wp_featured_image_hidden":false,"42wp_authors_list":[],"footnotes":""},"categories":[3],"tags":[2980,619,29062,93,2209,232,29391,94],"42wp_author":[47144],"class_list":["post-112553","post","type-post","status-publish","format-standard","has-post-thumbnail","hentry","category-indy","tag-500-milhas-indianapolis","tag-formula-indy","tag-formula-indy-2022","tag-indy","tag-indy-2022","tag-indy-500","tag-indy-500-2022","tag-indycar","42wp_author-andre-netto"],"_links":{"self":[{"href":"https:\/\/grandepremio.com\/br\/wp-json\/wp\/v2\/posts\/112553","targetHints":{"allow":["GET"]}}],"collection":[{"href":"https:\/\/grandepremio.com\/br\/wp-json\/wp\/v2\/posts"}],"about":[{"href":"https:\/\/grandepremio.com\/br\/wp-json\/wp\/v2\/types\/post"}],"replies":[{"embeddable":true,"href":"https:\/\/grandepremio.com\/br\/wp-json\/wp\/v2\/comments?post=112553"}],"version-history":[{"count":0,"href":"https:\/\/grandepremio.com\/br\/wp-json\/wp\/v2\/posts\/112553\/revisions"}],"wp:featuredmedia":[{"embeddable":true,"href":"https:\/\/grandepremio.com\/br\/wp-json\/wp\/v2\/media\/1000478946"}],"wp:attachment":[{"href":"https:\/\/grandepremio.com\/br\/wp-json\/wp\/v2\/media?parent=112553"}],"wp:term":[{"taxonomy":"category","embeddable":true,"href":"https:\/\/grandepremio.com\/br\/wp-json\/wp\/v2\/categories?post=112553"},{"taxonomy":"post_tag","embeddable":true,"href":"https:\/\/grandepremio.com\/br\/wp-json\/wp\/v2\/tags?post=112553"},{"taxonomy":"42wp_author","embeddable":true,"href":"https:\/\/grandepremio.com\/br\/wp-json\/wp\/v2\/42wp_author?post=112553"}],"curies":[{"name":"wp","href":"https:\/\/api.w.org\/{rel}","templated":true}]}}