{"id":112630,"date":"2022-05-02T13:18:25","date_gmt":"2022-05-02T16:18:25","guid":{"rendered":"https:\/\/grandepremio.com\/br\/noticias\/stoffel-vandoorne-jean-eric-vergne-encaminham-transferencia-ds-penske-2023\/"},"modified":"2022-05-02T13:24:32","modified_gmt":"2022-05-02T16:24:32","slug":"stoffel-vandoorne-jean-eric-vergne-encaminham-transferencia-ds-penske-2023","status":"publish","type":"post","link":"https:\/\/grandepremio.com\/br\/formula-e\/stoffel-vandoorne-jean-eric-vergne-encaminham-transferencia-ds-penske-2023\/","title":{"rendered":"Vandoorne e Vergne encaminham transfer\u00eancia para\u00a0DS Penske em 2023"},"content":{"rendered":"\n<figure class=\"wp-block-embed is-type-video is-provider-youtube wp-block-embed-youtube wp-embed-aspect-16-9 wp-has-aspect-ratio\"><div class=\"wp-block-embed__wrapper\">\n<iframe loading=\"lazy\" title=\"SUSTENTABILIDADE PODE SER MOTIVO DE TRETA ENTRE F\u00d3RMULA 1 E F\u00d3RMULA E NO FUTURO?\" width=\"500\" height=\"281\" src=\"https:\/\/www.youtube.com\/embed\/sIXTNsgcVcI?feature=oembed\" frameborder=\"0\" allow=\"accelerometer; autoplay; clipboard-write; encrypted-media; gyroscope; picture-in-picture; web-share\" referrerpolicy=\"strict-origin-when-cross-origin\" allowfullscreen><\/iframe>\n<\/div><figcaption>SUSTENTABILIDADE PODE SER MOTIVO DE TRETA ENTRE F\u00d3RMULA 1 E F\u00d3RMULA E NO FUTURO?<\/figcaption><\/figure>\n\n\n\n<p class=\"wp-block-paragraph\">Ap\u00f3s o acordo firmado entre DS e Dragon Penske para a forma\u00e7\u00e3o de uma nova equipe a partir do ano que vem \u2014 a DS Penske \u2014, o time est\u00e1 pr\u00f3ximo de fechar sua dupla de pilotos para a temporada que marcar\u00e1 a estreia dos carros Gen3, em 2023. De acordo com o portal ingl\u00eas The Race, Stoffel Vandoorne, atualmente na Mercedes, vai passar a ser titular da equipe no pr\u00f3ximo ano ao lado de Jean-\u00c8ric Vergne, que corre em 2022 pela DS Techeetah.<\/p>\n\n\n\n<p class=\"wp-block-paragraph\">Com a sa\u00edda da Mercedes do grid da F\u00f3rmula E \u2014 espera-se que a compra da equipe por parte da McLaren seja anunciada ainda neste m\u00eas de maio \u2014, j\u00e1 era de conhecimento geral que Vandoorne precisaria buscar outro assento para a pr\u00f3xima temporada. Assim, o belga chegou a um acordo com a Penske para permanecer na categoria e o v\u00ednculo deve ser anunciado em breve.<\/p>\n\n\n\n<p class=\"wp-block-paragraph\">A DS Techeetah vive graves problemas financeiros, o que ainda traz incertezas acerca da continua\u00e7\u00e3o do projeto na Era Gen3. Assim, a tend\u00eancia \u00e9 de que perca seus dois pilotos para o pr\u00f3ximo ano: al\u00e9m de Vergne na DS Penske, <a href=\"https:\/\/www.grandepremio.com\/br\/formula-e\/noticias\/porsche-conversa-antonio-felix-costa-substituir-andre-lotterer-formula-e-2023\/\" target=\"_blank\" aria-label=\"Ant\u00f3nio F\u00e9lix da Costa possui conversas avan\u00e7adas para substituir Andr\u00e9 Lotterer (opens in a new tab)\" rel=\"noreferrer noopener\" class=\"ek-link\">Ant\u00f3nio F\u00e9lix da Costa possui conversas avan\u00e7adas para substituir Andr\u00e9 Lotterer<\/a> e se tornar companheiro de Pascal Wehrlein na Porsche.<\/p>\n\n\n\n<p class=\"wp-block-paragraph\"><strong>\u25b6\ufe0f&nbsp;<a href=\"https:\/\/www.twitch.tv\/grandepremio\" target=\"_blank\" rel=\"noreferrer noopener\">Conhe\u00e7a o canal do GRANDE PR\u00caMIO na Twitch clicando aqui!<\/a><\/strong><\/p>\n\n\n\n<figure class=\"wp-block-image size-large\"><img decoding=\"async\" src=\"https:\/\/www.grandepremio.com\/br\/wp-content\/uploads\/2022\/04\/GPF4-1024x682.jpeg\" alt=\"\" class=\"wp-image-563642\"\/><figcaption>Mercedes vai deixar a F\u00f3rmula E ao final da atual temporada (Foto: Mercedes)<\/figcaption><\/figure>\n\n\n\n<p class=\"wp-block-paragraph\"><strong>\u25b6\ufe0f&nbsp;Inscreva-se nos dois canais do GRANDE PR\u00caMIO no YouTube:&nbsp;<a href=\"https:\/\/www.youtube.com\/channel\/UC9OlHEgxoaY6QY6nWPoiqQg?sub_confirmation=1\" target=\"_blank\" rel=\"noreferrer noopener\">GP<\/a>&nbsp;|&nbsp;<a href=\"https:\/\/www.youtube.com\/channel\/UC9csiS6q_C3C0FYhyr1rnFA?sub_confirmation=1\" target=\"_blank\" rel=\"noreferrer noopener\">GP2<\/a><\/strong><\/p>\n\n\n\n<p class=\"wp-block-paragraph\">A mudan\u00e7a n\u00e3o vai afetar apenas a equipe e deve causar outras consequ\u00eancias no grid. Com a participa\u00e7\u00e3o de Nyck De Vries no Mundial de Endurance da FIA (WEC) pela Toyota confirmada para o ano que vem, ainda n\u00e3o se sabe se o atual campe\u00e3o vai permanecer na F\u00f3rmula E. Desta forma, a McLaren pode ter que precisar buscar uma dupla de equipe inteira para sua estreia na modalidade.<\/p>\n\n\n\n<p class=\"wp-block-paragraph\">Al\u00e9m disso, a dupla atual da Dragon, formada por S\u00e9rgio Sette C\u00e2mara e Antonio Giovinazzi, j\u00e1 sabe que vai precisar encontrar outra equipe se quiser permanecer no grid para o ano que vem. O brasileiro, ao menos, j\u00e1 possui conversas avan\u00e7adas com outras equipes pertencentes \u00e0 categoria.<\/p>\n\n\n\n<p class=\"wp-block-paragraph\">Vale destacar que Sette C\u00e2mara j\u00e1 se envolveu com a McLaren no ano de 2019, quando participou dos testes de desenvolvimento da equipe \u2014 Oliver Turvey, tamb\u00e9m presente no grid, foi outro a participar. Al\u00e9m dos dois, rumores d\u00e3o conta de que Felix Rosenqvist, atualmente na Indy e com passagem anterior pela F\u00f3rmula E, seria outra op\u00e7\u00e3o para a equipe brit\u00e2nica.<\/p>\n","protected":false},"excerpt":{"rendered":"<p>Stoffel Vandoorne vai permanecer no grid da F\u00f3rmula E ap\u00f3s Mercedes deixar a categoria no final do ano, e entrou em acordo com a DS Penske para estreia da Era Gen3 em 2023<\/p>\n","protected":false},"author":0,"featured_media":1000563868,"comment_status":"closed","ping_status":"closed","sticky":false,"template":"","format":"standard","meta":{"42wp_featured_image_caption":"","42wp_featured_image_credits":"","42wp_featured_video":"","42wp_featured_image_hidden":false,"42wp_authors_list":[],"footnotes":""},"categories":[19],"tags":[31465,852,5180,379,27903,840,28327,24836,28285,851,82,764,967],"42wp_author":[47142],"class_list":["post-112630","post","type-post","status-publish","format-standard","has-post-thumbnail","hentry","category-formula-e","tag-ds-penske","tag-ds-techeetah","tag-ep-de-monaco","tag-fe","tag-fe-2022","tag-formula-e","tag-formula-e-2022","tag-grande-premio-2","tag-grandepremio","tag-jean-eric-vergne","tag-mercedes","tag-monte-carlo","tag-stoffel-vandoorne","42wp_author-jp-nascimento"],"_links":{"self":[{"href":"https:\/\/grandepremio.com\/br\/wp-json\/wp\/v2\/posts\/112630","targetHints":{"allow":["GET"]}}],"collection":[{"href":"https:\/\/grandepremio.com\/br\/wp-json\/wp\/v2\/posts"}],"about":[{"href":"https:\/\/grandepremio.com\/br\/wp-json\/wp\/v2\/types\/post"}],"replies":[{"embeddable":true,"href":"https:\/\/grandepremio.com\/br\/wp-json\/wp\/v2\/comments?post=112630"}],"version-history":[{"count":0,"href":"https:\/\/grandepremio.com\/br\/wp-json\/wp\/v2\/posts\/112630\/revisions"}],"wp:featuredmedia":[{"embeddable":true,"href":"https:\/\/grandepremio.com\/br\/wp-json\/wp\/v2\/media\/1000563868"}],"wp:attachment":[{"href":"https:\/\/grandepremio.com\/br\/wp-json\/wp\/v2\/media?parent=112630"}],"wp:term":[{"taxonomy":"category","embeddable":true,"href":"https:\/\/grandepremio.com\/br\/wp-json\/wp\/v2\/categories?post=112630"},{"taxonomy":"post_tag","embeddable":true,"href":"https:\/\/grandepremio.com\/br\/wp-json\/wp\/v2\/tags?post=112630"},{"taxonomy":"42wp_author","embeddable":true,"href":"https:\/\/grandepremio.com\/br\/wp-json\/wp\/v2\/42wp_author?post=112630"}],"curies":[{"name":"wp","href":"https:\/\/api.w.org\/{rel}","templated":true}]}}