{"id":112636,"date":"2022-05-02T11:35:08","date_gmt":"2022-05-02T14:35:08","guid":{"rendered":"https:\/\/grandepremio.com\/br\/noticias\/sao-paulo-anuncia-sambodromo-como-palco-de-etapa-da-formula-e-em-2023\/"},"modified":"2022-05-02T14:55:18","modified_gmt":"2022-05-02T17:55:18","slug":"sao-paulo-anuncia-sambodromo-como-palco-de-etapa-da-formula-e-em-2023","status":"publish","type":"post","link":"https:\/\/grandepremio.com\/br\/formula-e\/sao-paulo-anuncia-sambodromo-como-palco-de-etapa-da-formula-e-em-2023\/","title":{"rendered":"S\u00e3o Paulo anuncia Samb\u00f3dromo como palco de etapa da F\u00f3rmula E em 2023"},"content":{"rendered":"\n<figure class=\"wp-block-embed is-type-video is-provider-youtube wp-block-embed-youtube wp-embed-aspect-16-9 wp-has-aspect-ratio\"><div class=\"wp-block-embed__wrapper\">\n<iframe loading=\"lazy\" title=\"SUSTENTABILIDADE PODE SER MOTIVO DE TRETA ENTRE F\u00d3RMULA 1 E F\u00d3RMULA E NO FUTURO?\" width=\"500\" height=\"281\" src=\"https:\/\/www.youtube.com\/embed\/sIXTNsgcVcI?feature=oembed\" frameborder=\"0\" allow=\"accelerometer; autoplay; clipboard-write; encrypted-media; gyroscope; picture-in-picture; web-share\" referrerpolicy=\"strict-origin-when-cross-origin\" allowfullscreen><\/iframe>\n<\/div><figcaption>SUSTENTABILIDADE PODE SER MOTIVO DE TRETA ENTRE F\u00d3RMULA 1 E F\u00d3RMULA E NO FUTURO?<\/figcaption><\/figure>\n\n\n\n<p class=\"wp-block-paragraph\">A F\u00f3rmula E enfim vai correr no Brasil a partir do ano que vem, que marca a estreia dos carros Gen3 na categoria. <a href=\"https:\/\/www.grandepremio.com\/br\/formula-e\/noticias\/sao-paulo-assina-contrato-preve-etapa-formula-e-marco-2023\/\" target=\"_blank\" aria-label=\"E ap\u00f3s a confirma\u00e7\u00e3o de S\u00e3o Paulo como sede da disputa (opens in a new tab)\" rel=\"noreferrer noopener\" class=\"ek-link\">E ap\u00f3s a confirma\u00e7\u00e3o de S\u00e3o Paulo como sede da disputa<\/a> \u2014 pendente apenas de aprova\u00e7\u00e3o no calend\u00e1rio oficial da FIA \u2014, o Samb\u00f3dromo do Anhembi foi escolhido como palco da disputa, que est\u00e1 programada para ocorrer tr\u00eas semanas ap\u00f3s os desfiles do Carnaval paulista.<\/p>\n\n\n\n<p class=\"wp-block-paragraph\">O retorno da F\u00f3rmula E \u00e0 Am\u00e9rica do Sul era um desejo forte da categoria, que considera de suma import\u00e2ncia fincar bandeiras em territ\u00f3rio sul-americano. Atualmente, a \u00fanica corrida latina do calend\u00e1rio \u00e9 a da Cidade do M\u00e9xico \u2014 que inclusive j\u00e1 ocorreu em 2022.<\/p>\n\n\n\n<p class=\"wp-block-paragraph\"><strong>\u25b6\ufe0f&nbsp;<a href=\"https:\/\/www.twitch.tv\/grandepremio\" target=\"_blank\" rel=\"noreferrer noopener\">Conhe\u00e7a o canal do GRANDE PR\u00caMIO na Twitch clicando aqui!<\/a><\/strong><\/p>\n\n\n\n<figure class=\"wp-block-image size-full\"><img decoding=\"async\" src=\"https:\/\/www.grandepremio.com\/br\/wp-content\/uploads\/2017\/02\/2013311215638_2012-indy-sp-aereasambodromo-claudiocapuchofotoarena_DMa.jpg\" alt=\"\" class=\"wp-image-196316\"\/><figcaption>Samb\u00f3dromo j\u00e1 recebeu a Indy (Foto: Reprodu\u00e7\u00e3o)<\/figcaption><\/figure>\n\n\n\n<p class=\"wp-block-paragraph\">&#8220;A F\u00f3rmula E est\u00e1 totalmente alinhada com os nossos objetivos: atrair eventos que projetem a imagem de S\u00e3o Paulo, movimentem a economia e gerem empregos com o turismo de eventos e, ainda, promovam o desenvolvimento sustent\u00e1vel&#8221;, afirmou Gustavo Pires, presidente da SPTuris. &#8220;A cria\u00e7\u00e3o de um calend\u00e1rio com eventos-\u00e2ncora \u00e9 fundamental para a forte retomada que queremos para a cidade de S\u00e3o Paulo no p\u00f3s-pandemia&#8221;, completou.<\/p>\n\n\n\n<figure class=\"wp-block-embed is-type-video is-provider-youtube wp-block-embed-youtube wp-embed-aspect-16-9 wp-has-aspect-ratio\"><div class=\"wp-block-embed__wrapper\">\n<iframe loading=\"lazy\" title=\"HAMILTON EST\u00c1 APENAS MAL OU FALTA DE SORTE TAMB\u00c9M TOMOU CONTA NA F\u00d3RMULA 1 2022?\" width=\"500\" height=\"281\" src=\"https:\/\/www.youtube.com\/embed\/olM55-eIdU4?feature=oembed\" frameborder=\"0\" allow=\"accelerometer; autoplay; clipboard-write; encrypted-media; gyroscope; picture-in-picture; web-share\" referrerpolicy=\"strict-origin-when-cross-origin\" allowfullscreen><\/iframe>\n<\/div><figcaption>HAMILTON EST\u00c1 APENAS MAL OU FALTA DE SORTE TAMB\u00c9M TOMOU CONTA NA F\u00d3RMULA 1 2022?<\/figcaption><\/figure>\n","protected":false},"excerpt":{"rendered":"<p>Samb\u00f3dromo do Anhembi foi confirmado como palco da etapa da F\u00f3rmula E em S\u00e3o Paulo, que vai ocorrer a partir de 2023 logo ap\u00f3s o encerramento do Carnaval na cidade <\/p>\n","protected":false},"author":0,"featured_media":1000564406,"comment_status":"closed","ping_status":"closed","sticky":false,"template":"","format":"standard","meta":{"42wp_featured_image_caption":"","42wp_featured_image_credits":"","42wp_featured_video":"","42wp_featured_image_hidden":false,"42wp_authors_list":[],"footnotes":""},"categories":[19],"tags":[5180,379,27903,840,28327,1601,24836,28285,764,2380],"42wp_author":[47142],"class_list":["post-112636","post","type-post","status-publish","format-standard","has-post-thumbnail","hentry","category-formula-e","tag-ep-de-monaco","tag-fe","tag-fe-2022","tag-formula-e","tag-formula-e-2022","tag-gen3","tag-grande-premio-2","tag-grandepremio","tag-monte-carlo","tag-sao-paulo","42wp_author-jp-nascimento"],"_links":{"self":[{"href":"https:\/\/grandepremio.com\/br\/wp-json\/wp\/v2\/posts\/112636","targetHints":{"allow":["GET"]}}],"collection":[{"href":"https:\/\/grandepremio.com\/br\/wp-json\/wp\/v2\/posts"}],"about":[{"href":"https:\/\/grandepremio.com\/br\/wp-json\/wp\/v2\/types\/post"}],"replies":[{"embeddable":true,"href":"https:\/\/grandepremio.com\/br\/wp-json\/wp\/v2\/comments?post=112636"}],"version-history":[{"count":0,"href":"https:\/\/grandepremio.com\/br\/wp-json\/wp\/v2\/posts\/112636\/revisions"}],"wp:featuredmedia":[{"embeddable":true,"href":"https:\/\/grandepremio.com\/br\/wp-json\/wp\/v2\/media\/1000564406"}],"wp:attachment":[{"href":"https:\/\/grandepremio.com\/br\/wp-json\/wp\/v2\/media?parent=112636"}],"wp:term":[{"taxonomy":"category","embeddable":true,"href":"https:\/\/grandepremio.com\/br\/wp-json\/wp\/v2\/categories?post=112636"},{"taxonomy":"post_tag","embeddable":true,"href":"https:\/\/grandepremio.com\/br\/wp-json\/wp\/v2\/tags?post=112636"},{"taxonomy":"42wp_author","embeddable":true,"href":"https:\/\/grandepremio.com\/br\/wp-json\/wp\/v2\/42wp_author?post=112636"}],"curies":[{"name":"wp","href":"https:\/\/api.w.org\/{rel}","templated":true}]}}