{"id":112644,"date":"2022-05-02T04:30:00","date_gmt":"2022-05-02T07:30:00","guid":{"rendered":"https:\/\/grandepremio.com\/br\/noticias\/sergio-sette-camara-lamenta-erro-dragon-classificacao-monaco-falha-comunicacao\/"},"modified":"2022-05-02T06:54:52","modified_gmt":"2022-05-02T09:54:52","slug":"sergio-sette-camara-lamenta-erro-dragon-classificacao-monaco-falha-comunicacao","status":"publish","type":"post","link":"https:\/\/grandepremio.com\/br\/formula-e\/sergio-sette-camara-lamenta-erro-dragon-classificacao-monaco-falha-comunicacao\/","title":{"rendered":"Sette C\u00e2mara v\u00ea erro da Dragon em M\u00f4naco na classifica\u00e7\u00e3o: \u201cFalha de comunica\u00e7\u00e3o&#8221;"},"content":{"rendered":"\n<figure class=\"wp-block-embed is-type-video is-provider-youtube wp-block-embed-youtube wp-embed-aspect-16-9 wp-has-aspect-ratio\"><div class=\"wp-block-embed__wrapper\">\n<iframe loading=\"lazy\" title=\"SUSTENTABILIDADE PODE SER MOTIVO DE TRETA ENTRE F\u00d3RMULA 1 E F\u00d3RMULA E NO FUTURO?\" width=\"500\" height=\"281\" src=\"https:\/\/www.youtube.com\/embed\/sIXTNsgcVcI?feature=oembed\" frameborder=\"0\" allow=\"accelerometer; autoplay; clipboard-write; encrypted-media; gyroscope; picture-in-picture; web-share\" referrerpolicy=\"strict-origin-when-cross-origin\" allowfullscreen><\/iframe>\n<\/div><figcaption>SUSTENTABILIDADE PODE SER MOTIVO DE TRETA ENTRE F\u00d3RMULA 1 E F\u00d3RMULA E NO FUTURO?<\/figcaption><\/figure>\n\n\n\n<p class=\"wp-block-paragraph\">S\u00e9rgio Sette C\u00e2mara conseguiu uma boa recupera\u00e7\u00e3o no eP de M\u00f4naco, <a href=\"https:\/\/www.grandepremio.com\/br\/formula-e\/noticias\/stoffel-vandoorne-aproveita-safety-car-tomar-ponta-vence-ep-de-monaco-formula-e\/\" target=\"_blank\" aria-label=\"disputado no \u00faltimo s\u00e1bado (30), pela sexta etapa da F\u00f3rmula E 2021\/2022 (opens in a new tab)\" rel=\"noreferrer noopener\" class=\"ek-link\">disputado no \u00faltimo s\u00e1bado (30), pela sexta etapa da F\u00f3rmula E 2021\/2022<\/a>. O brasileiro \u2014 que largou da 20\u00aa coloca\u00e7\u00e3o ap\u00f3s uma classifica\u00e7\u00e3o ruim da Dragon \u2014 escalou o pelot\u00e3o e conseguiu finalizar a corrida em 13\u00ba, pr\u00f3ximo \u00e0 entrada da zona de pontua\u00e7\u00e3o \u2014 objetivo declarado do time. Ap\u00f3s a prova, o mineiro lamentou o erro estrat\u00e9gico da equipe que prejudicou o treino classificat\u00f3rio.<\/p>\n\n\n\n<p class=\"wp-block-paragraph\">&#8220;A gente podia ter se classificado melhor, ficamos em nono no nosso grupo e acredito que s\u00e9timo era perfeitamente poss\u00edvel \u2014 inclusive, era a posi\u00e7\u00e3o que est\u00e1vamos antes da \u00faltima sa\u00edda [para a pista]&#8221;, disse Sette C\u00e2mara. &#8220;Teve uma falha de comunica\u00e7\u00e3o, me soltaram em cima da hora e a gente ficou embolado no terceiro setor, quase que n\u00e3o consigo abrir a volta&#8221;, lamentou.<\/p>\n\n\n\n<p class=\"wp-block-paragraph\"><strong>\u25b6\ufe0f&nbsp;<a href=\"https:\/\/www.twitch.tv\/grandepremio\" target=\"_blank\" rel=\"noreferrer noopener\">Conhe\u00e7a o canal do GRANDE PR\u00caMIO na Twitch clicando aqui!<\/a><\/strong><\/p>\n\n\n\n<figure class=\"wp-block-image size-large\"><img decoding=\"async\" src=\"https:\/\/www.grandepremio.com\/br\/wp-content\/uploads\/2022\/05\/406313_1011342_b0d30019_6bdf_4032_a053_54887ab9e845-1024x683.jpeg\" alt=\"\" class=\"wp-image-564169\"\/><figcaption>Sette C\u00e2mara usou estrat\u00e9gia para ganhar posi\u00e7\u00f5es durante o eP de M\u00f4naco (Foto: F\u00f3rmula E)<\/figcaption><\/figure>\n\n\n\n<p class=\"wp-block-paragraph\">O brasileiro lamentou o erro que fez a Dragon ocupar a pen\u00faltima fila do grid, \u00e0 frente apenas de Oliver Turvey, da NIO, e S\u00e9bastien Buemi, da Nissan, mas elogiou a estrat\u00e9gia adotada pela equipe durante a corrida. Sette C\u00e2mara conseguiu fazer bom uso do Fan Boost nos momentos finais da disputa, o que o ajudou a ganhar algumas posi\u00e7\u00f5es.<\/p>\n\n\n\n<p class=\"wp-block-paragraph\">&#8220;Ent\u00e3o, comecei a volta com as temperaturas do pneus erradas&#8221;, reclamou. &#8220;Isso \u00e9 um ponto negativo, mas a corrida j\u00e1 foi melhor. A gente fez uma estrat\u00e9gia alternativa que funcionou e terminamos em 13\u00ba. Obviamente n\u00e3o \u00e9 na zona dos pontos, que \u00e9 o que a gente quer, mas n\u00e3o est\u00e1 de todo mal. Vamos trabalhar e tentar ir melhor na pr\u00f3xima&#8221;, afirmou.<\/p>\n\n\n\n<p class=\"wp-block-paragraph\">Por fim, S\u00e9rgio comentou sobre a pr\u00f3xima corrida programada na temporada 2021\/2022 da F\u00f3rmula E, com jornada dupla em Berlim, na Alemanha. O #7 foi sincero e afirmou que n\u00e3o espera ver grandes evolu\u00e7\u00f5es da Dragon j\u00e1 em territ\u00f3rio alem\u00e3o, mas alimenta expectativas de que o carro da equipe funcione melhor em outros tra\u00e7ados que ainda vir\u00e3o este ano.<\/p>\n\n\n\n<figure class=\"wp-block-image size-large\"><img decoding=\"async\" src=\"https:\/\/www.grandepremio.com\/br\/wp-content\/uploads\/2022\/04\/2-EPS712_140349_W6I9889-2048x2048-1-1024x683.jpg\" alt=\"\" class=\"wp-image-562538\"\/><figcaption>Sette C\u00e2mara citou o eP de Londres como uma das poss\u00edveis oportunidade para a Dragon pontuar no campeonato (Foto: F\u00f3rmula E)<\/figcaption><\/figure>\n\n\n\n<p class=\"wp-block-paragraph\"><strong>\u25b6\ufe0f&nbsp;Inscreva-se nos dois canais do GRANDE PR\u00caMIO no YouTube:&nbsp;<a href=\"https:\/\/www.youtube.com\/channel\/UC9OlHEgxoaY6QY6nWPoiqQg?sub_confirmation=1\" target=\"_blank\" rel=\"noreferrer noopener\">GP<\/a>&nbsp;|&nbsp;<a href=\"https:\/\/www.youtube.com\/channel\/UC9csiS6q_C3C0FYhyr1rnFA?sub_confirmation=1\" target=\"_blank\" rel=\"noreferrer noopener\">GP2<\/a><\/strong><\/p>\n\n\n\n<p class=\"wp-block-paragraph\">&#8220;Agora, \u00e9 Berlim [a pr\u00f3xima etapa]. N\u00e3o acho que seja a etapa em que a gente vai realmente brilhar&#8221;, admitiu. &#8220;Acho que \u00e9 uma pista intermedi\u00e1rio, que nem M\u00f4naco. Pistas como Londres e Nova Iorque acho que ser\u00e3o melhores [para a Dragon]&#8221;, encerrou o piloto brasileiro.<\/p>\n\n\n\n<p class=\"wp-block-paragraph\">O eP de Berlim est\u00e1 marcado para o final de semana entre os dias 13 e 15 de maio, com a corrida 1 no s\u00e1bado e a corrida 2 no domingo, como tradicionalmente acontece em rodadas duplas. A transmiss\u00e3o da categoria \u00e9 feita pela TV Cultura, em grade aberta, e pelo SporTV no servi\u00e7o pago.<\/p>\n","protected":false},"excerpt":{"rendered":"<p>S\u00e9rgio Sette C\u00e2mara largou apenas em 20\u00ba lugar no eP de M\u00f4naco ap\u00f3s erro da Dragon na sa\u00edda para a \u00faltima volta r\u00e1pida, mas conseguiu ganhar posi\u00e7\u00f5es na corrida para terminar em 13\u00ba<\/p>\n","protected":false},"author":0,"featured_media":1000564168,"comment_status":"closed","ping_status":"closed","sticky":false,"template":"","format":"standard","meta":{"42wp_featured_image_caption":"","42wp_featured_image_credits":"","42wp_featured_video":"","42wp_featured_image_hidden":false,"42wp_authors_list":[],"footnotes":""},"categories":[19],"tags":[456,1860,5180,379,27903,840,28327,24836,28285,764,28828],"42wp_author":[47142],"class_list":["post-112644","post","type-post","status-publish","format-standard","has-post-thumbnail","hentry","category-formula-e","tag-antonio-giovinazzi","tag-dragon","tag-ep-de-monaco","tag-fe","tag-fe-2022","tag-formula-e","tag-formula-e-2022","tag-grande-premio-2","tag-grandepremio","tag-monte-carlo","tag-sergio-sette-camara-4","42wp_author-jp-nascimento"],"_links":{"self":[{"href":"https:\/\/grandepremio.com\/br\/wp-json\/wp\/v2\/posts\/112644","targetHints":{"allow":["GET"]}}],"collection":[{"href":"https:\/\/grandepremio.com\/br\/wp-json\/wp\/v2\/posts"}],"about":[{"href":"https:\/\/grandepremio.com\/br\/wp-json\/wp\/v2\/types\/post"}],"replies":[{"embeddable":true,"href":"https:\/\/grandepremio.com\/br\/wp-json\/wp\/v2\/comments?post=112644"}],"version-history":[{"count":0,"href":"https:\/\/grandepremio.com\/br\/wp-json\/wp\/v2\/posts\/112644\/revisions"}],"wp:featuredmedia":[{"embeddable":true,"href":"https:\/\/grandepremio.com\/br\/wp-json\/wp\/v2\/media\/1000564168"}],"wp:attachment":[{"href":"https:\/\/grandepremio.com\/br\/wp-json\/wp\/v2\/media?parent=112644"}],"wp:term":[{"taxonomy":"category","embeddable":true,"href":"https:\/\/grandepremio.com\/br\/wp-json\/wp\/v2\/categories?post=112644"},{"taxonomy":"post_tag","embeddable":true,"href":"https:\/\/grandepremio.com\/br\/wp-json\/wp\/v2\/tags?post=112644"},{"taxonomy":"42wp_author","embeddable":true,"href":"https:\/\/grandepremio.com\/br\/wp-json\/wp\/v2\/42wp_author?post=112644"}],"curies":[{"name":"wp","href":"https:\/\/api.w.org\/{rel}","templated":true}]}}