{"id":112648,"date":"2022-05-01T20:09:36","date_gmt":"2022-05-01T23:09:36","guid":{"rendered":"https:\/\/grandepremio.com\/br\/noticias\/alex-palou-comemora-lideranca-indy-apos-2o-barber-nao-poderia-ser-melhor\/"},"modified":"2022-05-01T20:12:42","modified_gmt":"2022-05-01T23:12:42","slug":"alex-palou-comemora-lideranca-indy-apos-2o-barber-nao-poderia-ser-melhor","status":"publish","type":"post","link":"https:\/\/grandepremio.com\/br\/indy\/alex-palou-comemora-lideranca-indy-apos-2o-barber-nao-poderia-ser-melhor\/","title":{"rendered":"Palou comemora lideran\u00e7a da Indy ap\u00f3s 2\u00ba em Barber: &#8220;N\u00e3o poderia ser melhor&#8221;"},"content":{"rendered":"\n<figure class=\"wp-block-embed is-type-video is-provider-youtube wp-block-embed-youtube wp-embed-aspect-16-9 wp-has-aspect-ratio\"><div class=\"wp-block-embed__wrapper\">\n<iframe loading=\"lazy\" title=\"INDY 2022: O QUE MUDA NA CLASSIFICA\u00c7\u00c3O DAS 500 MILHAS DE INDIAN\u00c1POLIS DE 2022?\" width=\"500\" height=\"281\" src=\"https:\/\/www.youtube.com\/embed\/EN0qlIVZ6WA?feature=oembed\" frameborder=\"0\" allow=\"accelerometer; autoplay; clipboard-write; encrypted-media; gyroscope; picture-in-picture; web-share\" referrerpolicy=\"strict-origin-when-cross-origin\" allowfullscreen><\/iframe>\n<\/div><figcaption>INDY 2022: O QUE MUDA NA CLASSIFICA\u00c7\u00c3O DAS 500 MILHAS DE INDIAN\u00c1POLIS DE 2022?<\/figcaption><\/figure>\n\n\n\n<p class=\"wp-block-paragraph\">A F\u00f3rmula Indy tem um novo l\u00edder: \u00c1lex Palou. O atual campe\u00e3o lidera agora a categoria ap\u00f3s terminar o GP do Alabama neste domindo (1) na segunda coloca\u00e7\u00e3o. Largando na terceira coloca\u00e7\u00e3o, o espanhol chegou a cair para a quarta posi\u00e7\u00e3o, mas se recuperou e, com uma ultrapassagem sobre o holand\u00eas Rinus VeeKay ap\u00f3s a \u00faltima rodada de pit stops, se colocou at\u00e9 em posi\u00e7\u00e3o para brigar pela vit\u00f3ria.<\/p>\n\n\n\n<p class=\"wp-block-paragraph\">Mas o mexicano Pato O&#8217;Ward gerenciou bem a prova e n\u00e3o deu chances para Palou, <a href=\"https:\/\/www.grandepremio.com\/br\/indy\/noticias\/pato-oward-ressurge-fatura-gp-alabama-vence-primeira-indy-2022\/\" class=\"ek-link\">conquistando sua primeira vit\u00f3ria na temporada<\/a>. \u00c1lex lamentou um erro durante uma relargada, mas valorizou o resultado obtido em Barber e o terceiro p\u00f3dio em 2022. <\/p>\n\n\n\n<p class=\"wp-block-paragraph\">&#8220;Tivemos um bom dia no geral, estou super feliz com a segunda coloca\u00e7\u00e3o. N\u00e3o sei, ele [Pato O&#8217;Ward] estava em segundo naquele momento e a gente em quarto, ent\u00e3o essa dist\u00e2ncia na pista dificultou nossa vida. Cometi um erro na relargada e fui ultrapassado pelo #27 [Alexander Rossi], acho que isso fez toda a diferen\u00e7a&#8221;, contou o espanhol ap\u00f3s a corrida. <\/p>\n\n\n\n<p class=\"wp-block-paragraph\"><strong>\u25b6\ufe0f&nbsp;Inscreva-se nos dois canais do GRANDE PR\u00caMIO no YouTube:&nbsp;<a href=\"https:\/\/www.youtube.com\/channel\/UC9OlHEgxoaY6QY6nWPoiqQg?sub_confirmation=1\" target=\"_blank\" rel=\"noreferrer noopener\">GP<\/a>&nbsp;|&nbsp;<a href=\"https:\/\/www.youtube.com\/channel\/UC9csiS6q_C3C0FYhyr1rnFA?sub_confirmation=1\" target=\"_blank\" rel=\"noreferrer noopener\">GP2<\/a><\/strong><\/p>\n\n\n\n<figure class=\"wp-block-image size-large\"><img decoding=\"async\" src=\"https:\/\/www.grandepremio.com\/br\/wp-content\/uploads\/2022\/05\/Alex-Palou-Honda-Indy-Grand-Prix-of-Alabama-By_-Matt-Fraver_Large-Image-Without-Watermark_m54984-1024x683.jpg\" alt=\"\" class=\"wp-image-564283\"\/><figcaption>\u00c1lex Palou, o novo l\u00edder do campeonato (Foto: Indycar)<\/figcaption><\/figure>\n\n\n\n<p class=\"wp-block-paragraph\"><strong>LEIA TAMB\u00c9M: <a href=\"https:\/\/www.grandepremio.com\/br\/indy\/noticias\/graham-rahal-critica-romain-grosjean-toques-barber-estamos-conhecendo-reputacao\/\" class=\"ek-link\">Rahal critica Grosjean ap\u00f3s toques em Barber: \u201cEstamos conhecendo<\/a> sua reputa\u00e7\u00e3o\u201d<\/strong><\/p>\n\n\n\n<p class=\"wp-block-paragraph\">&#8220;[Pato O&#8217;Ward] foi muito r\u00e1pido hoje. Super feliz com o carro #10 que foi super r\u00e1pido durante todo o fim de semana e com mais um p\u00f3dio. N\u00f3s lutamos at\u00e9 o final, mas n\u00e3o conseguimos hoje. Vamos tentar (ganhar) o pr\u00f3ximo&#8221;, disse o piloto da Ganassi.<\/p>\n\n\n\n<p class=\"wp-block-paragraph\">Com o resultado, Palou ultrapassou a dupla da Penske, Josef Newgarden e Scott McLaughlin, e agora tem tr\u00eas pontos de vantagem na ponta para o neozeland\u00eas. A Indy parte agora para seu famoso m\u00eas de maio, com o GP de Indian\u00e1polis 1 no brickyard seguido pela disputa das 500 Milhas de Indian\u00e1polis, e o atual campe\u00e3o chega com a confian\u00e7a em alta. <\/p>\n\n\n\n<p class=\"wp-block-paragraph\">&#8220;Me sinto \u00f3timo, n\u00e3o poder\u00edamos ter come\u00e7ado o ano melhor. O m\u00eas de maio come\u00e7ou, mal posso esperar, \u00e9 sempe muito especial para n\u00f3s. Come\u00e7ando com o circuito misto em Indian\u00e1polis, acho que vai ser \u00f3timo, tivemos bons carros l\u00e1 no passado. Mal posso esperar!&#8221;, afirmou o espanhol.<\/p>\n","protected":false},"excerpt":{"rendered":"<p>Atual campe\u00e3o da Indy, \u00c1lex Palou conquistou seu terceiro p\u00f3dio da temporada no GP do Alabama, e elogiou o carro, mas disse que n\u00e3o tinha como bater Pato O&#8217;Ward<\/p>\n","protected":false},"author":0,"featured_media":1000563771,"comment_status":"closed","ping_status":"closed","sticky":false,"template":"","format":"standard","meta":{"42wp_featured_image_caption":"","42wp_featured_image_credits":"","42wp_featured_video":"","42wp_featured_image_hidden":false,"42wp_authors_list":[],"footnotes":""},"categories":[3],"tags":[619,29062,1595,25215,5548,93,2209,94],"42wp_author":[47144],"class_list":["post-112648","post","type-post","status-publish","format-standard","has-post-thumbnail","hentry","category-indy","tag-formula-indy","tag-formula-indy-2022","tag-ganassi","tag-gp-de-barber","tag-gp-do-alabama","tag-indy","tag-indy-2022","tag-indycar","42wp_author-andre-netto"],"_links":{"self":[{"href":"https:\/\/grandepremio.com\/br\/wp-json\/wp\/v2\/posts\/112648","targetHints":{"allow":["GET"]}}],"collection":[{"href":"https:\/\/grandepremio.com\/br\/wp-json\/wp\/v2\/posts"}],"about":[{"href":"https:\/\/grandepremio.com\/br\/wp-json\/wp\/v2\/types\/post"}],"replies":[{"embeddable":true,"href":"https:\/\/grandepremio.com\/br\/wp-json\/wp\/v2\/comments?post=112648"}],"version-history":[{"count":0,"href":"https:\/\/grandepremio.com\/br\/wp-json\/wp\/v2\/posts\/112648\/revisions"}],"wp:featuredmedia":[{"embeddable":true,"href":"https:\/\/grandepremio.com\/br\/wp-json\/wp\/v2\/media\/1000563771"}],"wp:attachment":[{"href":"https:\/\/grandepremio.com\/br\/wp-json\/wp\/v2\/media?parent=112648"}],"wp:term":[{"taxonomy":"category","embeddable":true,"href":"https:\/\/grandepremio.com\/br\/wp-json\/wp\/v2\/categories?post=112648"},{"taxonomy":"post_tag","embeddable":true,"href":"https:\/\/grandepremio.com\/br\/wp-json\/wp\/v2\/tags?post=112648"},{"taxonomy":"42wp_author","embeddable":true,"href":"https:\/\/grandepremio.com\/br\/wp-json\/wp\/v2\/42wp_author?post=112648"}],"curies":[{"name":"wp","href":"https:\/\/api.w.org\/{rel}","templated":true}]}}