{"id":112744,"date":"2022-04-28T15:28:33","date_gmt":"2022-04-28T18:28:33","guid":{"rendered":"https:\/\/grandepremio.com\/br\/noticias\/formula-e-apresenta-prototipo-novo-gen3-promete-carro-mais-rapido-historia\/"},"modified":"2022-04-28T16:46:16","modified_gmt":"2022-04-28T19:46:16","slug":"formula-e-apresenta-prototipo-novo-gen3-promete-carro-mais-rapido-historia","status":"publish","type":"post","link":"https:\/\/grandepremio.com\/br\/formula-e\/formula-e-apresenta-prototipo-novo-gen3-promete-carro-mais-rapido-historia\/","title":{"rendered":"F\u00f3rmula E apresenta prot\u00f3tipo do novo Gen3 e promete &#8220;carro mais r\u00e1pido da hist\u00f3ria&#8221;"},"content":{"rendered":"\n<figure class=\"wp-block-embed is-type-video is-provider-youtube wp-block-embed-youtube wp-embed-aspect-16-9 wp-has-aspect-ratio\"><div class=\"wp-block-embed__wrapper\">\n<iframe loading=\"lazy\" title=\"SUSTENTABILIDADE PODE SER MOTIVO DE TRETA ENTRE F\u00d3RMULA 1 E F\u00d3RMULA E NO FUTURO?\" width=\"500\" height=\"281\" src=\"https:\/\/www.youtube.com\/embed\/sIXTNsgcVcI?feature=oembed\" frameborder=\"0\" allow=\"accelerometer; autoplay; clipboard-write; encrypted-media; gyroscope; picture-in-picture; web-share\" referrerpolicy=\"strict-origin-when-cross-origin\" allowfullscreen><\/iframe>\n<\/div><figcaption>SUSTENTABILIDADE PODE SER MOTIVO DE TRETA ENTRE F\u00d3RMULA 1 E F\u00d3RMULA E NO FUTURO?<\/figcaption><\/figure>\n\n\n\n<p class=\"wp-block-paragraph\">A F\u00f3rmula E revelou nesta quinta-feira (28) em M\u00f4naco, onde acontecer\u00e1 a sexta etapa de 2021-22, as primeiras imagens e detalhes da sua terceira gera\u00e7\u00e3o de carros, <a href=\"https:\/\/www.grandepremio.com\/br\/formula-e\/noticias\/formula-e-adia-estreia-era-gen3-marca-inicio-temporada-2023\/\" class=\"ek-link\">que ser\u00e1 introduzida na pr\u00f3xima temporada, que deve come\u00e7ar em 2023<\/a>. Os monopostos da Gen3 foram desenhados para circuitos de rua, e a inten\u00e7\u00e3o \u00e9 mostrar que \u00e9 poss\u00edvel criar uma m\u00e1quina de alta performance que seja extremamente sustent\u00e1vel.<\/p>\n\n\n\n<p class=\"wp-block-paragraph\">&#8220;Tanto tecnologicamente quanto ambientalmente, a Gen3 estabelece novos padr\u00f5es no esporte. As equipes de desenvolvimento da FIA e da F\u00f3rmula E fizeram um trabalho excelente, e agrade\u00e7o a eles por seu trabalho duro neste projeto. Estou muito feliz em ver tantos fabricantes importantes j\u00e1 se inscrevendo para a pr\u00f3xima era do campeonato, e aguardo com grande expectativa a estreia competitiva do Gen3 na 9\u00aa temporada&#8221;, afirmou Mohammed Ben Sulayem, presidente da Federa\u00e7\u00e3o internacional de Automobilismo durante o evento.<\/p>\n\n\n\n<p class=\"wp-block-paragraph\"><strong>\u25b6\ufe0f&nbsp;Inscreva-se nos dois canais do GRANDE PR\u00caMIO no YouTube:&nbsp;<a href=\"https:\/\/www.youtube.com\/channel\/UC9OlHEgxoaY6QY6nWPoiqQg?sub_confirmation=1\" target=\"_blank\" rel=\"noreferrer noopener\">GP<\/a>&nbsp;|&nbsp;<a href=\"https:\/\/www.youtube.com\/channel\/UC9csiS6q_C3C0FYhyr1rnFA?sub_confirmation=1\" target=\"_blank\" rel=\"noreferrer noopener\">GP2<\/a><\/strong><\/p>\n\n\n\n<figure class=\"wp-block-image size-full\"><img decoding=\"async\" src=\"https:\/\/www.grandepremio.com\/br\/wp-content\/uploads\/2022\/04\/Gen3.png\" alt=\"\" class=\"wp-image-563075\"\/><figcaption>Terceira gera\u00e7\u00e3o de carros da F\u00f3rmula 3 foi divulgada antes do eP de M\u00f4naco (Foto: F\u00f3rmula E)<\/figcaption><\/figure>\n\n\n\n<p class=\"wp-block-paragraph\">Os carros da Gen3 ser\u00e3o os mais r\u00e1pidos da hist\u00f3ria da F\u00f3rmula E, atingindo uma velocidade m\u00e1xima de 322 km\/h. Grande parte desta pot\u00eancia vem da inclus\u00e3o de uma unidade de pot\u00eancia extra, na parte da frente do carro, que pode regenerar at\u00e9 250kW apenas com a frenagem. O motor de tra\u00e7\u00e3o traseiro tem 350 kW, gerando uma pot\u00eancia de 600 kW, mais do que o dobro dos carros atuais. <\/p>\n\n\n\n<p class=\"wp-block-paragraph\">A efici\u00eancia dos novos motores tamb\u00e9m \u00e9 de 95%, alt\u00edssima quando comparada a um motor tradicional de combust\u00e3o interna, que converte apenas 40% da energia em pot\u00eancia.<\/p>\n\n\n\n<p class=\"wp-block-paragraph\">Os freios tamb\u00e9m ser\u00e3o completamente diferentes. Os carros da terceira gera\u00e7\u00e3o ser\u00e3o os primeiros monopostos a n\u00e3o ter freios hidr\u00e1ulicos traseiros. Al\u00e9m disso, a energia recuperada nas frenagens representar\u00e1 40% do total gasto pelos pilotos nas corridas.<\/p>\n\n\n\n<p class=\"wp-block-paragraph\"><strong>LEIA TAMB\u00c9M: <\/strong><br><strong>+<a href=\"https:\/\/www.grandepremio.com\/br\/formula-e\/noticias\/tvr-fecha-acordo-patrocinar-formula-e-expor-novo-carro-monaco-londres\/\" class=\"ek-link\">TVR fecha acordo para patrocinar F\u00f3rmula E e visa expor novo carro em M\u00f4naco e Londres<\/a><\/strong><\/p>\n\n\n\n<figure class=\"wp-block-image size-large\"><img decoding=\"async\" src=\"https:\/\/www.grandepremio.com\/br\/wp-content\/uploads\/2022\/04\/Gen3_5-1024x768.png\" alt=\"\" class=\"wp-image-563078\"\/><figcaption>Carros da Gen3 ser\u00e3o os mais potentes da hist\u00f3ria da F\u00f3rmula E (Foto: F\u00f3rmula E)<\/figcaption><\/figure>\n\n\n\n<p class=\"wp-block-paragraph\">Nos avan\u00e7os para tornar a categoria ainda mais sustent\u00e1vel, a F\u00f3rmula E afirmou que as novas baterias est\u00e3o entre as mais eficientes j\u00e1 feitas, consistindo de minerais sustent\u00e1veis, e que as c\u00e9lulas das baterias poder\u00e3o ser reutilizadas e recicladas.<\/p>\n\n\n\n<p class=\"wp-block-paragraph\">Os carros v\u00e3o utilizar fibra de carbono reutilizada no chassi, algo nunca antes feito. A estimativa da categoria \u00e9 que essa mudan\u00e7a vai reduzir em 10% a pegada de carbono da constru\u00e7\u00e3o dos b\u00f3lidos. Al\u00e9m disso, os pneus da pr\u00f3xima temporada ser\u00e3o compostos com diferentes materiais, com 26% sendo de borracha natural e fibras recicl\u00e1veis. Eles tamb\u00e9m ser\u00e3o completamente reciclados ap\u00f3s as provas.<\/p>\n\n\n\n<p class=\"wp-block-paragraph\">A nona temporada da F\u00f3rmula E em 2022-23 ainda n\u00e3o tem data marcada de estreia, e contar\u00e1 com a entrada da Maseratti. A categoria retorna neste domingo, no dia 30 de abril, para o eP de M\u00f4naco, sexta etapa do campeonato atual.<\/p>\n","protected":false},"excerpt":{"rendered":"<p>A F\u00f3rmula E divulgou nesta quinta-feira as primeiras imagens de sua terceira gera\u00e7\u00e3o de carros, e promete que ser\u00e3o os carros de corrida mais eficientes e sustent\u00e1veis de sua hist\u00f3ria<\/p>\n","protected":false},"author":0,"featured_media":1000563076,"comment_status":"closed","ping_status":"closed","sticky":false,"template":"","format":"standard","meta":{"42wp_featured_image_caption":"","42wp_featured_image_credits":"","42wp_featured_video":"","42wp_featured_image_hidden":false,"42wp_authors_list":[],"footnotes":""},"categories":[19],"tags":[379,103,840,28327,31435,1601],"42wp_author":[47144],"class_list":["post-112744","post","type-post","status-publish","format-standard","has-post-thumbnail","hentry","category-formula-e","tag-fe","tag-fia","tag-formula-e","tag-formula-e-2022","tag-formula-e-2023","tag-gen3","42wp_author-andre-netto"],"_links":{"self":[{"href":"https:\/\/grandepremio.com\/br\/wp-json\/wp\/v2\/posts\/112744","targetHints":{"allow":["GET"]}}],"collection":[{"href":"https:\/\/grandepremio.com\/br\/wp-json\/wp\/v2\/posts"}],"about":[{"href":"https:\/\/grandepremio.com\/br\/wp-json\/wp\/v2\/types\/post"}],"replies":[{"embeddable":true,"href":"https:\/\/grandepremio.com\/br\/wp-json\/wp\/v2\/comments?post=112744"}],"version-history":[{"count":0,"href":"https:\/\/grandepremio.com\/br\/wp-json\/wp\/v2\/posts\/112744\/revisions"}],"wp:featuredmedia":[{"embeddable":true,"href":"https:\/\/grandepremio.com\/br\/wp-json\/wp\/v2\/media\/1000563076"}],"wp:attachment":[{"href":"https:\/\/grandepremio.com\/br\/wp-json\/wp\/v2\/media?parent=112744"}],"wp:term":[{"taxonomy":"category","embeddable":true,"href":"https:\/\/grandepremio.com\/br\/wp-json\/wp\/v2\/categories?post=112744"},{"taxonomy":"post_tag","embeddable":true,"href":"https:\/\/grandepremio.com\/br\/wp-json\/wp\/v2\/tags?post=112744"},{"taxonomy":"42wp_author","embeddable":true,"href":"https:\/\/grandepremio.com\/br\/wp-json\/wp\/v2\/42wp_author?post=112744"}],"curies":[{"name":"wp","href":"https:\/\/api.w.org\/{rel}","templated":true}]}}