{"id":112768,"date":"2022-04-27T14:50:00","date_gmt":"2022-04-27T17:50:00","guid":{"rendered":"https:\/\/grandepremio.com\/br\/noticias\/tt-gp-50-charles-leclerc-precisa-ser-max-verstappen-formula-1-2022-fia-trava-corridas-sprint\/"},"modified":"2022-04-27T14:55:16","modified_gmt":"2022-04-27T17:55:16","slug":"tt-gp-50-charles-leclerc-precisa-ser-max-verstappen-formula-1-2022-fia-trava-corridas-sprint","status":"publish","type":"post","link":"https:\/\/grandepremio.com\/br\/f1\/tt-gp-50-charles-leclerc-precisa-ser-max-verstappen-formula-1-2022-fia-trava-corridas-sprint\/","title":{"rendered":"TT GP #50 | Leclerc precisa ser mais Verstappen + FIA trava corridas sprint"},"content":{"rendered":"\n<figure class=\"wp-block-embed is-type-video is-provider-youtube wp-block-embed-youtube wp-embed-aspect-16-9 wp-has-aspect-ratio\"><div class=\"wp-block-embed__wrapper\">\n<iframe loading=\"lazy\" title=\"LECLERC PRECISA SER MAIS VERSTAPPEN NA F\u00d3RMULA 1 2022 + FIA TRAVA SPRINT | TT GP #50\" width=\"500\" height=\"281\" src=\"https:\/\/www.youtube.com\/embed\/p6lg0kJl_dQ?feature=oembed\" frameborder=\"0\" allow=\"accelerometer; autoplay; clipboard-write; encrypted-media; gyroscope; picture-in-picture; web-share\" referrerpolicy=\"strict-origin-when-cross-origin\" allowfullscreen><\/iframe>\n<\/div><\/figure>\n\n\n\n<p class=\"wp-block-paragraph\">Charles Leclerc teve tr\u00eas corridas de sonhos para abrir a temporada 2022. N\u00e3o apenas vencendo e fazendo muitos pontos, mas vendo os principais advers\u00e1rios tendo problemas. A\u00ed, ent\u00e3o, veio o <strong><a href=\"https:\/\/www.grandepremio.com\/br\/f1\/noticias\/max-verstappen-domina-vence-emilia-romanha-dobradinha-red-bull-charles-leclerc-erra-6\/\" class=\"ek-link\">GP da Em\u00edlia-Romanha<\/a><\/strong> e um grave erro que custou sete pontos. Mais que isso, mostrou a quest\u00e3o na qual precisa trabalhar durante o ano. Precisa ser mais Max Verstappen para conseguir bat\u00ea-lo? \u00c9 o assunto principal do TT GP.<\/p>\n\n\n\n<p class=\"wp-block-paragraph\">A afoba\u00e7\u00e3o sempre esteve presente como um contra dentre os v\u00e1rios predicados do pilotos monegasco. De vez em quando, me meio \u00e0 agressividade e velocidade assustadora no ritmo de volta lan\u00e7ada, aparece e atrapalha. E quando aparece, como em \u00cdmola, numa situa\u00e7\u00e3o de luta por t\u00edtulo em que cada ponto vale ouro, \u00e9 um erro que j\u00e1 nasce potencializado.<\/p>\n\n\n\n<p class=\"wp-block-paragraph\">Al\u00e9m disso, Leclerc jamais teve tempo de se preparar numa briga constante pelas primeiras posi\u00e7\u00f5es. Aprende com o carro em movimento e, assim, precisa ir crescendo e entendendo a situa\u00e7\u00e3o conforme o ano evolui.<\/p>\n\n\n\n<p class=\"wp-block-paragraph\">O TT GP ainda trata da trava dada pela FIA no projeto de seis corridas sprint na F\u00f3rmula 1 em 2023.<\/p>\n\n\n\n<p class=\"wp-block-paragraph\">Pedro Henrique Marum comenta o TT GP e conta com os coment\u00e1rios de Guilherme Bloisi e Jo\u00e3o Pedro Nascimento.<\/p>\n\n\n\n<p class=\"wp-block-paragraph\"><strong>\u25b6\ufe0f&nbsp;Inscreva-se nos dois canais do GRANDE PR\u00caMIO no YouTube:&nbsp;<a href=\"https:\/\/www.youtube.com\/channel\/UC9OlHEgxoaY6QY6nWPoiqQg?sub_confirmation=1\" target=\"_blank\" rel=\"noreferrer noopener\">GP<\/a>&nbsp;|&nbsp;<a href=\"https:\/\/www.youtube.com\/channel\/UC9csiS6q_C3C0FYhyr1rnFA?sub_confirmation=1\" target=\"_blank\" rel=\"noreferrer noopener\">GP2<\/a><\/strong><\/p>\n","protected":false},"excerpt":{"rendered":"<p>\u00cdmola mostra o que Charles Leclerc precisa aprender para ser campe\u00e3o mundial de F\u00f3rmula 1? O TT GP fala sobre isso <\/p>\n","protected":false},"author":0,"featured_media":1000562841,"comment_status":"closed","ping_status":"closed","sticky":false,"template":"","format":"standard","meta":{"42wp_featured_image_caption":"","42wp_featured_image_credits":"","42wp_featured_video":"","42wp_featured_image_hidden":false,"42wp_authors_list":[],"footnotes":""},"categories":[2],"tags":[209,1357,207,31064,25606,24836,28285,1541,5386,30267,203,570,204,1494,27402],"42wp_author":[47120],"class_list":["post-112768","post","type-post","status-publish","format-standard","has-post-thumbnail","hentry","category-f1","tag-charles-leclerc","tag-f1-2022","tag-ferrari","tag-formula-1-2022-3","tag-gp-da-emilia-romanha","tag-grande-premio-2","tag-grandepremio","tag-guilherme-bloisi","tag-imola","tag-joao-pedro-nascimento","tag-max-verstappen","tag-pedro-henrique-marum","tag-red-bull","tag-renato-ribeiro","tag-tt-gp","42wp_author-pedro-henrique-marum"],"_links":{"self":[{"href":"https:\/\/grandepremio.com\/br\/wp-json\/wp\/v2\/posts\/112768","targetHints":{"allow":["GET"]}}],"collection":[{"href":"https:\/\/grandepremio.com\/br\/wp-json\/wp\/v2\/posts"}],"about":[{"href":"https:\/\/grandepremio.com\/br\/wp-json\/wp\/v2\/types\/post"}],"replies":[{"embeddable":true,"href":"https:\/\/grandepremio.com\/br\/wp-json\/wp\/v2\/comments?post=112768"}],"version-history":[{"count":0,"href":"https:\/\/grandepremio.com\/br\/wp-json\/wp\/v2\/posts\/112768\/revisions"}],"wp:featuredmedia":[{"embeddable":true,"href":"https:\/\/grandepremio.com\/br\/wp-json\/wp\/v2\/media\/1000562841"}],"wp:attachment":[{"href":"https:\/\/grandepremio.com\/br\/wp-json\/wp\/v2\/media?parent=112768"}],"wp:term":[{"taxonomy":"category","embeddable":true,"href":"https:\/\/grandepremio.com\/br\/wp-json\/wp\/v2\/categories?post=112768"},{"taxonomy":"post_tag","embeddable":true,"href":"https:\/\/grandepremio.com\/br\/wp-json\/wp\/v2\/tags?post=112768"},{"taxonomy":"42wp_author","embeddable":true,"href":"https:\/\/grandepremio.com\/br\/wp-json\/wp\/v2\/42wp_author?post=112768"}],"curies":[{"name":"wp","href":"https:\/\/api.w.org\/{rel}","templated":true}]}}