{"id":112828,"date":"2022-04-24T17:45:52","date_gmt":"2022-04-24T20:45:52","guid":{"rendered":"https:\/\/grandepremio.com\/br\/noticias\/kalle-rovanpera-fecha-fim-semana-perfeito-vitoria-rali-croacia\/"},"modified":"2022-04-24T17:49:42","modified_gmt":"2022-04-24T20:49:42","slug":"kalle-rovanpera-fecha-fim-semana-perfeito-vitoria-rali-croacia","status":"publish","type":"post","link":"https:\/\/grandepremio.com\/br\/rally\/kalle-rovanpera-fecha-fim-semana-perfeito-vitoria-rali-croacia\/","title":{"rendered":"Rovanper\u00e4 fecha fim de semana perfeito com vit\u00f3ria no Rali da Cro\u00e1cia"},"content":{"rendered":"\n<p class=\"wp-block-paragraph\">Nem a chuva forte nos quil\u00f4metros finais foi capaz de tirar a vit\u00f3ria do finland\u00eas Kalle Rovanper\u00e4 no \u00faltimo dia de corrida do Rali da Cro\u00e1cia, disputado neste domingo (24), na cidade de Zagreb. <\/p>\n\n\n\n<p class=\"wp-block-paragraph\">O piloto da Toyota fechou os tr\u00eas dias de prova nas colinas croatas com o tempo de 2h48min21s5, apenas 4s3 \u00e0 frente do compatriota Ott T\u00e4nak, da Hyundai. <\/p>\n\n\n\n<p class=\"wp-block-paragraph\">Foi preciso apostar tudo e deixar a cautela de lado para que Rovanper\u00e4 conquistasse o triunfo, mesmo nas condi\u00e7\u00f5es clim\u00e1ticas adversas. O belga Thierry Neuville, tamb\u00e9m de Hyundai, fechou os tr\u00eas primeiros.<\/p>\n\n\n\n<figure class=\"wp-block-image size-large\"><img decoding=\"async\" src=\"https:\/\/www.grandepremio.com\/br\/wp-content\/uploads\/2022\/04\/240422_AT-Kalle-Rovanpera-Croatia-2022_01_16cfd_frz_1400x788-1024x576.jpg\" alt=\"\" class=\"wp-image-562255\"\/><figcaption>Kalle Rovanper\u00e4 celebra triunfo em Zagreb, v\u00e1lido pelo Mundial de Rali (Foto: WRC)<\/figcaption><\/figure>\n\n\n\n<p class=\"wp-block-paragraph\">\u201cTinha certeza de que n\u00e3o poder\u00edamos ser t\u00e3o r\u00e1pidos com esses pneus, mas \u00e9 incr\u00edvel. N\u00f3s for\u00e7amos muito e acho que merecemos este fim de semana. Com certeza, foi a vit\u00f3ria mais dif\u00edcil da minha carreira\u201d, disse Rovanper\u00e4, que liderou tanto <a href=\"https:\/\/www.grandepremio.com\/br\/rally\/noticias\/kalli-rovanpera-lama-primeiro-dia-rali-croacia-lideranca\/\" class=\"ek-link\">na sexta<\/a> como <a href=\"https:\/\/www.grandepremio.com\/br\/rally\/noticias\/kalli-rovanpera-contem-aproximacao-ott-tanak-fecha-segundo-dia-frente-rali-croacia\/\" class=\"ek-link\">no s\u00e1bado<\/a> em Zagreb.<\/p>\n\n\n\n<p class=\"wp-block-paragraph\"><strong>\u25b6\ufe0f&nbsp;Inscreva-se nos dois canais do GRANDE PR\u00caMIO no YouTube:&nbsp;<a href=\"https:\/\/www.youtube.com\/channel\/UC9OlHEgxoaY6QY6nWPoiqQg?sub_confirmation=1\" target=\"_blank\" rel=\"noreferrer noopener\">GP<\/a>&nbsp;|&nbsp;<a href=\"https:\/\/www.youtube.com\/channel\/UC9csiS6q_C3C0FYhyr1rnFA?sub_confirmation=1\" target=\"_blank\" rel=\"noreferrer noopener\">GP2<\/a><\/strong><\/p>\n\n\n\n<p class=\"wp-block-paragraph\">A classifica\u00e7\u00e3o do Mundial de Rali, ap\u00f3s tr\u00eas corridas, tem Kalle na lideran\u00e7a com 76 pontos, 29 \u00e0 frente de Neuville, segundo com 47. Craig Breen (30), Sebastian Loeb e T\u00e4nak, empatados (27).<\/p>\n\n\n\n<figure class=\"wp-block-video\"><video class=\"video-js vjs-big-play-centered\" data-gp-vjs=\"1\" controls src=\"https:\/\/www.grandepremio.com\/br\/wp-content\/uploads\/2022\/04\/rovanpera_rally_croatia_wrc2022.mp4\"><\/video><figcaption>Chegada de Kalle Rovanper\u00e4, vencedor da etapa de Zagreb pelo Mundial de Rali (V\u00eddeo: WRC)<\/figcaption><\/figure>\n\n\n\n<p class=\"wp-block-paragraph\">A pr\u00f3xima etapa do campeonato ser\u00e1 em Portugal, nos dias 19 e 22 de maio e ser\u00e1 disputada na cidade de Matosinhos.<\/p>\n","protected":false},"excerpt":{"rendered":"<p>Finland\u00eas da Toyota teve na chuva seu principal aliado para fechar fim de semana em Zagreb na frente do compatriota Ott T\u00e4nak e terminar ainda mais l\u00edder do Mundial de Rali<\/p>\n","protected":false},"author":0,"featured_media":1000562257,"comment_status":"closed","ping_status":"closed","sticky":false,"template":"","format":"standard","meta":{"42wp_featured_image_caption":"","42wp_featured_image_credits":"","42wp_featured_video":"","42wp_featured_image_hidden":false,"42wp_authors_list":[],"footnotes":""},"categories":[5],"tags":[28597,25327,27838,737],"42wp_author":[47128],"class_list":["post-112828","post","type-post","status-publish","format-standard","has-post-thumbnail","hentry","category-rally","tag-kalle-rovanpera-2","tag-ott-tanak-2","tag-rali-da-croacia","tag-thierry-neuville","42wp_author-guilherme-bloisi"],"_links":{"self":[{"href":"https:\/\/grandepremio.com\/br\/wp-json\/wp\/v2\/posts\/112828","targetHints":{"allow":["GET"]}}],"collection":[{"href":"https:\/\/grandepremio.com\/br\/wp-json\/wp\/v2\/posts"}],"about":[{"href":"https:\/\/grandepremio.com\/br\/wp-json\/wp\/v2\/types\/post"}],"replies":[{"embeddable":true,"href":"https:\/\/grandepremio.com\/br\/wp-json\/wp\/v2\/comments?post=112828"}],"version-history":[{"count":0,"href":"https:\/\/grandepremio.com\/br\/wp-json\/wp\/v2\/posts\/112828\/revisions"}],"wp:featuredmedia":[{"embeddable":true,"href":"https:\/\/grandepremio.com\/br\/wp-json\/wp\/v2\/media\/1000562257"}],"wp:attachment":[{"href":"https:\/\/grandepremio.com\/br\/wp-json\/wp\/v2\/media?parent=112828"}],"wp:term":[{"taxonomy":"category","embeddable":true,"href":"https:\/\/grandepremio.com\/br\/wp-json\/wp\/v2\/categories?post=112828"},{"taxonomy":"post_tag","embeddable":true,"href":"https:\/\/grandepremio.com\/br\/wp-json\/wp\/v2\/tags?post=112828"},{"taxonomy":"42wp_author","embeddable":true,"href":"https:\/\/grandepremio.com\/br\/wp-json\/wp\/v2\/42wp_author?post=112828"}],"curies":[{"name":"wp","href":"https:\/\/api.w.org\/{rel}","templated":true}]}}