{"id":112838,"date":"2022-04-24T14:49:03","date_gmt":"2022-04-24T17:49:03","guid":{"rendered":"https:\/\/grandepremio.com\/br\/noticias\/fabio-quartararo-cumpre-meta-perfeicao-da-primeiro-bom-passo-defesa-titulo\/"},"modified":"2022-04-24T14:49:47","modified_gmt":"2022-04-24T17:49:47","slug":"fabio-quartararo-cumpre-meta-perfeicao-da-primeiro-bom-passo-defesa-titulo","status":"publish","type":"post","link":"https:\/\/grandepremio.com\/br\/motogp\/fabio-quartararo-cumpre-meta-perfeicao-da-primeiro-bom-passo-defesa-titulo\/","title":{"rendered":"Quartararo cumpre meta da perfei\u00e7\u00e3o e d\u00e1 primeiro bom passo em defesa do t\u00edtulo"},"content":{"rendered":"\n<figure class=\"wp-block-embed is-type-video is-provider-youtube wp-block-embed-youtube wp-embed-aspect-16-9 wp-has-aspect-ratio\"><div class=\"wp-block-embed__wrapper\">\n<iframe loading=\"lazy\" title=\"EUROPA X JAP\u00c3O NA MOTOGP: CHEGOU A HORA DA REA\u00c7\u00c3O DAS GIGANTES YAMAHA, HONDA E SUZUKI?\" width=\"500\" height=\"281\" src=\"https:\/\/www.youtube.com\/embed\/ornnA4Huzfc?feature=oembed\" frameborder=\"0\" allow=\"accelerometer; autoplay; clipboard-write; encrypted-media; gyroscope; picture-in-picture; web-share\" referrerpolicy=\"strict-origin-when-cross-origin\" allowfullscreen><\/iframe>\n<\/div><figcaption>EUROPA X JAP\u00c3O NA MOTOGP: CHEGOU A HORA DA REA\u00c7\u00c3O DAS GIGANTES YAMAHA, HONDA E SUZUKI?<\/figcaption><\/figure>\n\n\n\n<p class=\"wp-block-paragraph\">Fabio Quartararo atingiu a meta com a vit\u00f3ria no GP de Portugal deste domingo (24). O <a href=\"https:\/\/www.grandepremio.com\/br\/motogp\/noticias\/fabio-quartararo-perfeicao-manter-chance-titulo-nao-podemos-cometer-erros\/\" class=\"ek-link\">piloto de Nice chegou em Portim\u00e3o afirmando que n\u00e3o poderia se dar ao luxo de cometer erros se quisesse seguir vivo na luta pelo t\u00edtulo de 2022 da MotoGP<\/a> e sai da quinta etapa da temporada no topo da classifica\u00e7\u00e3o do Mundial de Pilotos.<\/p>\n\n\n\n<p class=\"wp-block-paragraph\">Desde o in\u00edcio da pr\u00e9-temporada, Fabio nem se esfor\u00e7a para esconder a insatisfa\u00e7\u00e3o com o trabalho dos engenheiros de Iwata. O piloto de 23 anos rec\u00e9m-completos queria um motor mais potente, especialmente para poder enfrentar o aumento de motos Ducati no grid \u2015 de seis para oito em rela\u00e7\u00e3o ao ano passado \u2015, mas n\u00e3o ficou nem perto de ter o desejo atendido. Etapa sim, outra tamb\u00e9m, a YZR-M1 est\u00e1 sempre na lanterna do speed trap e \u00e9 v\u00edtima preferencial no confronto com as Desmosedici. Mas n\u00e3o s\u00f3 com elas, j\u00e1 que Honda, Aprilia e KTM tamb\u00e9m t\u00eam motores mais fortes.<\/p>\n\n\n\n<p class=\"wp-block-paragraph\"><strong>CLASSIFICA\u00c7\u00c3O MOTOGP<\/strong><br><strong>\u25b6\ufe0f<\/strong> <strong><a href=\"https:\/\/www.grandepremio.com\/br\/motogp\/noticias\/fabio-quartararo-lideranca-motogp-empate-alex-rins-confira-classificacao\/\" class=\"ek-link\">Quartararo toma lideran\u00e7a da MotoGP em empate com Rins<\/a><\/strong><\/p>\n\n\n\n<figure class=\"wp-block-image size-large\"><img decoding=\"async\" src=\"https:\/\/www.grandepremio.com\/br\/wp-content\/uploads\/2022\/04\/MEYM__GG12933-1024x683.jpg\" alt=\"\" class=\"wp-image-562143\"\/><figcaption>Fabio Quartararo foi perto de irretoc\u00e1vel e alcan\u00e7ou a meta no GP de Portugal de MotoGP (Foto: Yamaha)<\/figcaption><\/figure>\n\n\n\n<p class=\"wp-block-paragraph\"><strong>ASSISTA<\/strong><br><strong>#\u00a0<a href=\"https:\/\/www.grandepremio.com\/br\/video\/motogp\/jack-miller-ultrapassar-curva-1-cai-coleta-joan-mir-final-gp-portugal-motogp\/\">Miller tenta ultrapassar na curva 1, cai e coleta Mir no final do GP de\u00a0<\/a><a href=\"https:\/\/grandepremio.pt\/\" target=\"_blank\" rel=\"noreferrer noopener\">Portugal<\/a><\/strong><\/p>\n\n\n\n<p class=\"wp-block-paragraph\">At\u00e9 Suzuki, que tamb\u00e9m usa um propulsor de quatro cilindros em linha como a Yamaha, conseguiu dar um salto com a pot\u00eancia, mas sem perder as qualidades da moto em termos de ritmo de curva e dirigibilidade, o que serviu para aumentar a press\u00e3o no time dos tr\u00eas diapas\u00f5es.<\/p>\n\n\n\n<p class=\"wp-block-paragraph\">Com o passar das corridas, e os resultados poucos reluzentes que se seguiram, as queixas de Fabio s\u00f3 fizeram aumentar. \u2018El Diablo\u2019 e o empres\u00e1rio dele passaram, inclusive, a falar abertamente sobre a possibilidade de defender outra equipe em 2023, j\u00e1 que o atual contrato atual chega ao fim neste ano.<\/p>\n\n\n\n<p class=\"wp-block-paragraph\">A vit\u00f3ria nesta quinta etapa do campeonato de 2022 n\u00e3o resolve todos os problemas, longe disso, mas \u00e9 um primeiro passo em dire\u00e7\u00e3o a meta de Quartararo de defender o t\u00edtulo. Afinal, agora o franc\u00eas chegou ao topo da tabela de classifica\u00e7\u00e3o.<\/p>\n\n\n\n<p class=\"wp-block-paragraph\">Falando \u00e0 imprensa ap\u00f3s a corrida, Fabio contou que teve dificuldades em ver a equipe aplaudi-lo pelo s\u00e9timo lugar no GP das Am\u00e9ricas, j\u00e1 que n\u00e3o \u00e9 o tipo de resultado que ele espera conquistar.<\/p>\n\n\n\n<p class=\"wp-block-paragraph\">\u201cFaz um longo tempo desde que eu conquistei a vit\u00f3ria, acho que foi em agosto em Silverstone\u201d, disse Quartararo. \u201cMas tamb\u00e9m pelos momentos dif\u00edceis que tive neste ano. Foi um per\u00edodo curto, quatro corridas, mas quando voc\u00ea vence o campeonato, voc\u00ea sempre quer lutar outra vez pelo campeonato\u201d, seguiu.<\/p>\n\n\n\n<figure class=\"wp-block-image size-large\"><img decoding=\"async\" src=\"https:\/\/www.grandepremio.com\/br\/wp-content\/uploads\/2022\/04\/MEYM__GG23592-1024x683.jpg\" alt=\"\" class=\"wp-image-562148\"\/><figcaption>A meta de Lin Jarvis \u00e9 convencer Fabio Quartararo a ficar na Yamaha (Foto: Yamaha)<\/figcaption><\/figure>\n\n\n\n<p class=\"wp-block-paragraph\">\u201cPara mim, foi dif\u00edcil aceitar que fiquei feliz em terminar em s\u00e9timo em Austin, pois melhorei muito meu ritmo em rela\u00e7\u00e3o ao ano anterior [quando fui segundo, mas] n\u00e3o melhoramos muito a moto, sabemos o que est\u00e1 acontecendo\u201d, comentou. \u201cEnt\u00e3o, claro, \u00e9 dif\u00edcil para mim ver a equipe me aplaudindo pela s\u00e9tima coloca\u00e7\u00e3o. Na minha cabe\u00e7a, a s\u00e9tima coloca\u00e7\u00e3o n\u00e3o era boa, mas fiquei feliz\u201d, comentou.<\/p>\n\n\n\n<p class=\"wp-block-paragraph\">\u201cMas hoje, foi especial lutar pela vit\u00f3ria mais uma vez, uma coisa emocionante, pois sempre disse que lutaria da mesma forma para ser primeiro, quinto ou d\u00e9cimo\u201d, comentou. \u201cE, claro, hoje foi muito mais divertido, e foi por isso que fiquei t\u00e3o emocionado\u201d, desabafou.<\/p>\n\n\n\n<p class=\"wp-block-paragraph\">Critico constante da falta de evolu\u00e7\u00e3o da Yamaha no quesito pot\u00eancia, Fabio avaliou que n\u00e3o foi t\u00e3o prejudicado pela defici\u00eancia da YZR-M1 em Portim\u00e3o gra\u00e7as \u00e0 excelente performance da moto na \u00faltima curva da pista portuguesa.<\/p>\n\n\n\n<p class=\"wp-block-paragraph\">\u201cBasicamente, nunca disse que a moto n\u00e3o estava funcionando\u201d, lembrou. \u201cA moto est\u00e1 funcionando de uma maneira que, quando n\u00e3o funciona, voc\u00ea n\u00e3o luta por este tipo de posi\u00e7\u00e3o. \u00c9 verdade que falta muita velocidade m\u00e1xima na moto, mas, neste tipo de pista, n\u00e3o estava me sentindo mal em rela\u00e7\u00e3o a velocidade m\u00e1xima, pois eu estava saindo super r\u00e1pido da \u00faltima curva e na sa\u00edda da colina eu estava tentando n\u00e3o empinar muito e era muito forte l\u00e1\u201d, indicou.<\/p>\n\n\n\n<p class=\"wp-block-paragraph\">\u201cAcho que o ponto chave para mim foi o \u00faltimo setor e, para mim, foi consequ\u00eancia desta pista, onde me senti muito melhor. Mas n\u00e3o mudou nada realmente\u201d, avaliou.<\/p>\n\n\n\n<p class=\"wp-block-paragraph\">Questionado se o resultado deste domingo muda alguma coisa em rela\u00e7\u00e3o ao futuro na MotoGP, j\u00e1 que o contrato com a Yamaha vence no fim de 2022, Fabio respondeu de forma sucinta: \u201cN\u00e3o\u201d.<\/p>\n\n\n\n<p class=\"wp-block-paragraph\">Uma vit\u00f3ria n\u00e3o resolve os problemas, mas \u00e9 um lembrete a Fabio de que a Yamaha \u00e9 capaz de vencer. Talvez seja o lembrete de que os japoneses precisam para convenc\u00ea-lo a ficar. O que n\u00e3o tira dele o direito e a raz\u00e3o de pedir por melhora na M1.<\/p>\n\n\n\n<p class=\"wp-block-paragraph\">A&nbsp;<a href=\"https:\/\/grandepremio.com\/motovelocidade\/\" target=\"_blank\" rel=\"noreferrer noopener\"><\/a><a href=\"https:\/\/grandepremio.com\/motovelocidade\/\" target=\"_blank\" rel=\"noreferrer noopener\">MotoGP<\/a>&nbsp;volta \u00e0s pistas na semana que vem para o GP da&nbsp;<a href=\"https:\/\/es.grandepremio.com\/\" target=\"_blank\" rel=\"noreferrer noopener\">Espanha<\/a>, em&nbsp;<a href=\"https:\/\/www.grandepremio.com\/br\/etapa\/motogp\/gp-espanha-motogp-2022\/\" target=\"_blank\" rel=\"noreferrer noopener\">Jerez de la Frontera<\/a>. O&nbsp;<strong>GRANDE PR\u00caMIO<\/strong>&nbsp;<a href=\"https:\/\/www.grandepremio.com\/br\/motogp\/ultimas-noticias\/\">acompanha todas as atividades<\/a>&nbsp;da sexta etapa do Mundial de&nbsp;<a href=\"https:\/\/www.grandepremio.com\/motovelocidade\/\" target=\"_blank\" rel=\"noreferrer noopener\"><\/a><a href=\"https:\/\/www.grandepremio.com\/motovelocidade\/\" target=\"_blank\" rel=\"noreferrer noopener\"><\/a><a href=\"https:\/\/www.grandepremio.com\/motovelocidade\/\" target=\"_blank\" rel=\"noreferrer noopener\"><\/a><a href=\"https:\/\/www.grandepremio.com\/motovelocidade\/\" target=\"_blank\" rel=\"noreferrer noopener\"><\/a><a href=\"https:\/\/www.grandepremio.com\/motovelocidade\/\" target=\"_blank\" rel=\"noreferrer noopener\"><\/a><a href=\"https:\/\/www.grandepremio.com\/motovelocidade\/\" target=\"_blank\" rel=\"noreferrer noopener\"><\/a><a href=\"https:\/\/www.grandepremio.com\/motovelocidade\/\" target=\"_blank\" rel=\"noreferrer noopener\"><\/a><a href=\"https:\/\/www.grandepremio.com\/motovelocidade\/\" target=\"_blank\" rel=\"noreferrer noopener\"><\/a><a href=\"https:\/\/www.grandepremio.com\/motovelocidade\/\" target=\"_blank\" rel=\"noreferrer noopener\"><\/a><a href=\"https:\/\/www.grandepremio.com\/motovelocidade\/\" target=\"_blank\" rel=\"noreferrer noopener\"><\/a><a href=\"https:\/\/www.grandepremio.com\/motovelocidade\/\" target=\"_blank\" rel=\"noreferrer noopener\"><\/a><a href=\"https:\/\/www.grandepremio.com\/motovelocidade\/\" target=\"_blank\" rel=\"noreferrer noopener\"><\/a><a href=\"https:\/\/www.grandepremio.com\/motovelocidade\/\" target=\"_blank\" rel=\"noreferrer noopener\"><\/a><a href=\"https:\/\/www.grandepremio.com\/motovelocidade\/\" target=\"_blank\" rel=\"noreferrer noopener\"><\/a><a href=\"https:\/\/www.grandepremio.com\/motovelocidade\/\" target=\"_blank\" rel=\"noreferrer noopener\"><\/a><a href=\"https:\/\/www.grandepremio.com\/motovelocidade\/\" target=\"_blank\" rel=\"noreferrer noopener\"><\/a><a href=\"https:\/\/www.grandepremio.com\/motovelocidade\/\" target=\"_blank\" rel=\"noreferrer noopener\"><\/a><a href=\"https:\/\/www.grandepremio.com\/motovelocidade\/\" target=\"_blank\" rel=\"noreferrer noopener\"><\/a><a href=\"https:\/\/www.grandepremio.com\/motovelocidade\/\" target=\"_blank\" rel=\"noreferrer noopener\">Motovelocidade<\/a>&nbsp;2022.<\/p>\n\n\n\n<p class=\"wp-block-paragraph\"><strong>\u25b6\ufe0f\u00a0Inscreva-se nos dois canais do GRANDE PR\u00caMIO no YouTube:\u00a0<a href=\"https:\/\/www.youtube.com\/channel\/UC9OlHEgxoaY6QY6nWPoiqQg?sub_confirmation=1\" target=\"_blank\" rel=\"noreferrer noopener\">GP<\/a>\u00a0|\u00a0<a href=\"https:\/\/www.youtube.com\/channel\/UC9csiS6q_C3C0FYhyr1rnFA?sub_confirmation=1\" target=\"_blank\" rel=\"noreferrer noopener\">GP2<\/a><\/strong><\/p>\n\n\n\n<p class=\"wp-block-paragraph\"><strong>ASSISTA<br>#\u00a0<a href=\"https:\/\/www.grandepremio.com\/br\/video\/motogp\/acidente-multiplo-causa-bandeira-vermelha-interrompe-corrida-moto2-portimao\/\">Acidente m\u00faltiplo causa bandeira vermelha na Moto2 em\u00a0<\/a><a href=\"https:\/\/www.grandepremio.com\/br\/etapa\/motogp\/gp-portugal-motogp-2022\/\" target=\"_blank\" rel=\"noreferrer noopener\">Portim\u00e3o<\/a><\/strong><br><strong>#\u00a0<strong><a href=\"https:\/\/www.grandepremio.com\/br\/video\/motogp\/sergio-garcia-empolga-cai-faz-strike-mecanicos-parque-fechado-portugal\/\">Garc\u00eda se \u2018empolga\u2019 e faz strike em mec\u00e2nicos ap\u00f3s GP de\u00a0<\/a><a href=\"https:\/\/grandepremio.pt\/\" target=\"_blank\" rel=\"noreferrer noopener\"><\/a><a href=\"https:\/\/grandepremio.pt\/\" target=\"_blank\" rel=\"noreferrer noopener\">Portugal<\/a><a href=\"https:\/\/www.grandepremio.com\/br\/video\/motogp\/sergio-garcia-empolga-cai-faz-strike-mecanicos-parque-fechado-portugal\/\">\u00a0de Moto3<\/a><\/strong><\/strong><\/p>\n\n\n\n<figure class=\"wp-block-embed is-type-video is-provider-youtube wp-block-embed-youtube wp-embed-aspect-16-9 wp-has-aspect-ratio\"><div class=\"wp-block-embed__wrapper\">\n<iframe loading=\"lazy\" title=\"DIOGO MOREIRA CHEGA BEM PREPARADO NA MOTO3 E SE DESTACA LOGO DE CARA\" width=\"500\" height=\"281\" src=\"https:\/\/www.youtube.com\/embed\/UxajZAOQonE?feature=oembed\" frameborder=\"0\" allow=\"accelerometer; autoplay; clipboard-write; encrypted-media; gyroscope; picture-in-picture; web-share\" referrerpolicy=\"strict-origin-when-cross-origin\" allowfullscreen><\/iframe>\n<\/div><figcaption>DIOGO MOREIRA CHEGA BEM PREPARADO NA MOTO3 E SE DESTACA LOGO DE CARA<\/figcaption><\/figure>\n","protected":false},"excerpt":{"rendered":"<p>Franc\u00eas foi para Portim\u00e3o mirando na perfei\u00e7\u00e3o para manter vivo o sonho do campeonato de 2022. No GP de Portugal, \u2018El Diablo\u2019 esteve perto de impec\u00e1vel no domingo (24) para vencer, tomar a lideran\u00e7a do Mundial de Pilotos e come\u00e7ar de algum lugar a defesa do t\u00edtulo da MotoGP<\/p>\n","protected":false},"author":0,"featured_media":1000562147,"comment_status":"closed","ping_status":"closed","sticky":false,"template":"","format":"standard","meta":{"42wp_featured_image_caption":"","42wp_featured_image_credits":"","42wp_featured_video":"","42wp_featured_image_hidden":false,"42wp_authors_list":[],"footnotes":""},"categories":[8],"tags":[31318,79,78,2997,30733,30728,30734,25819,28345,28766,26690,25065,1107],"42wp_author":[47113],"class_list":["post-112838","post","type-post","status-publish","format-standard","has-post-thumbnail","hentry","category-motogp","tag-fabio-quartararo-2","tag-moto-gp","tag-motogp","tag-motogp-2022","tag-motogp-2022-calendario","tag-motogp-calendario-2022","tag-motogp-classificacao-2022","tag-motogp-hoje","tag-motogp-horarios","tag-motogp-standings","tag-pilotos-motogp","tag-portimao-2","tag-portugal","42wp_author-juliana-tesser"],"_links":{"self":[{"href":"https:\/\/grandepremio.com\/br\/wp-json\/wp\/v2\/posts\/112838","targetHints":{"allow":["GET"]}}],"collection":[{"href":"https:\/\/grandepremio.com\/br\/wp-json\/wp\/v2\/posts"}],"about":[{"href":"https:\/\/grandepremio.com\/br\/wp-json\/wp\/v2\/types\/post"}],"replies":[{"embeddable":true,"href":"https:\/\/grandepremio.com\/br\/wp-json\/wp\/v2\/comments?post=112838"}],"version-history":[{"count":0,"href":"https:\/\/grandepremio.com\/br\/wp-json\/wp\/v2\/posts\/112838\/revisions"}],"wp:featuredmedia":[{"embeddable":true,"href":"https:\/\/grandepremio.com\/br\/wp-json\/wp\/v2\/media\/1000562147"}],"wp:attachment":[{"href":"https:\/\/grandepremio.com\/br\/wp-json\/wp\/v2\/media?parent=112838"}],"wp:term":[{"taxonomy":"category","embeddable":true,"href":"https:\/\/grandepremio.com\/br\/wp-json\/wp\/v2\/categories?post=112838"},{"taxonomy":"post_tag","embeddable":true,"href":"https:\/\/grandepremio.com\/br\/wp-json\/wp\/v2\/tags?post=112838"},{"taxonomy":"42wp_author","embeddable":true,"href":"https:\/\/grandepremio.com\/br\/wp-json\/wp\/v2\/42wp_author?post=112838"}],"curies":[{"name":"wp","href":"https:\/\/api.w.org\/{rel}","templated":true}]}}