{"id":112845,"date":"2022-04-24T13:20:44","date_gmt":"2022-04-24T16:20:44","guid":{"rendered":"https:\/\/grandepremio.com\/br\/noticias\/charles-leclerc-lamenta-erro-ganancioso-prejuizo-imola-nao-pode-acontecer-novamente\/"},"modified":"2022-04-24T13:22:05","modified_gmt":"2022-04-24T16:22:05","slug":"charles-leclerc-lamenta-erro-ganancioso-prejuizo-imola-nao-pode-acontecer-novamente","status":"publish","type":"post","link":"https:\/\/grandepremio.com\/br\/f1\/charles-leclerc-lamenta-erro-ganancioso-prejuizo-imola-nao-pode-acontecer-novamente\/","title":{"rendered":"Leclerc lamenta &#8220;erro ganancioso&#8221; e preju\u00edzo em \u00cdmola: &#8220;N\u00e3o pode acontecer novamente&#8221;"},"content":{"rendered":"\n<figure class=\"wp-block-video\"><video class=\"video-js vjs-big-play-centered\" data-gp-vjs=\"1\" controls src=\"https:\/\/www.grandepremio.com\/br\/wp-content\/uploads\/2022\/04\/2022-04-24-Leclerc-Imola.mp4\"><\/video><figcaption>Leclerc rodou sozinho e perdeu p\u00f3dio em \u00cdmola (V\u00eddeo: TSN\/F1)<\/figcaption><\/figure>\n\n\n\n<p class=\"wp-block-paragraph\">Charles Leclerc passou praticamente todo o GP da Em\u00edlia-Romanha de F\u00f3rmula 1 atr\u00e1s e na ca\u00e7a da dupla da Red Bull. No fim da corrida deste domingo (24), quando a Ferrari cal\u00e7ou pneus macios em seu carro, o monegasco enfim pareceu pr\u00f3ximo de ultrapassar Sergio P\u00e9rez pelo segundo lugar. No entanto, um raro erro o fez rodar e ir para o muro.<\/p>\n\n\n\n<p class=\"wp-block-paragraph\">Leclerc caiu para nono ap\u00f3s nova parada nos boxes e, ainda, conseguiu se recuperar para chegar em sexto. Mesmo assim, o preju\u00edzo foi grande &#8211; e n\u00e3o passou despercebido pelo monegasco ap\u00f3s a etapa em \u00cdmola.<\/p>\n\n\n\n<p class=\"wp-block-paragraph\">&#8220;O erro n\u00e3o deveria ter acontecido hoje. O terceiro lugar era o melhor que eu podia fazer, n\u00e3o t\u00ednhamos ritmo para muito mais. Fui muito ganancioso, paguei o pre\u00e7o por isso e perdi sete importantes pontos, comparado ao terceiro lugar que estava antes. \u00c9 uma pena&#8221;, lamentou o piloto da Ferrari. &#8220;S\u00e3o sete pontos que s\u00e3o valiosos no final do campeonato, com certeza. E isso n\u00e3o pode acontecer novamente&#8221;, completou.<\/p>\n\n\n\n<figure class=\"wp-block-image size-large\"><img decoding=\"async\" src=\"https:\/\/www.grandepremio.com\/br\/wp-content\/uploads\/2022\/04\/220059-emilia-romagna-gp-2022-race-1024x683.jpg\" alt=\"\" class=\"wp-image-562076\"\/><figcaption>Charles Leclerc chegou em sexto lugar no GP da Em\u00edlia-Romanha (Foto: Ferrari)<\/figcaption><\/figure>\n\n\n\n<p class=\"wp-block-paragraph\"><a href=\"https:\/\/www.grandepremio.com\/br\/f1\/noticias\/max-verstappen-domina-vence-emilia-romanha-dobradinha-red-bull-charles-leclerc-erra-6\/\" class=\"ek-link\">Com o fim de semana perfeito<\/a> de Max Verstappen na It\u00e1lia e o erro do ferrarista, o holand\u00eas da Red Bull <a href=\"https:\/\/www.grandepremio.com\/br\/f1\/noticias\/max-verstappen-perfeito-imola-diminui-vantagem-charles-leclerc-confira-classificacao\/\" class=\"ek-link\">diminuiu consideravelmente a dist\u00e2ncia para Leclerc no Mundial de Pilotos<\/a>. Agora, o l\u00edder da tabela soma 86 pontos, contra 59 do segundo colocado e atual campe\u00e3o da F\u00f3rmula 1.<\/p>\n\n\n\n<p class=\"wp-block-paragraph\">Questionado sobre o aumento de performance dos taurinos no GP da Em\u00edlia-Romanha, Leclerc destacou a proximidade de desempenho entre os austr\u00edacos e a Ferrari e destacou: erros como o deste domingo n\u00e3o podem se repetir em um cen\u00e1rio como este. <\/p>\n\n\n\n<p class=\"wp-block-paragraph\"><strong>\u25b6\ufe0f\u00a0Inscreva-se nos dois canais do GRANDE PR\u00caMIO no YouTube:\u00a0<a href=\"https:\/\/www.youtube.com\/channel\/UC9OlHEgxoaY6QY6nWPoiqQg?sub_confirmation=1\" target=\"_blank\" rel=\"noreferrer noopener\">GP<\/a>\u00a0|\u00a0<a href=\"https:\/\/www.youtube.com\/channel\/UC9csiS6q_C3C0FYhyr1rnFA?sub_confirmation=1\" target=\"_blank\" rel=\"noreferrer noopener\">GP2<\/a><\/strong><br><strong><a href=\"https:\/\/www.grandepremio.com\/br\/programacao-tv\/noticias\/as-corridas-do-fim-de-semana-na-tv-e-no-streaming-22-a-24-de-abril\/\">As corridas do fim de semana na TV e\u00a0<\/a><a href=\"https:\/\/formula1aovivo.com\/\" target=\"_blank\" rel=\"noreferrer noopener\"><\/a><a href=\"https:\/\/formula1aovivo.com\/\" target=\"_blank\" rel=\"noreferrer noopener\">no streaming<\/a>: 22 a 24 de abril<\/strong><\/p>\n\n\n\n<p class=\"wp-block-paragraph\">&#8220;T\u00ednhamos a vantagem no Bahrein e na Austr\u00e1lia, e eles tiveram a vantagem neste fim de semana e em Jed\u00e1. Ent\u00e3o, sim, estamos muito pr\u00f3ximos e acho que ser\u00e1 assim pelo resto da temporada&#8221;, afirmou o sexto colocado em \u00cdmola. &#8220;\u00c9 por isso que cada pequeno erro\u2026 quer dizer, \u00e9 um grande erro, mas na verdade a consequ\u00eancia, considerando o erro, poderia ter sido muito maior. S\u00e3o apenas sete pontos hoje, mas pode nos custar mais da pr\u00f3xima vez, ent\u00e3o eu preciso tomar cuidado com isso&#8221;, analisou.<\/p>\n\n\n\n<p class=\"wp-block-paragraph\">&#8220;S\u00f3 o tempo dir\u00e1 o quanto a Red Bull melhorou. Mas, com certeza, eles parecem ser mais competitivos do que as tr\u00eas primeiras corridas&#8221;, finalizou Leclerc.<\/p>\n\n\n\n<figure class=\"wp-block-embed is-type-video is-provider-youtube wp-block-embed-youtube wp-embed-aspect-16-9 wp-has-aspect-ratio\"><div class=\"wp-block-embed__wrapper\">\n<iframe loading=\"lazy\" title=\"F\u00d3RMULA 1 2022: VERSTAPPEN VENCE GP DA EM\u00cdLIA-ROMANHA DE F1 | Briefing\" width=\"500\" height=\"281\" src=\"https:\/\/www.youtube.com\/embed\/_84OJbqvtv4?feature=oembed\" frameborder=\"0\" allow=\"accelerometer; autoplay; clipboard-write; encrypted-media; gyroscope; picture-in-picture; web-share\" referrerpolicy=\"strict-origin-when-cross-origin\" allowfullscreen><\/iframe>\n<\/div><figcaption>F\u00d3RMULA 1 2022 AO VIVO: GP DA EM\u00cdLIA-ROMANHA DE F1 | Briefing<\/figcaption><\/figure>\n","protected":false},"excerpt":{"rendered":"<p>Piloto da Ferrari rodou no fim e jogou fora p\u00f3dio certo. Ap\u00f3s o GP da Em\u00edlia-Romanha, monegasco lamentou perda de &#8220;sete importantes pontos&#8221;<\/p>\n","protected":false},"author":0,"featured_media":1000562082,"comment_status":"closed","ping_status":"closed","sticky":false,"template":"","format":"standard","meta":{"42wp_featured_image_caption":"","42wp_featured_image_credits":"","42wp_featured_video":"","42wp_featured_image_hidden":false,"42wp_authors_list":[],"footnotes":""},"categories":[2],"tags":[209,147,1357,207,24837,25606,31362,24836,5386,2780],"42wp_author":[47143],"class_list":["post-112845","post","type-post","status-publish","format-standard","has-post-thumbnail","hentry","category-f1","tag-charles-leclerc","tag-f1","tag-f1-2022","tag-ferrari","tag-formula-1-2","tag-gp-da-emilia-romanha","tag-gp-da-emilia-romanha-2022","tag-grande-premio-2","tag-imola","tag-leclerc","42wp_author-felipe-leite"],"_links":{"self":[{"href":"https:\/\/grandepremio.com\/br\/wp-json\/wp\/v2\/posts\/112845","targetHints":{"allow":["GET"]}}],"collection":[{"href":"https:\/\/grandepremio.com\/br\/wp-json\/wp\/v2\/posts"}],"about":[{"href":"https:\/\/grandepremio.com\/br\/wp-json\/wp\/v2\/types\/post"}],"replies":[{"embeddable":true,"href":"https:\/\/grandepremio.com\/br\/wp-json\/wp\/v2\/comments?post=112845"}],"version-history":[{"count":0,"href":"https:\/\/grandepremio.com\/br\/wp-json\/wp\/v2\/posts\/112845\/revisions"}],"wp:featuredmedia":[{"embeddable":true,"href":"https:\/\/grandepremio.com\/br\/wp-json\/wp\/v2\/media\/1000562082"}],"wp:attachment":[{"href":"https:\/\/grandepremio.com\/br\/wp-json\/wp\/v2\/media?parent=112845"}],"wp:term":[{"taxonomy":"category","embeddable":true,"href":"https:\/\/grandepremio.com\/br\/wp-json\/wp\/v2\/categories?post=112845"},{"taxonomy":"post_tag","embeddable":true,"href":"https:\/\/grandepremio.com\/br\/wp-json\/wp\/v2\/tags?post=112845"},{"taxonomy":"42wp_author","embeddable":true,"href":"https:\/\/grandepremio.com\/br\/wp-json\/wp\/v2\/42wp_author?post=112845"}],"curies":[{"name":"wp","href":"https:\/\/api.w.org\/{rel}","templated":true}]}}